{"id":911,"date":"2015-04-07T02:57:22","date_gmt":"2015-04-07T02:57:22","guid":{"rendered":"http:\/\/republicapazeamor.com.br\/site\/?p=911"},"modified":"2015-04-07T02:58:16","modified_gmt":"2015-04-07T02:58:16","slug":"esparadrapos-e-panos-quentes","status":"publish","type":"post","link":"http:\/\/republicapazeamor.com.br\/site\/esparadrapos-e-panos-quentes\/","title":{"rendered":"Esparadrapos e panos quentes."},"content":{"rendered":"<p style=\"text-align: justify; margin-bottom:24px;\">Em 17 de setembro de 2014, Emerson Sheik estava no Botafogo e foi expulso na partida contra o Bahia, pelo Campeonato Brasileiro. Ao sair de campo, Emerson partiu em busca da c\u00e2mera para declarar em alto e bom som que a CBF era uma vergonha. Na mesma noite, ao final de um outro jogo que a Globo acabara de transmitir para S\u00e3o Paulo, Cl\u00e9ber Machado perguntou a Caio Ribeiro o que ele tinha achado do epis\u00f3dio. Coxinha at\u00e9 n\u00e3o mais poder e lan\u00e7ando m\u00e3o do obtuso argumento de que \u201c\u00e9 preciso ter respeito \u00e0 hierarquia, por mais que voc\u00ea n\u00e3o concorde\u201d, Caio condenou Sheik.<\/p>\n<p style=\"text-align: justify; margin-bottom:24px;\">Naquela \u00e9poca eu escrevia o blog <em>Quest\u00f5es do Futebol<\/em>, no site da revista Piau\u00ed, e fiz um post criticando a postura de Caio e a quase sempre pouco questionadora posi\u00e7\u00e3o da Globo nas transmiss\u00f5es esportivas \u2013 inversamente proporcional \u00e0 compet\u00eancia que a emissora demonstra na hora de produzir mat\u00e9rias como a do gol de falta do Pet, que foi ao ar no <em>Esporte Espetacular<\/em> do \u00faltimo domingo.<\/p>\n<p style=\"text-align: justify; margin-bottom:24px;\">Para quem considera bom-mocismo uma virtude, Emerson Sheik e Vanderlei Luxemburgo n\u00e3o s\u00e3o flores que se cheirem. Pouco importa. Eles, e todo mundo, t\u00eam total direito de dizer o que pensam, sobre o assunto que for e na hora em que quiserem. Ali\u00e1s, \u00e9 impressionante como fazem falta ao nosso futebol a sinceridade marrenta de Rom\u00e1rio, o temperamento incontrol\u00e1vel de Edmundo, a consci\u00eancia de S\u00f3crates, raridades a quebrar o c\u00ednico comportamento cordato que assola o futibinha verde-amarelo.<\/p>\n<p style=\"text-align: justify; margin-bottom:24px;\">Fui passar os feriados da P\u00e1scoa no interior de S\u00e3o Paulo. Entre uma e outra das extensas rodadas de cerveja com meu cunhado, dediquei o tempo livre ao segundo volume da biografia <em>Get\u00falio<\/em>, estupendamente apurada por Lira Neto e leitura obrigat\u00f3ria para quem pretende entender como sempre se deram as rela\u00e7\u00f5es pol\u00edticas no Brasil e as interesseiras liga\u00e7\u00f5es entre imprensa e poder. O segundo volume de <em>Get\u00falio <\/em>aborda o per\u00edodo que vai de 1930 a 1945. Logo ap\u00f3s a fr\u00e1gil tentativa de levante comunista, no final de 1935, entra em cena o Estado Novo, com uma enxurrada de pris\u00f5es coordenadas pelo chefe de pol\u00edcia pol\u00edtica do ent\u00e3o Distrito Federal, Filinto Muller. Graciliano Ramos, Nise da Silveira, Jorge Amado, muita gente boa foi em cana. A censura comia solta e quem n\u00e3o estivesse disposto a fazer jornalismo chapa-branca simplesmente n\u00e3o fazia jornalismo algum. N\u00e3o h\u00e1 como comparar os tempos, e felizmente jamais voltaremos \u00e0quelas \u00e9pocas, mas as estruturas de poder do futebol brasileiro parecem viver na primeira metade do s\u00e9culo passado. Pior: com ecos em alguns setores da imprensa.<\/p>\n<p style=\"text-align: justify; margin-bottom:24px;\">Ontem tivemos, no programa <em>Troca de Passes<\/em>, do canal SporTV, uma situa\u00e7\u00e3o t\u00e3o surpreendente quanto bizarra. Antes disso, por\u00e9m, mais uma digress\u00e3ozinha b\u00e1sica.<\/p>\n<p style=\"text-align: justify; margin-bottom:24px;\">No final do ano passado, estava com a minha mulher na \u00e1rea de embarque do Santos Dumont, voltando para S\u00e3o Paulo depois de um fim de semana carioca. Tom\u00e1vamos um caf\u00e9, quando ela percebeu meus olhos fixos em algo. Expliquei: n\u00e3o se vire pra n\u00e3o dar bandeira, mas acaba de entrar na sala o cara que fez o gol mais bonito da hist\u00f3ria da sele\u00e7\u00e3o brasileira, o cara que levantou a ta\u00e7a da sele\u00e7\u00e3o tricampe\u00e3 do mundo, a melhor que eu j\u00e1 vi jogar. Apoiado numa bengala, certamente consequ\u00eancia do sofrimento nos joelhos que costuma acompanhar os atletas de elite, vinha Carlos Alberto Torres. Depois que ele se sentou, sozinho, a uma das mesas, minha mulher ainda tentou me encorajar: vai l\u00e1, se apresenta, diz que voc\u00ea escreve o blog de futebol da Piau\u00ed, a\u00ed eu tiro uma foto de voc\u00eas dois. A timidez me impediu e, mesmo, n\u00e3o achei justo invadir a intimidade e interferir na tranquilidade do capit\u00e3o do tri. Deixei pra l\u00e1, embora tenha embarcado com indisfar\u00e7\u00e1vel arrependimento.<\/p>\n<p style=\"text-align: justify; margin-bottom:24px;\">Uma cousa \u2013 como escreviam os ministros de Get\u00falio em seus bilhetes dirigidos ao chefe \u2013 foi o Carlos Alberto da extraordin\u00e1ria sele\u00e7\u00e3o de setenta, primorosa mistura de talento individual com atua\u00e7\u00e3o coletiva. Outra cousa, bem diferente e assustadora, foi o que ouvi Carlos Alberto dizer, domingo, na mesa do <em>Troca de Passes<\/em>, ancorada por Andr\u00e9 Rizek e coadjuvada pelo jornalista Raphael Rezende e o ex-jogador Ricardo Rocha.<\/p>\n<p style=\"text-align: justify; margin-bottom:24px;\">Regredindo oitenta anos no tempo, trazendo de volta a lembran\u00e7a do Estado Novo sobre o qual eu acabara de ler no fim de semana pascoal, Carlos Alberto se exaltava, batia na mesa e, aos gritos, sustentava que treinador e jogadores de futebol n\u00e3o t\u00eam nada que protestar com esparadrapo na boca, que aquilo \u00e9 uma palha\u00e7ada, que eles devem se preocupar, exclusivamente, em treinar para melhorar o padr\u00e3o t\u00e9cnico do atual futebol brasileiro.<\/p>\n<p style=\"text-align: justify; margin-bottom:24px;\">O que Carlos Alberto aparentemente n\u00e3o entende \u00e9 que o motivo dos protestos de treinadores, jogadores e dos presidentes Eduardo Bandeira de Mello e Peter Siemsen \u00e9, justamente, o que vem criando obst\u00e1culos quase intranspon\u00edveis para que se consiga melhorar o futebol dentro do campo. Elementar. Como agravante, n\u00e3o houve na mesa quem rebatesse Carlos Alberto. Andr\u00e9 Rizek sorriu amarelo e p\u00f4s panos quentes, disse que concordava com boa parte das reclama\u00e7\u00f5es tricolores e rubro-negras, mas n\u00e3o foi firme, deixando a impress\u00e3o de n\u00e3o querer discordar.<\/p>\n<p style=\"text-align: justify; margin-bottom:24px;\">Por fim, o mais estranho da hist\u00f3ria: a discuss\u00e3o sobre o Campeonato Carioca ocupou todo o primeiro bloco do programa, falou-se de Fla-Flu, expuls\u00e3o de Fred, Friburguense x Vasco, Bandeira de Mello, Siemsen, Luxemburgo, Federa\u00e7\u00e3o de Futebol do Estado do Rio de Janeiro, mas em momento algum foi citado o nome de Eurico Miranda, nefasta figura que sabidamente est\u00e1 por tr\u00e1s de absolutamente tudo o que vem acontecendo de mais atrasado e lament\u00e1vel nos meandros pol\u00edticos do futebol carioca. Estranho esquecimento.<\/p>\n<p style=\"text-align: justify; margin-bottom:24px;\">De qualquer modo, para n\u00e3o abandonarmos a leveza e o sempre aconselh\u00e1vel bom humor, resta lembrar a declara\u00e7\u00e3o de Fred na zona mista, j\u00e1 com a cabe\u00e7a fria e de banho tomado. N\u00e3o sem certa ironia, Fred levantou suspeitas sobre os tr\u00eas p\u00eanaltis que \u201chouveram\u201d a favor do Vasco no jogo em Friburgo. Independentemente de os cart\u00f5es terem sido ou n\u00e3o rigorosos e de a expuls\u00e3o ter sido ou n\u00e3o justa, o maior ataque que o galante artilheiro perpetrou no domingo foi contra a l\u00edngua portuguesa.<\/p>\n<div class='button-row'>\n\t<a href='http:\/\/republicapazeamor.com.br\/site\/jorge-murtinho\/' class='button small-button \n\t\t\t \n\t\t\trounded-corners \n\t\t\torange-button text-uppercase' style=\"color: #ffffff; background-color: #000000; box-shadow: 0 0 0 3px #991b1b inset;\">\n\t\t\t\tSobre Jorge Murtinho\t<\/a>\n<\/div>\n<!-- AddThis Advanced Settings generic via filter on the_content --><!-- AddThis Share Buttons generic via filter on the_content -->","protected":false},"excerpt":{"rendered":"<p>Em 17 de setembro de 2014, Emerson Sheik estava no Botafogo e foi expulso na partida contra o Bahia, pelo Campeonato Brasileiro. Ao sair de campo, Emerson partiu em busca da c\u00e2mera para declarar em alto e bom som que a CBF era uma vergonha. Na mesma noite, ao final de um outro jogo que &#8230; <a class=\"read-more-link\" href=\"http:\/\/republicapazeamor.com.br\/site\/esparadrapos-e-panos-quentes\/\">Read More <i class=\"ico-946\"><\/i><\/a><\/p>\n","protected":false},"author":2,"featured_media":912,"comment_status":"open","ping_status":"open","sticky":false,"template":"","format":"standard","meta":[],"categories":[33,30],"tags":[],"_links":{"self":[{"href":"http:\/\/republicapazeamor.com.br\/site\/wp-json\/wp\/v2\/posts\/911"}],"collection":[{"href":"http:\/\/republicapazeamor.com.br\/site\/wp-json\/wp\/v2\/posts"}],"about":[{"href":"http:\/\/republicapazeamor.com.br\/site\/wp-json\/wp\/v2\/types\/post"}],"author":[{"embeddable":true,"href":"http:\/\/republicapazeamor.com.br\/site\/wp-json\/wp\/v2\/users\/2"}],"replies":[{"embeddable":true,"href":"http:\/\/republicapazeamor.com.br\/site\/wp-json\/wp\/v2\/comments?post=911"}],"version-history":[{"count":1,"href":"http:\/\/republicapazeamor.com.br\/site\/wp-json\/wp\/v2\/posts\/911\/revisions"}],"predecessor-version":[{"id":913,"href":"http:\/\/republicapazeamor.com.br\/site\/wp-json\/wp\/v2\/posts\/911\/revisions\/913"}],"wp:featuredmedia":[{"embeddable":true,"href":"http:\/\/republicapazeamor.com.br\/site\/wp-json\/wp\/v2\/media\/912"}],"wp:attachment":[{"href":"http:\/\/republicapazeamor.com.br\/site\/wp-json\/wp\/v2\/media?parent=911"}],"wp:term":[{"taxonomy":"category","embeddable":true,"href":"http:\/\/republicapazeamor.com.br\/site\/wp-json\/wp\/v2\/categories?post=911"},{"taxonomy":"post_tag","embeddable":true,"href":"http:\/\/republicapazeamor.com.br\/site\/wp-json\/wp\/v2\/tags?post=911"}],"curies":[{"name":"wp","href":"https:\/\/api.w.org\/{rel}","templated":true}]}}