{"id":9065,"date":"2020-11-25T11:51:15","date_gmt":"2020-11-25T11:51:15","guid":{"rendered":"http:\/\/republicapazeamor.com.br\/site\/?p=9065"},"modified":"2020-11-25T23:27:34","modified_gmt":"2020-11-25T23:27:34","slug":"causas-perdidas","status":"publish","type":"post","link":"http:\/\/republicapazeamor.com.br\/site\/causas-perdidas\/","title":{"rendered":"Causas Perdidas"},"content":{"rendered":"<p style=\"text-align: justify; margin-bottom: 24px;\">Isso aconteceu agora de manh\u00e3, perto da padaria onde eu tinha ido comprar p\u00e3o, ovo e umas Heineken. S\u00e3o Judas Tadeu vinha apressado pela rua, parecia que estava atrasado pra algum compromisso, n\u00e3o percebeu quando de um edif\u00edcio saiu, tamb\u00e9m apressado, um desses p\u00f3s-marxistas de gola rol\u00ea. O choque foi inevit\u00e1vel, os dois barbudos foram ao ch\u00e3o. S\u00e3o Judas se apoiou na alabarda pra ficar de p\u00e9 e ainda deu a m\u00e3o pro outro cara se levantar. Se desculparam e se apresentaram.<\/p>\n<p style=\"text-align: justify; margin-bottom: 24px;\">&#8211; Oi, eu sou S\u00e3o Judas Tadeu, padroeiro do Meng\u00e3o e primo de Jesus, foi mal a\u00ed. Machucou?<\/p>\n<p style=\"text-align: justify; margin-bottom: 24px;\">&#8211; Tranquilo, t\u00f4 na boa. Eu sou \u017di\u017eek, fil\u00f3sofo, professor e conterr\u00e2neo do Pet.<\/p>\n<p style=\"text-align: justify; margin-bottom: 24px;\">&#8211; Ah, voc\u00ea \u00e9 s\u00e9rvio tamb\u00e9m?<\/p>\n<p style=\"text-align: justify; margin-bottom: 24px;\">&#8211; Na verdade sou esloveno, mas quando eu e o Pet nascemos era tudo Iugosl\u00e1via.<\/p>\n<p style=\"text-align: justify; margin-bottom: 24px;\">&#8211; Saquei. Eu nasci na Galil\u00e9ia, que na \u00e9poca era uma prov\u00edncia romana e hoje \u00e9 Israel. \u00c9 uma zona, n\u00e9?<\/p>\n<p style=\"text-align: justify; margin-bottom: 24px;\">&#8211; Mas voc\u00ea \u00e9 primo mesmo do Jesus?<\/p>\n<p style=\"text-align: justify; margin-bottom: 24px;\">&#8211; Meu primo, p\u00f4. Meu pai era irm\u00e3o do pai dele e minha m\u00e3e, irm\u00e3 da m\u00e3e dele.<\/p>\n<p style=\"text-align: justify; margin-bottom: 24px;\">&#8211; Agora tu me confundiu, o M\u00edster n\u00e3o \u00e9 portugu\u00eas?<\/p>\n<p style=\"text-align: justify; margin-bottom: 24px;\">&#8211; Que M\u00edster, rap\u00e1?! Eu tenho cara de primo de tra\u00edra? Jesus meu primo \u00e9 o filho do Cara. Ele n\u00e3o d\u00e1 essas mancada, n\u00e3o.<\/p>\n<p style=\"text-align: justify; margin-bottom: 24px;\">&#8211; Ah, t\u00e1. Confundi os Jesus tudo. Mas onde voc\u00ea tava indo assim voado?<\/p>\n<p style=\"text-align: justify; margin-bottom: 24px;\">&#8211; Rumo a T\u00f3quio, n\u00e9, amigo? Tu n\u00e3o viu que o Meng\u00e3o jogou ontem?<\/p>\n<p style=\"text-align: justify; margin-bottom: 24px;\">&#8211; Claro que vi, mas na moral, pressa de ir pra T\u00f3quio depois daquele jogo? O Meng\u00e3o me pareceu doido pra entregar as cocada.<\/p>\n<p style=\"text-align: justify; margin-bottom: 24px;\">&#8211; T\u00e1 de bobeira, Flamengo ontem foi gigante. Fez tudo que podia pra perder o jogo e ainda assim saiu de Avellaneda com um empate e com um gol marcado fora. Agora t\u00e1 mole, 0x0 no Maraca \u00e9 nosso.<\/p>\n<p style=\"text-align: justify; margin-bottom: 24px;\">&#8211; Agora tu viajou, meu patr\u00e3o. Como que esse time a\u00ed vai ficar 90 minuto sem levar gol? Essa defesa \u00e9 uma causa perdida. Reparou que o melhor momento defensivo do time foi quando o zagueiro foi expulso?<\/p>\n<p style=\"text-align: justify; margin-bottom: 24px;\">&#8211; Meu camarada, causa perdida \u00e9 n\u00f3is. Na minha igreja eu sou O Advogado das Causas Perdidas.<\/p>\n<p style=\"text-align: justify; margin-bottom: 24px;\">&#8211; A\u00ed empatou, meu consagrado, porque eu sou O Defensor das Causas Perdidas. \u00c9 o nome do meu \u00faltimo livro.<\/p>\n<p style=\"text-align: justify; margin-bottom: 24px;\">&#8211; Ent\u00e3o diz a\u00ed uma causa perdida que tu defende pra gente desempatar.<\/p>\n<p style=\"text-align: justify; margin-bottom: 24px;\">&#8211; Eu defendo o marxismo-leninismo pra provocar as esquerdas urbanas a sa\u00edrem da sombra do que eu chamo \u201cconfort\u00e1vel posi\u00e7\u00e3o de resist\u00eancia\u201d em que se entocaram, enchendo o saco de geral com o politicamente correto e se recusando a lidar com as quest\u00f5es reais da sociedade s\u00f3 pra continuar vendendo a utopia da sociedade ideal.<\/p>\n<p style=\"text-align: justify; margin-bottom: 24px;\">&#8211; Mas por que voc\u00ea defende isso?<\/p>\n<p style=\"text-align: justify; margin-bottom: 24px;\">&#8211; Porque \u00e9 preciso recuperar a radicalidade dos movimentos revolucion\u00e1rios socialistas do s\u00e9culo passado. Hoje o capitalismo \u00e9 o \u00fanico horizonte poss\u00edvel, a cidadania e o liberalismo econ\u00f4mico s\u00e3o tidos como as \u00fanicas alternativas necess\u00e1rias do bom-senso e da responsabilidade.<\/p>\n<p style=\"text-align: justify; margin-bottom: 24px;\">&#8211; E n\u00e3o s\u00e3o?<\/p>\n<p style=\"text-align: justify; margin-bottom: 24px;\">&#8211; Judas, a sociedade capitalista, essa palha\u00e7ada liberal e democr\u00e1tica, \u00e9 reprodutora das estruturas da explora\u00e7\u00e3o do presente. Ela t\u00e1 chupando o nosso sangue. Nunca vai dar chance pros ca\u00eddos se levantarem.<\/p>\n<p style=\"text-align: justify; margin-bottom: 24px;\">&#8211; \u00c9, tua causa perdida \u00e9 perdidona mesmo. Mas a minha \u00e9 mais.<\/p>\n<p style=\"text-align: justify; margin-bottom: 24px;\">&#8211; Qual \u00e9 a sua causa perdida?<\/p>\n<p style=\"text-align: justify; margin-bottom: 24px;\">&#8211; Minha causa perdida \u00e9 o Ren\u00ea. Resolvi que vou defender o nosso latera porque a galera aceita qualquer vacilo dos fod\u00f5es do time, mas pegam o tempo todo no p\u00e9 do cara que foi o melhor lateral esquerdo de 2018.<\/p>\n<p style=\"text-align: justify; margin-bottom: 24px;\">&#8211; A\u00ed \u00e9 foda, porque o Ren\u00ea \u00e9 pereba.<\/p>\n<p style=\"text-align: justify; margin-bottom: 24px;\">&#8211; E da\u00ed que ele \u00e9 pereba? Ele \u00e9 o nosso pereba e quando os popstar t\u00e3o dod\u00f3i \u00e9 ele que tem que segurar o pagode. Ontem o Isla sentiu sei l\u00e1 o qu\u00ea no aquecimento e a\u00ed? Entra quem?<\/p>\n<p style=\"text-align: justify; margin-bottom: 24px;\">&#8211; Matheuzinho, n\u00e9?<\/p>\n<p style=\"text-align: justify; margin-bottom: 24px;\">&#8211; Que man\u00e9 Matheuzinho, vai botar um moleque novinho num jogo de mata-mata? N\u00e3o, tem que preservar os cria. Quem \u00e9 que vai se foder todo jogando do lado errado? Ren\u00eaz\u00e3o da massa. Como \u00e9 que n\u00e3o vou defender um cabra desses?<\/p>\n<p style=\"text-align: justify; margin-bottom: 24px;\">&#8211; \u00c9 contra esse conformismo, essa acomoda\u00e7\u00e3o bovina \u00e0s circunst\u00e2ncias que a sociedade tem que se rebelar pra poder alcan\u00e7ar outro est\u00e1gio. Construindo caminhos pol\u00edticos revolucion\u00e1rios concretos. Temos que abandonar as lutas que se pautam dentro do poss\u00edvel. O imposs\u00edvel \u00e9 a \u00fanica forma de supera\u00e7\u00e3o do presente.<\/p>\n<p style=\"text-align: justify; margin-bottom: 24px;\">&#8211; O problema do Flamengo n\u00e3o \u00e9 o presente. \u00c9 a sombra do passado recente que t\u00e1 deixando os cara perdidos. A galera ainda n\u00e3o saiu da fase de nega\u00e7\u00e3o, n\u00e3o percebe que quando Jesus foi embora acabou o Flamengo de Jesus. Tem que fazer outro, diferente. J\u00e1 perdemos 90 dias com o Dome com nego querendo ver a reprise de 2019. E ainda tem muita gente que n\u00e3o caiu essa ficha. O Flamengo agora tem que ser outro. Desapegar de Jesus e partir pra outra.<\/p>\n<p style=\"text-align: justify; margin-bottom: 24px;\">&#8211; Mas o Ceni \u00e9 retranqueiro, a gente quer ver o Flamengo voando, daquele jeito doido e revolucion\u00e1rio.<\/p>\n<p style=\"text-align: justify; margin-bottom: 24px;\">&#8211; Ta\u00ed, essa \u00e9 uma causa perdida, porque aquele Flamengo j\u00e1 era. Quem viu, viu e quem n\u00e3o viu deu mole porque n\u00e3o se repetir\u00e1. O que n\u00e3o significa que o Flamengo n\u00e3o possa revolucionar de novo. Ser TRI da Liberta.<\/p>\n<p style=\"text-align: justify; margin-bottom: 24px;\">&#8211; No Flamengo de hoje \u00e9 mais f\u00e1cil ser TRI da Libertadores do que germinar a revolu\u00e7\u00e3o. \u00c9 quase imposs\u00edvel ser revolucion\u00e1rio quando se \u00e9 a corporifica\u00e7\u00e3o do establishment, quando se representa o sistema. Quando o Flamengo teve a chance de dar um passo adiante andou pra tr\u00e1s, apostou no atraso nacional e contribuiu pra fortalecer uma representa\u00e7\u00e3o bizarra de governo que \u00e9 contr\u00e1ria em tudo ao esp\u00edrito rubro-negro.<\/p>\n<p style=\"text-align: justify; margin-bottom: 24px;\">&#8211; Voc\u00ea t\u00e1 falando de esp\u00edrito no sentido metaf\u00edsico do termo, como consci\u00eancia e personalidade? Ou na acep\u00e7\u00e3o psicol\u00f3gica, designando a atitude mental dominante de um grupo?<\/p>\n<p style=\"text-align: justify; margin-bottom: 24px;\">&#8211; N\u00e3o, falei esp\u00edrito no sentido espiritual mesmo. A ess\u00eancia incorp\u00f3rea do Flamengo, seus valores intang\u00edveis, tradi\u00e7\u00f5es n\u00e3o escritas, ancestralidades difusas, ectoplasmas, fantasmas, almas, er\u00eas e padroeiros.<\/p>\n<p style=\"text-align: justify; margin-bottom: 24px;\">&#8211; \u00c9&#8230; uma bela causa perdida. Porque esse esp\u00edrito, essa ess\u00eancia, ela pode ser incorp\u00f3rea, mas n\u00e3o est\u00e1 separada do corpo f\u00edsico. Na arquibancada, com todo mundo aglomerado, cantando a mesma m\u00fasica, olhando pro mesmo lugar ao mesmo tempo, querendo a mesma coisa, o esp\u00edrito baixa, meu irm\u00e3o.<\/p>\n<p style=\"text-align: justify; margin-bottom: 24px;\">&#8211; Claro, mas com as arquibancada vazia a voz que mais ouvimos \u00e9 aquela dentro das nossas cabe\u00e7as. E nessa n\u00e3o se pode confiar.<\/p>\n<p style=\"text-align: justify; margin-bottom: 24px;\">&#8211; Ent\u00e3o me diz, \u017di\u017eek, o que \u00e9 que s\u00f3 voc\u00ea ouviu? O que diz a voz dentro da sua cabe\u00e7a?<\/p>\n<p style=\"text-align: justify; margin-bottom: 24px;\">&#8211; A voz me diz que essa \u00e9 a Libertadores mais mole da hist\u00f3ria. Que depois da semana inteira de treino que vai rolar agora o Meng\u00e3o vai pegar no tranco, estrondar com o Racing no Maraca e que depois de passar pras quartas de final vai ser s\u00f3 lazer.<\/p>\n<p style=\"text-align: justify; margin-bottom: 24px;\">&#8211; \u00c9 isso a\u00ed, \u017di\u017eek. Esse que \u00e9 o esp\u00edrito rubro-negro. O bagulho t\u00e1 no ar e o universo conspira. Valeu a\u00ed e se cuida, radicalz\u00e3o. Olha por onde anda. Partiu T\u00f3quio.<\/p>\n<p style=\"text-align: justify; margin-bottom: 24px;\">&#8211; Valeu, S\u00e3o Judas. Partiu Revolu\u00e7\u00e3o! N\u00e3o vai perder a cabe\u00e7a.<\/p>\n<p style=\"text-align: justify; margin-bottom: 24px;\">Os barbudos se despediram e cada um foi pra um lado defender suas causas perdidas. Eu fui pro supermercado defender a minha. Na padaria a Heineken tava muto cara.<\/p>\n<p style=\"text-align: justify; margin-bottom: 24px;\"><strong>Meng\u00e3o Sempre<\/strong><\/p>\n<p style=\"text-align: justify; margin-bottom: 24px;\"><div class='button-row'>\n\t<a href='http:\/\/republicapazeamor.com.br\/site\/arthur-muhlenberg\/' class='button small-button \n\t\t\t \n\t\t\trounded-corners \n\t\t\torange-button text-uppercase' style=\"color: #ffffff; background-color: #000000; box-shadow: 0 0 0 3px #991b1b inset;\">\n\t\t\t\tSobre Arthur Muhlenberg\t<\/a>\n<\/div>\n<!-- AddThis Advanced Settings generic via filter on the_content --><!-- AddThis Share Buttons generic via filter on the_content -->","protected":false},"excerpt":{"rendered":"<p>Isso aconteceu agora de manh\u00e3, perto da padaria onde eu tinha ido comprar p\u00e3o, ovo e umas Heineken. S\u00e3o Judas Tadeu vinha apressado pela rua, parecia que estava atrasado pra algum compromisso, n\u00e3o percebeu quando de um edif\u00edcio saiu, tamb\u00e9m apressado, um desses p\u00f3s-marxistas de gola rol\u00ea. O choque foi inevit\u00e1vel, os dois barbudos foram &#8230; <a class=\"read-more-link\" href=\"http:\/\/republicapazeamor.com.br\/site\/causas-perdidas\/\">Read More <i class=\"ico-946\"><\/i><\/a><\/p>\n","protected":false},"author":6,"featured_media":9067,"comment_status":"open","ping_status":"open","sticky":false,"template":"","format":"standard","meta":[],"categories":[109],"tags":[],"_links":{"self":[{"href":"http:\/\/republicapazeamor.com.br\/site\/wp-json\/wp\/v2\/posts\/9065"}],"collection":[{"href":"http:\/\/republicapazeamor.com.br\/site\/wp-json\/wp\/v2\/posts"}],"about":[{"href":"http:\/\/republicapazeamor.com.br\/site\/wp-json\/wp\/v2\/types\/post"}],"author":[{"embeddable":true,"href":"http:\/\/republicapazeamor.com.br\/site\/wp-json\/wp\/v2\/users\/6"}],"replies":[{"embeddable":true,"href":"http:\/\/republicapazeamor.com.br\/site\/wp-json\/wp\/v2\/comments?post=9065"}],"version-history":[{"count":13,"href":"http:\/\/republicapazeamor.com.br\/site\/wp-json\/wp\/v2\/posts\/9065\/revisions"}],"predecessor-version":[{"id":9081,"href":"http:\/\/republicapazeamor.com.br\/site\/wp-json\/wp\/v2\/posts\/9065\/revisions\/9081"}],"wp:featuredmedia":[{"embeddable":true,"href":"http:\/\/republicapazeamor.com.br\/site\/wp-json\/wp\/v2\/media\/9067"}],"wp:attachment":[{"href":"http:\/\/republicapazeamor.com.br\/site\/wp-json\/wp\/v2\/media?parent=9065"}],"wp:term":[{"taxonomy":"category","embeddable":true,"href":"http:\/\/republicapazeamor.com.br\/site\/wp-json\/wp\/v2\/categories?post=9065"},{"taxonomy":"post_tag","embeddable":true,"href":"http:\/\/republicapazeamor.com.br\/site\/wp-json\/wp\/v2\/tags?post=9065"}],"curies":[{"name":"wp","href":"https:\/\/api.w.org\/{rel}","templated":true}]}}