{"id":9003,"date":"2020-11-15T03:49:06","date_gmt":"2020-11-15T03:49:06","guid":{"rendered":"http:\/\/republicapazeamor.com.br\/site\/?p=9003"},"modified":"2020-11-15T08:00:55","modified_gmt":"2020-11-15T08:00:55","slug":"esse-flamengo-parece-com-todo-mundo","status":"publish","type":"post","link":"http:\/\/republicapazeamor.com.br\/site\/esse-flamengo-parece-com-todo-mundo\/","title":{"rendered":"Esse Flamengo Parece com Todo Mundo"},"content":{"rendered":"<p style=\"text-align: justify; margin-bottom: 24px;\">Se n\u00e3o fosse essa pandemia maldita poderia afirmar que \u00e0s seis horas da manh\u00e3 desse domingo ia rolar a Alvorada no remo, com aquele toque de clarim maneir\u00edssimo que marca o in\u00edcio das comemora\u00e7\u00f5es dos anivers\u00e1rios do Flamengo. O Flamengo faz 125 anos, passados integralmente nas primeiras divis\u00f5es do mundo, mas \u00e0 parte a honrada longevidade n\u00e3o h\u00e1 qualquer motivo pra comemorar.<\/p>\n<p style=\"text-align: justify; margin-bottom: 24px;\">O evidente processo de mediocriza\u00e7\u00e3o do Flamengo, promovido internamente por motivos ainda ignotos, acabou com aquele time fant\u00e1stico que rangou todo mundo em 2019. A chegada de Rog\u00e9rio Ceni, com um curr\u00edculo de treinador muito pobre, meio que oficializou um desejo inconfesso de que o Flamengo se equiparasse ao resto dos times do Brasil. Que jogam o mesmo futebol sem vergonha e sem paix\u00e3o que o Flamengo vem pondo na roda desde a retomada do Campeonato Carioca, ainda sob Jesus.<\/p>\n<p style=\"text-align: justify; margin-bottom: 24px;\">As mem\u00f3rias nos enganam o tempo todo e a nostalgia nos faz construir um passado idealizado que guarda pouca ou nenhuma rela\u00e7\u00e3o com a cronologia. O futebol do Flamengo n\u00e3o desandou com Dom\u00e8nec, ele se perdeu em algum momento da paralisa\u00e7\u00e3o que come\u00e7ou em mar\u00e7o e foi at\u00e9 o fim de junho. O pior \u00e9 que n\u00e3o foi propriamente o futebol que se perdeu, mas aquela vibra\u00e7\u00e3o vencedora e intensa que aos fracos abatia e aos fortes s\u00f3 podia exaltar. Coisas do esp\u00edrito.<\/p>\n<p style=\"text-align: justify; margin-bottom: 24px;\">Desde o macabro retorno do Carioca com jogos rolando ao lado do hospital de campanha que a maionese vem desandando. A\u00ed vieram as contus\u00f5es, algumas delas causadas pelo gramado safado do Maracan\u00e3, convoca\u00e7\u00f5es cachorras do Adenor, coronga, lumbago e cistite. Colunas centrais daquele time foda em 2019, os tr\u00eas treinadores que tivemos em 2020 s\u00f3 conseguiram colocar em campo ao mesmo tempo Arrascaeta, Everton Ribeiro, Bruno Henrique e Gabigol nove vezes.<\/p>\n<p style=\"text-align: justify; margin-bottom: 24px;\">O futebol que o Flamengo apresentou na noite de s\u00e1bado diante da potencia Atl\u00e9tico goiano foi med\u00edocre. A proposta era med\u00edocre, alguns jogadores escolhidos por Ceni s\u00e3o notoriamente med\u00edocres e o resultado med\u00edocre n\u00e3o pode surpreender a ningu\u00e9m. E olha s\u00f3, nem tenho nada contra a mediocridade como modo de vida. \u00c9 perfeitamente poss\u00edvel e comprovado por milh\u00f5es de casos h\u00e1 mil\u00eanios, ser med\u00edocre, se ajustar ao meio circundante e viver uma exist\u00eancia absolutamente satisfat\u00f3ria, fecunda e feliz. Mediocridade s\u00f3 \u00e9 veneno nos esportes, pois n\u00e3o h\u00e1 pr\u00eamios para os mais adaptados, aos que se ajustam \u00e0s tend\u00eancias ou aos que melhor seguem o fluxo. Nos esportes se premia o fora do comum, o acima da media, os <em>trendsetters<\/em>.<\/p>\n<p style=\"text-align: justify; margin-bottom: 24px;\">A quem interessa que o Flamengo des\u00e7a do outro patamar e se confunda com o cen\u00e1rio devastado e mon\u00f3tono da plan\u00edcie? Certamente que n\u00e3o ao torcedor, esse que \u00e9 o maior desfalque da hist\u00f3ria do clube -\u2013 por insubstitu\u00edvel \u2014 e muito menos aos dirigentes. E ainda menos aos jogadores. Ent\u00e3o a quem devemos xingar por esse lastim\u00e1vel estado de coisas?<\/p>\n<p style=\"text-align: justify; margin-bottom: 24px;\">Os dirigentes do Flamengo precisam perder a mod\u00e9stia, atentar para a import\u00e2ncia da difus\u00e3o do conhecimento e contar ao mundo como foi poss\u00edvel transformar um time fant\u00e1stico e muito \u00e0 frente do seu tempo em um time absolutamente igual a qualquer outro em menos de um ano. Uma hora acaba a corneta e no fim das contas s\u00e3o os dirigentes que devem ser responsabilizados por tudo que acontece fora das sagradas quatro linhas. Porque tudo acaba se refletindo nos onze em campo e \u00e9 geral sabe que a bola pune.<\/p>\n<p style=\"text-align: justify; margin-bottom: 24px;\">Nem que estivessem exibindo o futebol que julgamos ser nosso direito hoje seria o anivers\u00e1rio que os 125 anos do Flamengo mereciam. O planeta n\u00e3o est\u00e1 em \u00e9poca de festas. Mas bem que poderia ser uma data que marcasse uma mudan\u00e7a de postura por parte de todos no clube. Depois de provar o gosto doce da excel\u00eancia ningu\u00e9m quer voltar ao amargor de dez anos atr\u00e1s. Ver os jogos do Flamengo, mesmo que prossigam sem torcida, tem que voltar a ser um prazer est\u00e9tico e sensorial. E para isso \u00e9 fundamental que o Flamengo n\u00e3o se confunda com nenhum outro.<\/p>\n<p style=\"text-align: justify; margin-bottom: 24px;\">Revejam os processos, repassem os procedimentos. Descubram o que \u00e9 que voc\u00eas est\u00e3o fazendo errado e corrijam imediatamente. O Flamengo precisa voltar a ser o Flamengo. Aquele Flamengo.<\/p>\n<p style=\"text-align: justify; margin-bottom: 24px;\">Parab\u00e9ns pelos primeiros 125 anos.<\/p>\n<p style=\"text-align: justify; margin-bottom: 24px;\"><strong>Meng\u00e3o Sempre<\/strong><\/p>\n<p style=\"text-align: justify; margin-bottom: 24px;\"><div class='button-row'>\n\t<a href='http:\/\/republicapazeamor.com.br\/site\/arthur-muhlenberg\/' class='button small-button \n\t\t\t \n\t\t\trounded-corners \n\t\t\torange-button text-uppercase' style=\"color: #ffffff; background-color: #000000; box-shadow: 0 0 0 3px #991b1b inset;\">\n\t\t\t\tSobre Arthur Muhlenberg\t<\/a>\n<\/div>\n<!-- AddThis Advanced Settings generic via filter on the_content --><!-- AddThis Share Buttons generic via filter on the_content -->","protected":false},"excerpt":{"rendered":"<p>Se n\u00e3o fosse essa pandemia maldita poderia afirmar que \u00e0s seis horas da manh\u00e3 desse domingo ia rolar a Alvorada no remo, com aquele toque de clarim maneir\u00edssimo que marca o in\u00edcio das comemora\u00e7\u00f5es dos anivers\u00e1rios do Flamengo. O Flamengo faz 125 anos, passados integralmente nas primeiras divis\u00f5es do mundo, mas \u00e0 parte a honrada &#8230; <a class=\"read-more-link\" href=\"http:\/\/republicapazeamor.com.br\/site\/esse-flamengo-parece-com-todo-mundo\/\">Read More <i class=\"ico-946\"><\/i><\/a><\/p>\n","protected":false},"author":6,"featured_media":9004,"comment_status":"open","ping_status":"open","sticky":false,"template":"","format":"standard","meta":[],"categories":[110],"tags":[],"_links":{"self":[{"href":"http:\/\/republicapazeamor.com.br\/site\/wp-json\/wp\/v2\/posts\/9003"}],"collection":[{"href":"http:\/\/republicapazeamor.com.br\/site\/wp-json\/wp\/v2\/posts"}],"about":[{"href":"http:\/\/republicapazeamor.com.br\/site\/wp-json\/wp\/v2\/types\/post"}],"author":[{"embeddable":true,"href":"http:\/\/republicapazeamor.com.br\/site\/wp-json\/wp\/v2\/users\/6"}],"replies":[{"embeddable":true,"href":"http:\/\/republicapazeamor.com.br\/site\/wp-json\/wp\/v2\/comments?post=9003"}],"version-history":[{"count":3,"href":"http:\/\/republicapazeamor.com.br\/site\/wp-json\/wp\/v2\/posts\/9003\/revisions"}],"predecessor-version":[{"id":9007,"href":"http:\/\/republicapazeamor.com.br\/site\/wp-json\/wp\/v2\/posts\/9003\/revisions\/9007"}],"wp:featuredmedia":[{"embeddable":true,"href":"http:\/\/republicapazeamor.com.br\/site\/wp-json\/wp\/v2\/media\/9004"}],"wp:attachment":[{"href":"http:\/\/republicapazeamor.com.br\/site\/wp-json\/wp\/v2\/media?parent=9003"}],"wp:term":[{"taxonomy":"category","embeddable":true,"href":"http:\/\/republicapazeamor.com.br\/site\/wp-json\/wp\/v2\/categories?post=9003"},{"taxonomy":"post_tag","embeddable":true,"href":"http:\/\/republicapazeamor.com.br\/site\/wp-json\/wp\/v2\/tags?post=9003"}],"curies":[{"name":"wp","href":"https:\/\/api.w.org\/{rel}","templated":true}]}}