{"id":8235,"date":"2020-07-05T17:16:49","date_gmt":"2020-07-05T17:16:49","guid":{"rendered":"http:\/\/republicapazeamor.com.br\/site\/?p=8235"},"modified":"2020-07-06T06:35:03","modified_gmt":"2020-07-06T06:35:03","slug":"insensibilidade-custa-caro","status":"publish","type":"post","link":"http:\/\/republicapazeamor.com.br\/site\/insensibilidade-custa-caro\/","title":{"rendered":"Insensibilidade Custa Caro"},"content":{"rendered":"<p style=\"text-align: justify; margin-bottom: 24px;\">Durou menos de 48 horas a pose do Flamengo Guerrilheiro que enfrenta monop\u00f3lios em prol da independ\u00eancia financeira dos clubes. Em uma decis\u00e3o controvertida que misturou falta de empatia e miopia o clube escolheu cobrar R$ 10 para que a torcida assistisse a semi-final do Campeonato Carioca, uma competi\u00e7\u00e3o mais morta do que viva cujo desfecho desperta pouqu\u00edssimo interesse.<\/p>\n<p style=\"text-align: justify; margin-bottom: 24px;\">Mas uma bola fora da diretoria, que n\u00e3o ajuda em nada a dissipar as nuvens de antipatia que se formaram em torno do Everest rubro-negro desde a trag\u00e9dia no Ninho de Urubu. Antipatia que continua a ser anabolizada com as canhestras explica\u00e7\u00f5es oferecidas pelo clube ap\u00f3s a divulga\u00e7\u00e3o da esdr\u00faxula cobran\u00e7a.<\/p>\n<p style=\"text-align: justify; margin-bottom: 24px;\">Se o Flamengo n\u00e3o tinha bala na agulha pra manter seu time de estrelas n\u00e3o deveria ter desprezado os 18 milh\u00f5es oferecidos inicialmente pela Globo. Oferta que subiu at\u00e9 40 milh\u00f5es durante as mal sucedidas negocia\u00e7\u00f5es. O dano causado \u00e0 imagem de grandes gestores j\u00e1 est\u00e1 feito, a efic\u00e1cia de seu planejamento e a robustez do caixa rubro-negro agora s\u00e3o itens discut\u00edveis e n\u00e3o mais verdades absolutas e elogi\u00e1veis.<\/p>\n<p style=\"text-align: justify; margin-bottom: 24px;\">A necessidade empresarial de testar o modelo e aferir com maior acur\u00e1cia o pre\u00e7o \u00f3timo de um jogo do Carioca se sobrep\u00f4s ao compromisso n\u00e3o escrito com a torcida de ser o clube mais popular do pa\u00eds. Essa preval\u00eancia do que \u00e9 contabiliz\u00e1vel sobre o que \u00e9 valor intang\u00edvel pode at\u00e9 ser uma profiss\u00e3o de f\u00e9 da diretoria e atender, no curto prazo, aos manuais de boa gest\u00e3o. Mas n\u00e3o deixou de ser um tiro no p\u00e9 avan\u00e7ar no bolso de quem j\u00e1 est\u00e1 todo ferrado como a maioria da torcida do Flamengo.<\/p>\n<p style=\"text-align: justify; margin-bottom: 24px;\">Toda coragem exibida pelos generais do Flamengo na &#8220;guerra contra a Globo&#8221; se derreteu quando o clube mandou pra linha de frente os fudidos da torcida para amortizar os custos da guerra travada entre os ricos. E num momento em que o pa\u00eds atravessa a maior crise econ\u00f4mica dos \u00faltimos anos, com desemprego e queda de renda recordes. Dif\u00edcil n\u00e3o perceber que t\u00e1 todo mundo sem dinheiro. Dif\u00edcil at\u00e9 imaginar como piorar o quadro.<\/p>\n<p style=\"text-align: justify; margin-bottom: 24px;\">Mas conseguiram, atrelando essa cobran\u00e7a inoportuna a um aplicativo obscuro, sem muita relev\u00e2ncia no mercado, cujos highligths de seu card\u00e1pio\u00a0 s\u00e3o os campeonatos da Bielorussia e da Mong\u00f3lia. Na quarta-feira os usu\u00e1rios do aplicativo na gringa que pagaram oito doletas para assistir ao Flamengo x Boavista j\u00e1 sofreram com a instabilidade e com o delay da transmiss\u00e3o.<\/p>\n<p style=\"text-align: justify; margin-bottom: 24px;\">Pro jogo de jogo de hoje a plataforma j\u00e1 est\u00e1 mostrando que n\u00e3o \u00e9 parruda o suficiente para atender as solicita\u00e7\u00f5es da maior torcida do Brasil. N\u00e3o est\u00e3o conseguindo garantir o acesso aos s\u00f3cios-torcedores com direito \u00e0 gratuidade e nem cobrar de quem est\u00e1 disposto a pagar.<\/p>\n<p style=\"text-align: justify; margin-bottom: 24px;\">J\u00e1 que a diretoria optou por ser antip\u00e1tica, insens\u00edvel e antipovo por que n\u00e3o manteve a transmiss\u00e3o na Youtube, plataforma consolidada com interface intuitivo e confi\u00e1vel? E que ainda serviria para o prop\u00f3sito de fidelizar o torcedor \u00e0 Fla TV? Se \u00e9 do bolso da torcida que sair\u00e1 o dinheiro para pagar a aventura \u00e9 justo que ela seja informada dos custos reais. O que o Flamengo ganhou com essa escolha? Ningu\u00e9m sabe, porque a transpar\u00eancia ficou em segundo plano na condu\u00e7\u00e3o da negocia\u00e7\u00e3o.<\/p>\n<p style=\"text-align: justify; margin-bottom: 24px;\">Em 1954, quando tinha 12 anos, o menino prod\u00edgio Daniel Baremboim tocou piano para o poderoso maestro Wilhelm Furtw\u00e4ngler. Furtw\u00e4ngler ficou chapado, chamou o jovem Barenboim de fen\u00f4meno e o convocou para a rara distin\u00e7\u00e3o de tocar o Primeiro Concerto para Piano de Beethoven com a Filarm\u00f4nica de Berlim. A\u00edda Schuster e Enrique Barenboim, pais do prod\u00edgio e tamb\u00e9m pianistas de talento, n\u00e3o permitiram sob a alega\u00e7\u00e3o de que n\u00e3o era aconselh\u00e1vel uma crian\u00e7a judia tocar em Berlim menos de nove anos ap\u00f3s o Holocausto.<\/p>\n<p style=\"text-align: justify; margin-bottom: 24px;\">A\u00edda e Enrique ainda n\u00e3o sabiam at\u00e9 onde o talento de Daniel poderia lava-lo, e apesar do orgulho paterno por aquele feito quase mozartiano do seu moleque tiveram sensibilidade de perceber o momento hist\u00f3rico e projetar o preju\u00edzo que tal apresenta\u00e7\u00e3o poderia trazer \u00e0 imagem do filho.<\/p>\n<p style=\"text-align: justify; margin-bottom: 24px;\">Mais uma vez, faltou essa sensibilidade \u00e0 diretoria do Flamengo.<\/p>\n<p style=\"text-align: justify; margin-bottom: 24px;\"><strong>Meng\u00e3o Sempre<\/strong><\/p>\n<p style=\"text-align: justify; margin-bottom: 24px;\"><div class='button-row'>\n\t<a href='http:\/\/republicapazeamor.com.br\/site\/arthur-muhlenberg\/' class='button small-button \n\t\t\t \n\t\t\trounded-corners \n\t\t\torange-button text-uppercase' style=\"color: #ffffff; background-color: #000000; box-shadow: 0 0 0 3px #991b1b inset;\">\n\t\t\t\tSobre Arthur Muhlenberg\t<\/a>\n<\/div>\n<!-- AddThis Advanced Settings generic via filter on the_content --><!-- AddThis Share Buttons generic via filter on the_content -->","protected":false},"excerpt":{"rendered":"<p>Durou menos de 48 horas a pose do Flamengo Guerrilheiro que enfrenta monop\u00f3lios em prol da independ\u00eancia financeira dos clubes. Em uma decis\u00e3o controvertida que misturou falta de empatia e miopia o clube escolheu cobrar R$ 10 para que a torcida assistisse a semi-final do Campeonato Carioca, uma competi\u00e7\u00e3o mais morta do que viva cujo &#8230; <a class=\"read-more-link\" href=\"http:\/\/republicapazeamor.com.br\/site\/insensibilidade-custa-caro\/\">Read More <i class=\"ico-946\"><\/i><\/a><\/p>\n","protected":false},"author":6,"featured_media":8237,"comment_status":"open","ping_status":"open","sticky":false,"template":"","format":"standard","meta":[],"categories":[108,1],"tags":[],"_links":{"self":[{"href":"http:\/\/republicapazeamor.com.br\/site\/wp-json\/wp\/v2\/posts\/8235"}],"collection":[{"href":"http:\/\/republicapazeamor.com.br\/site\/wp-json\/wp\/v2\/posts"}],"about":[{"href":"http:\/\/republicapazeamor.com.br\/site\/wp-json\/wp\/v2\/types\/post"}],"author":[{"embeddable":true,"href":"http:\/\/republicapazeamor.com.br\/site\/wp-json\/wp\/v2\/users\/6"}],"replies":[{"embeddable":true,"href":"http:\/\/republicapazeamor.com.br\/site\/wp-json\/wp\/v2\/comments?post=8235"}],"version-history":[{"count":5,"href":"http:\/\/republicapazeamor.com.br\/site\/wp-json\/wp\/v2\/posts\/8235\/revisions"}],"predecessor-version":[{"id":8250,"href":"http:\/\/republicapazeamor.com.br\/site\/wp-json\/wp\/v2\/posts\/8235\/revisions\/8250"}],"wp:featuredmedia":[{"embeddable":true,"href":"http:\/\/republicapazeamor.com.br\/site\/wp-json\/wp\/v2\/media\/8237"}],"wp:attachment":[{"href":"http:\/\/republicapazeamor.com.br\/site\/wp-json\/wp\/v2\/media?parent=8235"}],"wp:term":[{"taxonomy":"category","embeddable":true,"href":"http:\/\/republicapazeamor.com.br\/site\/wp-json\/wp\/v2\/categories?post=8235"},{"taxonomy":"post_tag","embeddable":true,"href":"http:\/\/republicapazeamor.com.br\/site\/wp-json\/wp\/v2\/tags?post=8235"}],"curies":[{"name":"wp","href":"https:\/\/api.w.org\/{rel}","templated":true}]}}