{"id":8194,"date":"2020-06-28T04:55:24","date_gmt":"2020-06-28T04:55:24","guid":{"rendered":"http:\/\/republicapazeamor.com.br\/site\/?p=8194"},"modified":"2020-07-06T07:18:14","modified_gmt":"2020-07-06T07:18:14","slug":"seja-grande-flamengo","status":"publish","type":"post","link":"http:\/\/republicapazeamor.com.br\/site\/seja-grande-flamengo\/","title":{"rendered":"Seja Grande, Flamengo!"},"content":{"rendered":"<p style=\"text-align: justify; margin-bottom: 24px;\">Entre as muitas coisas que detesto fazer uma das que me s\u00e3o mais desagrad\u00e1veis \u00e9 falar mal do Flamengo. \u00c9 muito chato, mas \u00e0s vezes somos obrigados. Tanto por puro individualismo, para sublinhar uma posi\u00e7\u00e3o pessoal frontalmente contr\u00e1ria ao que o clube esteja fazendo e me manter fora do B.O., quanto para apontar algum erro crasso de direcionamento. T\u00e3o crasso que at\u00e9 um passador de pano natural do meu top se v\u00ea obrigado a lan\u00e7ar pedras em dire\u00e7\u00e3o ao Mais Querido.<\/p>\n<p style=\"text-align: justify; margin-bottom: 24px;\">No atual estado de loucura e negacionismo que o pa\u00eds atravessa \u00e9 doloroso ver o Flamengo repetidas vezes do lado errado da rua. Ficar calado nessa hora \u00e9 uma esp\u00e9cie covarde de endosso. Mas, pra minha sorte, j\u00e1 temos parte expressiva da cr\u00f4nica esportiva, pol\u00edtica e sanit\u00e1ria falando mal do Flamengo 24 horas por dia. O que, momentaneamente, nos libera do compromisso moral de participar dessa lapida\u00e7\u00e3o. Especialmente quando est\u00e3o tacando no Flamengo as pedras da raz\u00e3o.<\/p>\n<p style=\"text-align: justify; margin-bottom: 24px;\">A assustadora, inacredit\u00e1vel e revoltante not\u00edcia que a \u00ednclita Prefeitura do Rio de Janeiro liberou jogos de futebol com torcida nos est\u00e1dios para a desnecess\u00e1ria conclus\u00e3o do moribundo e clandestino Campeonato Carioca \u00e9 um acinte. Mais um atentado \u00e0 vida, uma demonstra\u00e7\u00e3o do medonho n\u00edvel de incompet\u00eancia, desintelig\u00eancia e descompromisso do prefeito com a ci\u00eancia e com a sa\u00fade dos seus governados.<\/p>\n<p style=\"text-align: justify; margin-bottom: 24px;\">N\u00e3o \u00e9 de hoje que o prefeito Crivella se revelou um mau pastor, que se mostrou absolutamente incapaz de realizar o trabalho para o qual foi eleito. Suas decis\u00f5es est\u00fapidas sobre a pr\u00e1tica do futebol na cidade d\u00e3o a justa medida do que o prefeito \u00e9 capaz de fazer quando toma decis\u00f5es na Sa\u00fade P\u00fablica. E quando essas decis\u00f5es est\u00e3o na intersec\u00e7\u00e3o destes dois campos o resultado \u00e9 catastr\u00f3fico.<\/p>\n<p style=\"text-align: justify; margin-bottom: 24px;\">Mas n\u00e3o \u00e9 porque a irrelevante trajet\u00f3ria pol\u00edtica de Crivella est\u00e1 irremediavelmente condenada ao esquecimento e ao rep\u00fadio eterno dos cariocas que suas tresloucadas decis\u00f5es n\u00e3o devam ser combatidas por quem n\u00e3o tem compromisso com a idiotia oficial. No caso do seu mais recente despaut\u00e9rio que permite a volta do p\u00fablico \u00e0s arquibancadas, a rea\u00e7\u00e3o da sociedade, por mais contr\u00e1ria que venha a ser, talvez n\u00e3o tenha a eloqu\u00eancia suficiente para reverte-la. \u00c9 preciso que ao coro do protesto se una uma voz mais forte. A do Flamengo, por exemplo.<\/p>\n<p style=\"text-align: justify; margin-bottom: 24px;\">Os nossos liberais de chinelo de dedo, que sempre se financiam em bancos estatais, gostam muito de dizer que as crises s\u00e3o apenas disfarces para as oportunidades. Ora, que o Flamengo, que se orgulha de n\u00e3o se pendurar nas tetas do estado, aproveite a oportunidade e use a mais recente estupidez crivelliana para limpar sua barra e sair desse inqu\u00e9rito macabro com as vestes imaculadas dos justos.<\/p>\n<p style=\"text-align: justify; margin-bottom: 24px;\">Que o Flamengo use seus recursos e volte a reunir as bancas de especialistas que montaram o protocolo que atestaram a seguran\u00e7a para que o time voltasse a treinar e a jogar em plena pandemia vir\u00f3tica. Que esses s\u00e1bios estabele\u00e7am agora um protocolo para a nossa torcida com o mesm\u00edssimo rigor cient\u00edfico. Al\u00e9m de ser uma demonstra\u00e7\u00e3o de humanidade que agradaria aos comunistas estatizantes, seria ao mesmo tempo uma prova do zelo com o patrim\u00f4nio imaterial do Flamengo, no caso a sua imagem, que satisfaria a todos os rubro-negros de verdade, mesmo aos seguidores da cartilha de Mises.<\/p>\n<p style=\"text-align: justify; margin-bottom: 24px;\">Desde que munido de dados cient\u00edficos, o Flamengo estaria \u00e0 cavaleiro para contrariar as enlouquecidas diretrizes emanadas pela prefeitura no combate \u00e0 Pandemia. E, como administrador do Maracan\u00e3, manter suas arquibancadas, cadeiras e camarotes fechados ao p\u00fablico e ao v\u00edrus. Ao menos o Flamengo estaria livre de qualquer responsabilidade pela funesta possibilidade de que os futuros atestados de \u00f3bito lavrados na cidade apontem como <em>causa mortis <\/em>n\u00e3o o Covid19, mas o Campeonato Carioca.<\/p>\n<p style=\"text-align: justify; margin-bottom: 24px;\">Se tomar essa atitude a mensagem que o Flamengo passaria seria bem clara: respeitamos a ci\u00eancia e temos um esquema seguro pro time, mas n\u00e3o temos como garantir a integridade da nossa torcida. E n\u00e3o colocaremos em risco o nosso maior patrim\u00f4nio. Fiquem em casa! Fiquem em casa! Fiquem em casa!<\/p>\n<p style=\"text-align: justify; margin-bottom: 24px;\">Sei que minha opini\u00e3o \u00e9 irrelevante. Mas me sinto no dever de rubro-negro de oferecer essa ideia* ao clube. Se ser\u00e1 levada em considera\u00e7\u00e3o n\u00e3o me cabe julgar. Sonhar n\u00e3o custa nada. Mas esse <em>plot twist<\/em> seria Flamengo pra caralho. Ando louco pra ver o Flamengo ser grande outra vez.<\/p>\n<p style=\"text-align: justify; margin-bottom: 24px;\">*Ideia original de Arthur B. Nunes<\/p>\n<p style=\"text-align: justify; margin-bottom: 24px;\"><strong>Meng\u00e3o Sempre<\/strong><\/p>\n<p style=\"text-align: justify; margin-bottom: 24px;\"><div class='button-row'>\n\t<a href='http:\/\/republicapazeamor.com.br\/site\/arthur-muhlenberg\/' class='button small-button \n\t\t\t \n\t\t\trounded-corners \n\t\t\torange-button text-uppercase' style=\"color: #ffffff; background-color: #000000; box-shadow: 0 0 0 3px #991b1b inset;\">\n\t\t\t\tSobre Arthur Muhlenberg\t<\/a>\n<\/div>\n<!-- AddThis Advanced Settings generic via filter on the_content --><!-- AddThis Share Buttons generic via filter on the_content -->","protected":false},"excerpt":{"rendered":"<p>Entre as muitas coisas que detesto fazer uma das que me s\u00e3o mais desagrad\u00e1veis \u00e9 falar mal do Flamengo. \u00c9 muito chato, mas \u00e0s vezes somos obrigados. Tanto por puro individualismo, para sublinhar uma posi\u00e7\u00e3o pessoal frontalmente contr\u00e1ria ao que o clube esteja fazendo e me manter fora do B.O., quanto para apontar algum erro &#8230; <a class=\"read-more-link\" href=\"http:\/\/republicapazeamor.com.br\/site\/seja-grande-flamengo\/\">Read More <i class=\"ico-946\"><\/i><\/a><\/p>\n","protected":false},"author":6,"featured_media":8195,"comment_status":"open","ping_status":"open","sticky":false,"template":"","format":"standard","meta":[],"categories":[108,114],"tags":[],"_links":{"self":[{"href":"http:\/\/republicapazeamor.com.br\/site\/wp-json\/wp\/v2\/posts\/8194"}],"collection":[{"href":"http:\/\/republicapazeamor.com.br\/site\/wp-json\/wp\/v2\/posts"}],"about":[{"href":"http:\/\/republicapazeamor.com.br\/site\/wp-json\/wp\/v2\/types\/post"}],"author":[{"embeddable":true,"href":"http:\/\/republicapazeamor.com.br\/site\/wp-json\/wp\/v2\/users\/6"}],"replies":[{"embeddable":true,"href":"http:\/\/republicapazeamor.com.br\/site\/wp-json\/wp\/v2\/comments?post=8194"}],"version-history":[{"count":6,"href":"http:\/\/republicapazeamor.com.br\/site\/wp-json\/wp\/v2\/posts\/8194\/revisions"}],"predecessor-version":[{"id":8201,"href":"http:\/\/republicapazeamor.com.br\/site\/wp-json\/wp\/v2\/posts\/8194\/revisions\/8201"}],"wp:featuredmedia":[{"embeddable":true,"href":"http:\/\/republicapazeamor.com.br\/site\/wp-json\/wp\/v2\/media\/8195"}],"wp:attachment":[{"href":"http:\/\/republicapazeamor.com.br\/site\/wp-json\/wp\/v2\/media?parent=8194"}],"wp:term":[{"taxonomy":"category","embeddable":true,"href":"http:\/\/republicapazeamor.com.br\/site\/wp-json\/wp\/v2\/categories?post=8194"},{"taxonomy":"post_tag","embeddable":true,"href":"http:\/\/republicapazeamor.com.br\/site\/wp-json\/wp\/v2\/tags?post=8194"}],"curies":[{"name":"wp","href":"https:\/\/api.w.org\/{rel}","templated":true}]}}