{"id":7981,"date":"2020-04-28T14:22:17","date_gmt":"2020-04-28T14:22:17","guid":{"rendered":"http:\/\/republicapazeamor.com.br\/site\/?p=7981"},"modified":"2020-04-28T14:24:24","modified_gmt":"2020-04-28T14:24:24","slug":"caca-palavras-agora-com-as-respostas","status":"publish","type":"post","link":"http:\/\/republicapazeamor.com.br\/site\/caca-palavras-agora-com-as-respostas\/","title":{"rendered":"Ca\u00e7a-palavras: as respostas."},"content":{"rendered":"<p style=\"text-align: justify;margin-bottom:24px\"> Uma semana depois da postagem do passatempo, seguem as solu\u00e7\u00f5es. Vale lembrar que a parada \u00e9 um pouco diferente das palavras cruzadas: aqui, acertar os nomes ou apelidos \u00e9 somente o primeiro passo, o que importa \u00e9 ach\u00e1-los na sopa de letrinhas. As respostas s\u00e3o apenas pistas, para ningu\u00e9m se atirar \u00e0s cegas ao diagrama. Portanto: a brincadeira ficou mais f\u00e1cil, mas continua.<\/p>\n<p style=\"text-align: justify;margin-bottom:24px\"> 1) Na final do Campeonato Brasileiro de 1980, fez o Maracan\u00e3 sentir um frio na barriga.<\/p>\n<p style=\"text-align: justify;margin-bottom:24px\"> \u2013 Embora eu n\u00e3o tenha pensado nisso na hora de montar o diagrama, temos a\u00ed uma pegadinha. Das pessoas que tentaram resolver, a maioria cravou o nome de Reinaldo, o grande atacante do Atl\u00e9tico Mineiro que fez tr\u00eas gols nos dois jogos decisivos e, naquele dia, empatou a partida em duas oportunidades. Mas n\u00e3o. A resposta do ca\u00e7a-palavras \u00e9 <strong>MANGUITO<\/strong>. Nosso zagueiro titular, Rondinelli, levou uma cotovelada de Palhinha quatro dias antes, no Mineir\u00e3o, e fraturou o maxilar. No jogo do Maraca, foi substitu\u00eddo por Manguito. Hav\u00edamos entrado nos acr\u00e9scimos e a torcida j\u00e1 festejava o t\u00edtulo, quando Manguito fez um desastroso recuo para Raul, que saiu do gol desesperado, dividiu com o ponta-direita Pedrinho e salvou a na\u00e7\u00e3o. Andrade ficou com a sobra e contornou o perigo. O Maracan\u00e3 gelou; eu, que estava l\u00e1, gelei junto.<\/p>\n<p style=\"text-align: justify;margin-bottom:24px\"> 2) Centroavante de outro planeta, jogou no Flamengo em 1976 e 1977.<\/p>\n<p style=\"text-align: justify;margin-bottom:24px\"> \u2013 <strong>MARCIANO<\/strong>. E o pior \u00e9 que Marciano era nome, e n\u00e3o apelido.<\/p>\n<p style=\"text-align: justify;margin-bottom:24px\"> 3) Maravilha na virada da d\u00e9cada de sessenta para a de setenta.<\/p>\n<p style=\"text-align: justify;margin-bottom:24px\"> \u2013 <strong>FIO<\/strong>. Irregular, surpreendente, imprevis\u00edvel, imortalizado pela homenagem que recebeu de Jorge Benjor, ao sacudir a torcida aos 33 minutos do segundo tempo, depois de fazer uma jogada celestial e marcar um gola\u00e7o em amistoso com o Benfica, no Maracan\u00e3. Fio Maravilha \/ N\u00f3s gostamos de voc\u00ea \/ Fio Maravilha \/ Faz mais um pra gente ver<\/p>\n<p style=\"text-align: justify;margin-bottom:24px\"> 4) Maravilha em 1973.<\/p>\n<p style=\"text-align: justify;margin-bottom:24px\"> \u2013 <strong>DAD\u00c1<\/strong>. Fazedor de gols e autor de tiradas divertidas, Dad\u00e1 Maravilha dizia ser capaz de parar no ar, igual ao beija-flor e ao helic\u00f3ptero. Ficou pouco mais de um ano no Flamengo, sem repetir o sucesso que tivera no Atl\u00e9tico Mineiro e voltaria a ter no Internacional \u2013 em ambos foi campe\u00e3o brasileiro e artilheiro da competi\u00e7\u00e3o. <\/p>\n<p style=\"text-align: justify;margin-bottom:24px\"> 5) Era o diabo. Louro.<\/p>\n<p style=\"text-align: justify;margin-bottom:24px\"> \u2013 <strong>DOVAL<\/strong>. O narrador Waldir Amaral, craque na cria\u00e7\u00e3o de bord\u00f5es e apelidos, o chamava de Diabo Louro. Mais tarde, Paulo Nunes tamb\u00e9m virou Diabo Louro, s\u00f3 que o nome encontrado no ca\u00e7a-palavras \u00e9 o de Doval.<\/p>\n<p style=\"text-align: justify;margin-bottom:24px\"> 6) Treinador do Flamengo no hist\u00f3rico \u201cJogo do Urubu\u201d.<\/p>\n<p style=\"text-align: justify;margin-bottom:24px\"> \u2013 <strong>TIM<\/strong>. Flamengo x Botafogo, 1\u00ba de junho de 1969. Famoso por surpreender os advers\u00e1rios com suas armadilhas t\u00e1ticas, nessa partida Tim p\u00f4s o volante Liminha marcando G\u00e9rson individualmente, o meia Lu\u00eds Cl\u00e1udio colado em Paulo C\u00e9zar Caju e o lateral-direito Murilo em cima de Jairzinho. Com o tima\u00e7o do Botafogo tonto, sem entender o que se passava em campo, aos 23 minutos o Flamengo vencia por dois a zero, gols de Ar\u00edlson e Doval. No segundo tempo, Paulo C\u00e9zar Caju diminuiu, cobrando p\u00eanalti, e o jogo terminou dois a um.<\/p>\n<p style=\"text-align: justify;margin-bottom:24px\"> 7) Do time titular campe\u00e3o brasileiro em 1987, quantos jogadores foram convocados para Copas do Mundo?<\/p>\n<p style=\"text-align: justify;margin-bottom:24px\"> \u2013 <strong>NOVE<\/strong>. Z\u00e9 Carlos em 1990; Jorginho em 90 e 94; Leandro em 82; Edinho em 78, 82 e 86; Leonardo em 94 e 98; Zico em 78, 82 e 86; Zinho em 94; Renato em 90; Bebeto em 90, 94 e 98. Entre os titulares, apenas Andrade e A\u00edlton n\u00e3o estiveram em pelo menos uma Copa. E o elenco ainda tinha Aldair, que participou das Copas de 90, 94 e 98, s\u00f3 que em 1987 acabara de subir da base e era reserva no Flamengo. <\/p>\n<p style=\"text-align: justify;margin-bottom:24px\"> 8) Tomou de seis a um no placar agregado, no Campeonato Brasileiro de 2019.<\/p>\n<p style=\"text-align: justify;margin-bottom:24px\"> \u2013 <strong>PALMEIRAS<\/strong>. Tr\u00eas a zero no turno, tr\u00eas a um no returno.<\/p>\n<p style=\"text-align: justify;margin-bottom:24px\"> 9) Tomou de seis a um no placar agregado, nas semifinais da Libertadores de 2019.<\/p>\n<p style=\"text-align: justify;margin-bottom:24px\"> \u2013 <strong>GR\u00caMIO<\/strong>. Um a um no primeiro jogo, cinco a zero no segundo.<\/p>\n<p style=\"text-align: justify;margin-bottom:24px\"> 10) Para o escritor rubro-negro Ruy Castro, foi o autor do gol mais importante entre os tantos marcados na Era Zico.<\/p>\n<p style=\"text-align: justify;margin-bottom:24px\"> \u2013 <strong>RONDINELLI<\/strong>. Segundo Ruy Castro, se Rondinelli n\u00e3o faz aquele gol de cabe\u00e7a contra o Vasco, em 1978, corria o risco do Flamengo desmantelar o time, que come\u00e7ava a conviver com a fama de amarelar.<\/p>\n<p style=\"text-align: justify;margin-bottom:24px\"> 11) Sensitivo picareta, seu nome virou apelido de um extraordin\u00e1rio ponta-esquerda.<\/p>\n<p style=\"text-align: justify;margin-bottom:24px\"> \u2013 <strong>URI GELLER<\/strong>. Nascido em Tel Aviv e naturalizado brit\u00e2nico, Uri Geller se dizia dotado de poderes sobrenaturais, o que costumava comprovar entortando colheres em frente \u00e0s c\u00e2meras de televis\u00e3o, nos anos setenta. Por sua genial capacidade de entortar os laterais advers\u00e1rios, nosso ponta-esquerda J\u00falio C\u00e9sar ganhou o apelido. <\/p>\n<p style=\"text-align: justify;margin-bottom:24px\"> 12) Deus.<\/p>\n<p style=\"text-align: justify;margin-bottom:24px\"> \u2013 <strong>ZICO<\/strong>.<\/p>\n<p style=\"text-align: justify;margin-bottom:24px\"> 13) Em algarismos romanos, o ano em que o RP&amp;A entrou em campo.<\/p>\n<p style=\"text-align: justify;margin-bottom:24px\"> \u2013 <strong>MMXV<\/strong>. As primeiras postagens aqui no blog foram feitas em janeiro de 2015.<\/p>\n<p style=\"text-align: justify;margin-bottom:24px\"> 14) Eto\u2019o n\u00e3o amarrava as chuteiras dele.<\/p>\n<p style=\"text-align: justify;margin-bottom:24px\"> \u2013 <strong>OBINA<\/strong>. Um dos mais bem-humorados cantos da torcida rubro-negra, que come\u00e7ou a ser entoado em 2006, garantia que \u00d4\u00f4 \/ Obina \u00e9 melhor que Eto\u2019o. O camaron\u00eas era, na ocasi\u00e3o, um dos melhores e mais valorizados centroavantes do mundo.<\/p>\n<p style=\"text-align: justify;margin-bottom:24px\"> 15) Chamado por um idiota de \u201cjogador de condom\u00ednio\u201d, engoliu a bola em 2019.<\/p>\n<p style=\"text-align: justify;margin-bottom:24px\"> \u2013 <strong>RODRIGO CAIO<\/strong>. Quem disse a sandice foi Rodrigo Gaspar, quando era assessor da presid\u00eancia do S\u00e3o Paulo. O que talvez explique por que o time do Morumbi est\u00e1 h\u00e1 onze anos sem levantar um t\u00edtulo importante.<\/p>\n<p style=\"text-align: justify;margin-bottom:24px\"> 16) S\u00e9rio. T\u00e9cnico. Eficiente. Uma pena ter ido embora.<\/p>\n<p style=\"text-align: justify;margin-bottom:24px\"> \u2013 <strong>PABLO MAR\u00cd<\/strong>. Desconhecido do torcedor brasileiro, chegou no sapatinho e tomou conta da posi\u00e7\u00e3o. Tacada precisa do conjunto Jorge Jesus-Diretoria de Futebol. Custou pouco, jogou muito.<\/p>\n<p style=\"text-align: justify;margin-bottom:24px\"> 17) Eterna gratid\u00e3o: levou Uribe e Par\u00e1, mandou pra gente o Bruno Henrique.<\/p>\n<p style=\"text-align: justify;margin-bottom:24px\"> \u2013 <strong>SANTOS<\/strong>. E ainda h\u00e1 quem diga que n\u00e3o tem mais bobo no futebol.<\/p>\n<p style=\"text-align: justify;margin-bottom:24px\"> 18) Cidade do t\u00edtulo da Libertadores de 1981.<\/p>\n<p style=\"text-align: justify;margin-bottom:24px\"> \u2013 <strong>MONTEVID\u00c9U<\/strong>. Com a vit\u00f3ria do Flamengo no Rio e do Cobreloa em Santiago, foi disputado um terceiro jogo, em campo neutro. Era um tempo em que havia espa\u00e7o no calend\u00e1rio para que situa\u00e7\u00f5es de empates n\u00e3o fossem decididas nos p\u00eanaltis.<\/p>\n<p style=\"text-align: justify;margin-bottom:24px\"> 19) Est\u00e1dio do t\u00edtulo da Libertadores de 2019.<\/p>\n<p style=\"text-align: justify;margin-bottom:24px\"> \u2013 <strong>MONUMENTAL<\/strong>. Pertencente ao Clube Universitario de Deportes, um dos mais tradicionais do Peru, herdou a final da competi\u00e7\u00e3o devido aos protestos que paralisaram Santiago do Chile, a partir da segunda quinzena de outubro.<\/p>\n<p style=\"text-align: justify;margin-bottom:24px\"> 20) T\u00e9cnico que transformou o elenco do Flamengo numa esp\u00e9cie de consulado mineiro.<\/p>\n<p style=\"text-align: justify;margin-bottom:24px\"> \u2013 <strong>NEY FRANCO<\/strong>. A primeira de suas duas passagens pelo clube come\u00e7ou em maio de 2006 e durou at\u00e9 julho de 2007. Nesse per\u00edodo, o Flamengo teve doze jogadores nascidos em Minas ou formados no futebol mineiro. O goleiro Bruno, o lateral-direito Luisinho, os zagueiros Irineu, Mois\u00e9s e Thiago, os volantes Ja\u00edlton, Paulinho, L\u00e9o Medeiros e Leandro Salino, os meias G\u00e9rson Magr\u00e3o e Walter Minhoca, o centroavante Diego Silva. Dessa lista, L\u00e9o Medeiros, Walter Minhoca e Diego Silva chegaram um pouco antes \u2013 embora, possivelmente, j\u00e1 por indica\u00e7\u00e3o do treinador \u2013 e os outros nove foram levados por ele.<\/p>\n<p style=\"text-align: justify;margin-bottom:24px\"> 21) Sucesso nas redes sociais, musa do RP&amp;A e da torcida rubro-negra.<\/p>\n<p style=\"text-align: justify;margin-bottom:24px\"> \u2013 <strong>NIVINHA<\/strong>. Faltou dizer que \u00e9 coautora do livro \u201cFesta na Favela\u201d, mas eu n\u00e3o quis entregar a resposta da quest\u00e3o 29.<\/p>\n<p style=\"text-align: justify;margin-bottom:24px\"> 22) Primeiro nome do cara que fez o gol de falta mais espetacular de todos os tempos.<\/p>\n<p style=\"text-align: justify;margin-bottom:24px\"> \u2013 <strong>DEJAN<\/strong>. Alguma d\u00favida quanto a ter sido o mais espetacular de todos? Pela dist\u00e2ncia e o grau de dificuldade, por ter superado o pl\u00e1stico voo do \u00f3timo goleiro Helton, pela curva que a bola fez e o lugar onde entrou, pelo momento do jogo e por valer um tricampeonato estadual, com a terceira conquista consecutiva em cima do Vasco. Claro: n\u00e3o h\u00e1 quem n\u00e3o saiba que o prenome do Pet \u00e9 Dejan.<\/p>\n<p style=\"text-align: justify;margin-bottom:24px\"> 23) Excelente cabeceador, tinha o apelido de Bode At\u00f4mico.<\/p>\n<p style=\"text-align: justify;margin-bottom:24px\"> \u2013 <strong>DION\u00cdSIO<\/strong>. Com pouco mais de 1,70m, subia uma barbaridade. Jogou no Flamengo de 1967 a 1972, e fez uma boa dupla de ataque com o Fio da resposta n\u00famero 3.<\/p>\n<p style=\"text-align: justify;margin-bottom:24px\"> 24) Maior lateral-direito que o mundo j\u00e1 viu jogar.<\/p>\n<p style=\"text-align: justify;margin-bottom:24px\"> \u2013 <strong>LEANDRO<\/strong>. Um monstro, e n\u00e3o somente na lateral-direita: tamb\u00e9m na zaga central, no meio-campo e onde quer que fosse escalado.<\/p>\n<p style=\"text-align: justify;margin-bottom:24px\"> 25) Entrou no time na 4\u00aa rodada do segundo turno, com o Flamengo em 11\u00ba lugar, e ajeitou a mei\u00faca para a arrancada ao t\u00edtulo brasileiro de 2009.<\/p>\n<p style=\"text-align: justify;margin-bottom:24px\"> \u2013 <strong>MALDONADO<\/strong>. Apesar de n\u00e3o ser reconhecido como um dos nomes importantes daquele campanha, foi ele quem deu consist\u00eancia ao time do meio para tr\u00e1s. <\/p>\n<p style=\"text-align: justify;margin-bottom:24px\"> 26) Volante baiano, valente e folcl\u00f3rico, \u00e9 recordista de expuls\u00f5es nos Fla-Flus.<\/p>\n<p style=\"text-align: justify;margin-bottom:24px\"> \u2013 <strong>MERICA<\/strong>. Dif\u00edcil? Nada: bastam dois cliques no Google.<\/p>\n<p style=\"text-align: justify;margin-bottom:24px\"> 27) T\u00e9cnico poliglota, gostava que seus times atacassem by the right, by the middle e by the left.<\/p>\n<p style=\"text-align: justify;margin-bottom:24px\"> \u2013 <strong>JOEL SANTANA<\/strong>. Entrou na brincadeira por causa da antol\u00f3gica entrevista de 2009, quando dirigia a sele\u00e7\u00e3o da \u00c1frica do Sul. <\/p>\n<p style=\"text-align: justify;margin-bottom:24px\"> 28) Eu s\u00f3 quero \u00e9 ser feliz, andar tranquilamente na favela onde eu nasci.<\/p>\n<p style=\"text-align: justify;margin-bottom:24px\"> \u2013 <strong>ADRIANO<\/strong>. Salve o nosso Imperador! E que Deus perdoe as pessoas ruins.<\/p>\n<p style=\"text-align: justify;margin-bottom:24px\"> 29) Nome do livro que, se voc\u00ea n\u00e3o comprar imediatamente, a praga vai ser forte: M\u00e1rcio Ara\u00fajo de volta.<\/p>\n<p style=\"text-align: justify;margin-bottom:24px\"> \u2013 Tesconjuro, p\u00e9-de-pato, mangal\u00f4, tr\u00eas veiz. Pra n\u00e3o dar chance ao azar, melhor entrar na Amazon e comprar logo seu exemplar de <strong>FESTA NA FAVELA<\/strong>. <\/p>\n<p style=\"text-align: justify;margin-bottom:24px\"> As respostas est\u00e3o a\u00ed. Agora \u00e9 ter paci\u00eancia para ca\u00e7ar cada uma delas no diagrama. SRN.<\/p>\n<div class='button-row'>\n\t<a href='http:\/\/republicapazeamor.com.br\/site\/jorge-murtinho\/' class='button small-button \n\t\t\t \n\t\t\trounded-corners \n\t\t\torange-button text-uppercase' style=\"color: #ffffff; background-color: #000000; box-shadow: 0 0 0 3px #991b1b inset;\">\n\t\t\t\tSobre Jorge Murtinho\t<\/a>\n<\/div>\n<!-- AddThis Advanced Settings generic via filter on the_content --><!-- AddThis Share Buttons generic via filter on the_content -->","protected":false},"excerpt":{"rendered":"<p>Uma semana depois da postagem do passatempo, seguem as solu\u00e7\u00f5es. Vale lembrar que a parada \u00e9 um pouco diferente das palavras cruzadas: aqui, acertar os nomes ou apelidos \u00e9 somente o primeiro passo, o que importa \u00e9 ach\u00e1-los na sopa de letrinhas. As respostas s\u00e3o apenas pistas, para ningu\u00e9m se atirar \u00e0s cegas ao diagrama. &#8230; <a class=\"read-more-link\" href=\"http:\/\/republicapazeamor.com.br\/site\/caca-palavras-agora-com-as-respostas\/\">Read More <i class=\"ico-946\"><\/i><\/a><\/p>\n","protected":false},"author":2,"featured_media":7982,"comment_status":"open","ping_status":"open","sticky":false,"template":"","format":"standard","meta":[],"categories":[32,30,107],"tags":[],"_links":{"self":[{"href":"http:\/\/republicapazeamor.com.br\/site\/wp-json\/wp\/v2\/posts\/7981"}],"collection":[{"href":"http:\/\/republicapazeamor.com.br\/site\/wp-json\/wp\/v2\/posts"}],"about":[{"href":"http:\/\/republicapazeamor.com.br\/site\/wp-json\/wp\/v2\/types\/post"}],"author":[{"embeddable":true,"href":"http:\/\/republicapazeamor.com.br\/site\/wp-json\/wp\/v2\/users\/2"}],"replies":[{"embeddable":true,"href":"http:\/\/republicapazeamor.com.br\/site\/wp-json\/wp\/v2\/comments?post=7981"}],"version-history":[{"count":5,"href":"http:\/\/republicapazeamor.com.br\/site\/wp-json\/wp\/v2\/posts\/7981\/revisions"}],"predecessor-version":[{"id":7987,"href":"http:\/\/republicapazeamor.com.br\/site\/wp-json\/wp\/v2\/posts\/7981\/revisions\/7987"}],"wp:featuredmedia":[{"embeddable":true,"href":"http:\/\/republicapazeamor.com.br\/site\/wp-json\/wp\/v2\/media\/7982"}],"wp:attachment":[{"href":"http:\/\/republicapazeamor.com.br\/site\/wp-json\/wp\/v2\/media?parent=7981"}],"wp:term":[{"taxonomy":"category","embeddable":true,"href":"http:\/\/republicapazeamor.com.br\/site\/wp-json\/wp\/v2\/categories?post=7981"},{"taxonomy":"post_tag","embeddable":true,"href":"http:\/\/republicapazeamor.com.br\/site\/wp-json\/wp\/v2\/tags?post=7981"}],"curies":[{"name":"wp","href":"https:\/\/api.w.org\/{rel}","templated":true}]}}