{"id":7954,"date":"2020-04-14T15:35:34","date_gmt":"2020-04-14T15:35:34","guid":{"rendered":"http:\/\/republicapazeamor.com.br\/site\/?p=7954"},"modified":"2020-04-18T21:44:28","modified_gmt":"2020-04-18T21:44:28","slug":"para-quando-o-sandro-acordar","status":"publish","type":"post","link":"http:\/\/republicapazeamor.com.br\/site\/para-quando-o-sandro-acordar\/","title":{"rendered":"Para quando o Sandro acordar"},"content":{"rendered":"<p style=\"text-align: justify; margin-bottom: 24px;\">Nunca tive a real dimens\u00e3o do significado desse verso:<i><span style=\"font-weight: 400;\"> \u201ceu teria um desgosto profundo se faltasse o Flamengo no mundo.\u201d<\/span><\/i><span style=\"font-weight: 400;\"> Nunca. Na minha vida, na minha hist\u00f3ria, nas minhas amizades, nos meus amores, nunca faltou Flamengo. Gra\u00e7as a Deus, a Zico, ao meu velho pai. Ao Mister, ao Gabigol, ao Bruno Henrique, ao Arrascaeta. Por isso, como nos versos do Vin\u00edcius, se o Flamengo quiser voltar, me questiono: <\/span><i><span style=\"font-weight: 400;\">que terei eu para lhe contar?<\/span><\/i><span style=\"font-weight: 400;\"> A primeira coisa a dizer: todos os abra\u00e7os de gol ser\u00e3o dados como comemora\u00e7\u00e3o de t\u00edtulo de Libertadores. Amigo. Desconhecido. An\u00f4nimos. Quero apertar a m\u00e3o de uma Na\u00e7\u00e3o e gritar junto: <\/span><i><span style=\"font-weight: 400;\">\u201cEi Covid, vai tomar no cu. Quem manda nessa porra \u00e9 a torcida do urubu.\u201d<\/span><\/i><span style=\"font-weight: 400;\"> Ficar em casa \u00e9 passar as tardes de domingo no Maracan\u00e3. A <\/span><i><span style=\"font-weight: 400;\">vasco<\/span><\/i><span style=\"font-weight: 400;\"> coisa: quem tem um amigo rubro-negro, tem um tesouro. Uma amiga tamb\u00e9m.<\/span><\/p>\n<p style=\"text-align: justify; margin-bottom: 24px;\">Sandro sempre me chamou assim: Amiga Vivi. Com o adjetivo na frente do meu nome: AMIGA. Uma amizade que come\u00e7ou no meio de uma disputa eleitoral do Flamengo. Nos bastidores da pol\u00edtica rubro-negra. Polarizada. Dividida. Muitas vezes, cruel. Do meio disso tudo surgiram sonhos, planos, mem\u00f3rias, festas, encontros, derrotas, t\u00edtulos, luta. Os rubro-negros se reconhecem, em qualquer lugar do mundo, em qualquer etapa da vida. Diante de uma pandemia. J\u00e1 choramos junto. J\u00e1 rimos demais. Lembro de quando ele levou o Monarco na G\u00e1vea. Eu n\u00e3o cabia de tanta felicidade de ver minhas paix\u00f5es juntas. E ele com aquele sorrisinho de \u201cT\u00e1 feliz, n\u00e9, amiga Vivi\u2026\u201d E quantas vezes discordamos,\u00a0 eu gritei, bati no peito, subi o tom, e ele calmo, paciente, amoroso. Como tem que ser com quem se ama. E se ama pelo Flamengo. Desde que ele foi pro CTI tenho tido conversas imagin\u00e1rias com o AMIGO SANDRO. Revivo nossos papos no Vaca Atolada, com as ben\u00e7\u00e3os do Cl\u00e1udio Cruz, as hist\u00f3rias do T\u00falio e do Gor\u00f4, e meus socos na mesa. A gente se sentia como na mesa da Colombo: os novos Drag\u00f5es. Revivo os times que nos viraram do avesso, as lutas que travamos, e os jogos que mudaram nossas vidas para sempre. As tristezas e as alegrias das noites perdidas, e ganhas, pelo Flamengo. Ao lado dele, revivo o Maraca, no meio da Organizada: <b><i>\u201cCanta, Porra! N\u00e3o para n\u00e3o.\u201d<\/i><\/b><\/p>\n<p style=\"text-align: justify; margin-bottom: 24px;\">Escrevo para quando o Sandro acordar. Quero contar pra ele que o desgosto profundo existe sim, mas que vai passar. Ele que tanto valoriza nossa hist\u00f3ria, nossos \u00eddolos, nossos her\u00f3is, vai adorar escutar a do pai do Maneco,\u00a0 um m\u00e9dico renomado, que passou a vida amando tanto o Mais Querido que no seu vel\u00f3rio teve um bandeira estendida, e um desconhecido passando diante da capela, perguntou: <i><span style=\"font-weight: 400;\">\u201cEra algum jogador do Flamengo?<\/span><\/i><span style=\"font-weight: 400;\">\u201d A gl\u00f3ria eterna. Mais uma. Escrevo para te contar que ainda tem muita homenagem para fazer, tem as meninas da Cl\u00ednica de futebol para valorizar, tem nossos \u00eddolos para celebrar, tem show hist\u00f3rico para realizar. Escrevo para te dizer que sou grata ao Flamengo por ter conhecido voc\u00ea, por dividir empada de queijo no bar da piscina comigo. Por aturar minhas cr\u00edticas, meus questionamentos, minhas d\u00favidas. Se o Flamengo quiser voltar, <\/span><i><span style=\"font-weight: 400;\">que terei eu para lhe contar?<\/span><\/i><span style=\"font-weight: 400;\"> Que sou grata por amar e ser amada pelo Mais Querido atrav\u00e9s da amizade de um Sandro Rilho. <\/span><b><i>Mas se o Flamengo insistir, mas se ele voltar, aqui estou eu a esperar.\u00a0<\/i><\/b><\/p>\n<p style=\"text-align: justify; margin-bottom: 24px;\">Pra voc\u00eas,<\/p>\n<p style=\"text-align: justify; margin-bottom: 24px;\">Paz, Amor e Fiquem em Casa.<\/p>\n<div class='button-row'>\n\t<a href='http:\/\/republicapazeamor.com.br\/site\/vivimariano\/' class='button small-button \n\t\t\t \n\t\t\trounded-corners \n\t\t\torange-button text-uppercase' style=\"color: #ffffff; background-color: #000000; box-shadow: 0 0 0 3px #991b1b inset;\">\n\t\t\t\tSobre Vivi Mariano\t<\/a>\n<\/div>\n<!-- AddThis Advanced Settings generic via filter on the_content --><!-- AddThis Share Buttons generic via filter on the_content -->","protected":false},"excerpt":{"rendered":"<p>Nunca tive a real dimens\u00e3o do significado desse verso: \u201ceu teria um desgosto profundo se faltasse o Flamengo no mundo.\u201d Nunca. Na minha vida, na minha hist\u00f3ria, nas minhas amizades, nos meus amores, nunca faltou Flamengo. Gra\u00e7as a Deus, a Zico, ao meu velho pai. Ao Mister, ao Gabigol, ao Bruno Henrique, ao Arrascaeta. Por &#8230; <a class=\"read-more-link\" href=\"http:\/\/republicapazeamor.com.br\/site\/para-quando-o-sandro-acordar\/\">Read More <i class=\"ico-946\"><\/i><\/a><\/p>\n","protected":false},"author":5,"featured_media":7957,"comment_status":"open","ping_status":"open","sticky":false,"template":"","format":"standard","meta":[],"categories":[1],"tags":[],"_links":{"self":[{"href":"http:\/\/republicapazeamor.com.br\/site\/wp-json\/wp\/v2\/posts\/7954"}],"collection":[{"href":"http:\/\/republicapazeamor.com.br\/site\/wp-json\/wp\/v2\/posts"}],"about":[{"href":"http:\/\/republicapazeamor.com.br\/site\/wp-json\/wp\/v2\/types\/post"}],"author":[{"embeddable":true,"href":"http:\/\/republicapazeamor.com.br\/site\/wp-json\/wp\/v2\/users\/5"}],"replies":[{"embeddable":true,"href":"http:\/\/republicapazeamor.com.br\/site\/wp-json\/wp\/v2\/comments?post=7954"}],"version-history":[{"count":2,"href":"http:\/\/republicapazeamor.com.br\/site\/wp-json\/wp\/v2\/posts\/7954\/revisions"}],"predecessor-version":[{"id":7959,"href":"http:\/\/republicapazeamor.com.br\/site\/wp-json\/wp\/v2\/posts\/7954\/revisions\/7959"}],"wp:featuredmedia":[{"embeddable":true,"href":"http:\/\/republicapazeamor.com.br\/site\/wp-json\/wp\/v2\/media\/7957"}],"wp:attachment":[{"href":"http:\/\/republicapazeamor.com.br\/site\/wp-json\/wp\/v2\/media?parent=7954"}],"wp:term":[{"taxonomy":"category","embeddable":true,"href":"http:\/\/republicapazeamor.com.br\/site\/wp-json\/wp\/v2\/categories?post=7954"},{"taxonomy":"post_tag","embeddable":true,"href":"http:\/\/republicapazeamor.com.br\/site\/wp-json\/wp\/v2\/tags?post=7954"}],"curies":[{"name":"wp","href":"https:\/\/api.w.org\/{rel}","templated":true}]}}