{"id":7948,"date":"2020-04-13T20:05:20","date_gmt":"2020-04-13T20:05:20","guid":{"rendered":"http:\/\/republicapazeamor.com.br\/site\/?p=7948"},"modified":"2020-04-13T20:05:20","modified_gmt":"2020-04-13T20:05:20","slug":"so-se-nao-for-brasileiro-nessa-hora","status":"publish","type":"post","link":"http:\/\/republicapazeamor.com.br\/site\/so-se-nao-for-brasileiro-nessa-hora\/","title":{"rendered":"S\u00f3 se n\u00e3o for brasileiro nessa hora."},"content":{"rendered":"<p style=\"text-align: justify;margin-bottom:24px\"> <strong>Em 8 de junho de 2015, dois dias ap\u00f3s a final da Champions League, disputada no Est\u00e1dio Ol\u00edmpico de Berlim e encerrada com a vit\u00f3ria do Barcelona sobre o Juventus por tr\u00eas a um, publiquei um post aqui no RP&amp;A em que eu fazia algumas compara\u00e7\u00f5es entre a maneira de jogar dos times europeus e a dos brasileiros. Para quem torce pelo Flamengo, \u00e9 gratificante observar o quanto evolu\u00edmos; para os torcedores da imensa maioria dos nossos demais clubes, deve ser triste constatar que, se parados no tempo estavam, l\u00e1 ficaram. Partindo do coment\u00e1rio de um leitor, feito no post anterior \u00e0quele, o texto era costurado por alguns versos de uma das mais inspiradas composi\u00e7\u00f5es da dupla Moraes e Galv\u00e3o.<\/strong><\/p>\n<p style=\"text-align: justify;margin-bottom:24px\"> <strong>Republico agora, para que a gente veja o que mudou, o que segue na mesma \u2013 salta aos olhos a revolu\u00e7\u00e3o provocada por Jorge Jesus e o Flamengo de 2019 \u2013 e, acima de tudo, para prestar uma humilde homenagem a um dos grandes craques rubro-negros da hist\u00f3ria da MPB. Valeu demais, Moraes.<\/strong><\/p>\n<p style=\"text-align: justify;margin-bottom:24px\"> <em>\u201cDesde l\u00e1, quando me furaram a primeira bola no meio da rua\u201d<\/em><\/p>\n<p style=\"text-align: justify;margin-bottom:24px\"> Este \u00e9 o primeiro verso de \u201cS\u00f3 Se N\u00e3o For Brasileiro Nessa Hora\u201d, gravada pelos Novos Baianos no \u00e1lbum Novos Baianos F.C. e citada por um dos leitores do RP&amp;A, o Henrique, em um dos \u00faltimos coment\u00e1rios feitos no post \u201cControlar a ansiedade\u201d.<\/p>\n<p style=\"text-align: justify;margin-bottom:24px\"> Pelo que entendi, Henrique vive na Su\u00ed\u00e7a \u2013 antes de mais nada, prova inconteste de que nosso humilde blog vai longe \u2013, j\u00e1 que ele nos conta sobre Basileia x Sion, partida que decidiu a Copa da Su\u00ed\u00e7a, e se mostra nost\u00e1lgico de algumas coisas daqui. Entre elas, a bela can\u00e7\u00e3o de Moraes e Galv\u00e3o.<\/p>\n<p style=\"text-align: justify;margin-bottom:24px\"> Pois \u00e9 o seguinte, Henrique e demais leitores: mais do que nostalgia ou mesmo inveja, durante a final da Champions League bateu uma desagrad\u00e1vel sensa\u00e7\u00e3o de quero meu futebol de volta.<\/p>\n<p style=\"text-align: justify;margin-bottom:24px\"> <em>\u201c\u00d4, \u00f4, \u00f4 \/ A vizinha tem vidra\u00e7as \/ Tem sim sinh\u00f4\u201d<\/em>, diz outro trecho da letra de Galv\u00e3o para a melodia de Moraes Moreira.<\/p>\n<p style=\"text-align: justify;margin-bottom:24px\"> Tolice ocupar esse espa\u00e7o e o precioso tempo de voc\u00eas para dizer o quanto o futebol brasileiro mudou, e o quanto mudou para pior. Mas tamb\u00e9m n\u00e3o precisava deixar de driblar, tabelar e quebrar vidra\u00e7as para se acovardar em busca do resultado \u2013 como se o diabo desse jogo fosse uma ci\u00eancia que se destrinchasse nas pranchetas dos letrados professores, e como se n\u00e3o fossem s\u00e1bios os ensinamentos do mestre Man\u00e9 Garrincha: j\u00e1 combinaram com o advers\u00e1rio? N\u00e3o existe futebol de resultados; o que existe \u00e9 futebol bem jogado, e ganhar ou perder faz parte do jogo. Claro: quanto melhor o seu time, maiores suas chances de vit\u00f3ria.<\/p>\n<p style=\"text-align: justify;margin-bottom:24px\"> N\u00e3o vou enveredar aqui pelos surrados rumos que todos estamos cansados de percorrer \u2013 gest\u00f5es retr\u00f3gradas e irrespons\u00e1veis, amadorismo, parquinhos, tijolinhos, impunidade, charutos, desmandos, apego desmedido ao poder, tapet\u00f5es, tenebrosas transa\u00e7\u00f5es e outras aberra\u00e7\u00f5es extracampo que empurram nosso futebol pro buraco. Isso \u00e9 mat\u00e9ria jornal\u00edstica, e jornalista n\u00e3o sou.<\/p>\n<p style=\"text-align: justify;margin-bottom:24px\"> Tamb\u00e9m n\u00e3o creio ser poss\u00edvel atribuir tudo \u00e0 riqueza do futebol europeu: a toda hora perdemos jogadores para a Turquia, e n\u00e3o h\u00e1 santo que me conven\u00e7a que o futebol turco tem mais dinheiro que o nosso.<\/p>\n<p style=\"text-align: justify;margin-bottom:24px\"> Assim sendo, a \u00fanica coisa que me arrisco a fazer \u00e9 palpitar sobre o que ocorre dentro de campo, e isso talvez explique minha avers\u00e3o \u00e0 maioria dos treinadores e minha descren\u00e7a quanto aos crit\u00e9rios t\u00e9cnicos que infestam o futebol brasileiro desde as divis\u00f5es de base. Por que nossos times de sub-15, sub-17 e sub-20 t\u00eam volantes cabe\u00e7udos? Para jogar pelo resultado e ganhar t\u00edtulos? Neymar n\u00e3o foi campe\u00e3o da Copa S\u00e3o Paulo de Futebol J\u00fanior, Negueba foi.<\/p>\n<p style=\"text-align: justify;margin-bottom:24px\"> <em>\u201cAos meus olhos \/ Bola, rua, campo \/ Sigo jogando porque eu que sei o que sofro \/ E me rebolo pra continuar menino\u201d<\/em><\/p>\n<p style=\"text-align: justify;margin-bottom:24px\"> Ao sofrer derrotas inesperadas \u2013 evito a palavra \u201cinjustas\u201d, por saber que futebol e justi\u00e7a s\u00e3o \u00e1gua e azeite \u2013, como a da nossa magn\u00edfica sele\u00e7\u00e3o de 82, o futebol brasileiro deixou de ser menino, envelheceu, encaretou e esqueceu como \u00e9 que se faz.<\/p>\n<p style=\"text-align: justify;margin-bottom:24px\"> As semifinais da Champions League foram disputadas por Barcelona, Bayern de Munique, Juventus e Real Madrid. Peguem o setor de meio-campo de cada um desses times: n\u00e3o h\u00e1 um s\u00f3 cara que n\u00e3o saiba jogar bola. O Juventus (desculpem, n\u00e3o consigo escrever \u201ca Juventus\u201d) n\u00e3o tem o t\u00e3o cobi\u00e7ado camisa 10, mas os quatro que povoam o meio-campo jogam demais e foram titulares absolutos das sele\u00e7\u00f5es de seus pa\u00edses na \u00faltima Copa do Mundo. Assim que chegou ao Flamengo, Canteros declarou que seu maior \u00eddolo no futebol era Pirlo e que era nele que se espelhava. Continuo esperando um pouquinho que seja desse reflexo.<\/p>\n<p style=\"text-align: justify;margin-bottom:24px\"> Por outro lado, nosso valoroso volante Jonas revelou se inspirar no Ralf. Sim, gente, no Ralf, algo compreens\u00edvel num contexto em que discutimos se C\u00e1ceres \u00e9 melhor que M\u00e1rcio Ara\u00fajo, enquanto o Vasco se refor\u00e7a com Diguinho e o Fluminense contrata Pierre. Que eu me lembre, o \u00faltimo grande time brasileiro a jogar sem um botinudo no meio-campo foi o Santos do primeiro semestre de 2010, com Arouca, Wesley e Ganso. O desatino \u00e9 t\u00e3o grande que, na dire\u00e7\u00e3o inversa \u00e0 do Juventus, cansamos de ver times grandes escalando quatro cabe\u00e7udos na mei\u00faca, o que n\u00e3o h\u00e1 de ser por falta de dinheiro ou excesso de dirigentes incompetentes ou inescrupulosos.<\/p>\n<p style=\"text-align: justify;margin-bottom:24px\"> Passamos a conviver pacificamente com esse tipo de escolha (a\u00ed est\u00e1 a torcida do Vasco que n\u00e3o me deixa mentir, uivando feito um bando de idiotas quando Gui\u00f1azu d\u00e1 carrinho e leva cart\u00e3o amarelo), e nossa curta mem\u00f3ria parece incapaz de lembrar que j\u00e1 tivemos meios-campos formados por Piazza e Dirceu Lopes, Carlos Roberto e G\u00e9rson, Dudu e Ademir da Guia, Falc\u00e3o e Carpegiani, Z\u00e9 Carlos e Zenon, Andrade e Ad\u00edlio. N\u00e3o sou saudosista e acho saudosismo uma ilus\u00e3o, pois jamais houve um tempo em que todos os nossos times eram formid\u00e1veis. (No primeiro post que publiquei aqui no RP&amp;A, lembrei de um ataque do Flamengo, na d\u00e9cada de setenta, formado por Bui\u00e3o, Michila e Caldeira.) Mas, ao menos, a gente chiava e sabia o que era bom, mesmo que o bom estivesse no inimigo.<\/p>\n<p style=\"text-align: justify;margin-bottom:24px\"> Tudo na Champions League funciona. A organiza\u00e7\u00e3o, os est\u00e1dios, os gramados, o comportamento dos jogadores. Algu\u00e9m viu agarra-agarra nas cobran\u00e7as de escanteio? Jogador se atirando no ch\u00e3o, quando seu time est\u00e1 ganhando e a placa anuncia que ele vai ser substitu\u00eddo? Simulando contus\u00e3o para provocar fair play?<\/p>\n<p style=\"text-align: justify;margin-bottom:24px\"> Entretanto, pra mim, a cena m\u00e1xima da final da Champions League aconteceu aos 32 minutos do segundo tempo, protagonizada por Xavi e Iniesta \u2013 dois caras que, por jamais terem recebido a tal Bola de Ouro da Fifa, derrubam a credibilidade do pr\u00eamio. Sair Iniesta e entrar Xavi foi humilha\u00e7\u00e3o demais e cheguei a experimentar um princ\u00edpio de depress\u00e3o. S\u00f3 melhorei ao me dar conta de que o des\u00e2nimo n\u00e3o era exclusividade minha, e que todos os que gostam de futebol provavelmente estariam com o mesmo sentimento.                                                                                                          <\/p>\n<p style=\"text-align: justify;margin-bottom:24px\"> Como cantavam os Novos Baianos e bem lembrou o Henrique, s\u00f3 se n\u00e3o for brasileiro nessa hora.<\/p>\n<div class='button-row'>\n\t<a href='http:\/\/republicapazeamor.com.br\/site\/jorge-murtinho\/' class='button small-button \n\t\t\t \n\t\t\trounded-corners \n\t\t\torange-button text-uppercase' style=\"color: #ffffff; background-color: #000000; box-shadow: 0 0 0 3px #991b1b inset;\">\n\t\t\t\tSobre Jorge Murtinho\t<\/a>\n<\/div>\n<!-- AddThis Advanced Settings generic via filter on the_content --><!-- AddThis Share Buttons generic via filter on the_content -->","protected":false},"excerpt":{"rendered":"<p>Em 8 de junho de 2015, dois dias ap\u00f3s a final da Champions League, disputada no Est\u00e1dio Ol\u00edmpico de Berlim e encerrada com a vit\u00f3ria do Barcelona sobre o Juventus por tr\u00eas a um, publiquei um post aqui no RP&amp;A em que eu fazia algumas compara\u00e7\u00f5es entre a maneira de jogar dos times europeus e &#8230; <a class=\"read-more-link\" href=\"http:\/\/republicapazeamor.com.br\/site\/so-se-nao-for-brasileiro-nessa-hora\/\">Read More <i class=\"ico-946\"><\/i><\/a><\/p>\n","protected":false},"author":2,"featured_media":7949,"comment_status":"open","ping_status":"open","sticky":false,"template":"","format":"standard","meta":[],"categories":[32,30,107],"tags":[],"_links":{"self":[{"href":"http:\/\/republicapazeamor.com.br\/site\/wp-json\/wp\/v2\/posts\/7948"}],"collection":[{"href":"http:\/\/republicapazeamor.com.br\/site\/wp-json\/wp\/v2\/posts"}],"about":[{"href":"http:\/\/republicapazeamor.com.br\/site\/wp-json\/wp\/v2\/types\/post"}],"author":[{"embeddable":true,"href":"http:\/\/republicapazeamor.com.br\/site\/wp-json\/wp\/v2\/users\/2"}],"replies":[{"embeddable":true,"href":"http:\/\/republicapazeamor.com.br\/site\/wp-json\/wp\/v2\/comments?post=7948"}],"version-history":[{"count":3,"href":"http:\/\/republicapazeamor.com.br\/site\/wp-json\/wp\/v2\/posts\/7948\/revisions"}],"predecessor-version":[{"id":7952,"href":"http:\/\/republicapazeamor.com.br\/site\/wp-json\/wp\/v2\/posts\/7948\/revisions\/7952"}],"wp:featuredmedia":[{"embeddable":true,"href":"http:\/\/republicapazeamor.com.br\/site\/wp-json\/wp\/v2\/media\/7949"}],"wp:attachment":[{"href":"http:\/\/republicapazeamor.com.br\/site\/wp-json\/wp\/v2\/media?parent=7948"}],"wp:term":[{"taxonomy":"category","embeddable":true,"href":"http:\/\/republicapazeamor.com.br\/site\/wp-json\/wp\/v2\/categories?post=7948"},{"taxonomy":"post_tag","embeddable":true,"href":"http:\/\/republicapazeamor.com.br\/site\/wp-json\/wp\/v2\/tags?post=7948"}],"curies":[{"name":"wp","href":"https:\/\/api.w.org\/{rel}","templated":true}]}}