{"id":7932,"date":"2020-04-11T16:52:52","date_gmt":"2020-04-11T16:52:52","guid":{"rendered":"http:\/\/republicapazeamor.com.br\/site\/?p=7932"},"modified":"2020-04-11T16:52:52","modified_gmt":"2020-04-11T16:52:52","slug":"historico-de-atleta-e-isso-ai","status":"publish","type":"post","link":"http:\/\/republicapazeamor.com.br\/site\/historico-de-atleta-e-isso-ai\/","title":{"rendered":"Hist\u00f3rico de atleta \u00e9 isso a\u00ed."},"content":{"rendered":"<p style=\"text-align: justify;margin-bottom:24px\"> Eu sou desses: mato a cobra e mostro o pau. <\/p>\n<p style=\"text-align: justify;margin-bottom:24px\"> A foto que ilustra o post \u00e9 de um dos grandes times entre tantos que desfilaram categoria e competitividade nos Torneios de Pelada do Aterro do Flamengo, promovidos pelo Jornal dos Sports e patrocinados pela Caderneta de Poupan\u00e7a Delfin. Nesse Natal \/ Lembre-se de mim \/ D\u00ea para quem ama \/ Um cofrinho da Delfin.<\/p>\n<p style=\"text-align: justify;margin-bottom:24px\"> Criada e presidida pelo espertalh\u00e3o Ronald Levinsohn, a Delfin era a maior empresa privada de cr\u00e9dito imobili\u00e1rio do pa\u00eds, com mais de 3 milh\u00f5es de clientes, quando teve sua interven\u00e7\u00e3o decretada pelo Banco Central, em janeiro de 1983 \u2013 portanto, entre o segundo e o terceiro campeonatos brasileiros conquistados pelo Flamengo.<\/p>\n<p style=\"text-align: justify;margin-bottom:24px\"> Fundado em 1931 por Argemiro Bulc\u00e3o e Oz\u00e9as Mota, adquirido em 1936 pelo grande rubro-negro Mario Filho, o Jornal dos Sports foi, durante muito tempo, leitura obrigat\u00f3ria para quem gostava de futebol \u2013 sobretudo na segunda-feira, dia seguinte ao dos grandes cl\u00e1ssicos. Cansei de ir \u00e0 sede do jornal da capa cor-de-rosa, ali na rua Tenente Possolo, na Lapa, para levar as fichas e fazer a inscri\u00e7\u00e3o do nosso time no Torneio de Pelada. <\/p>\n<p style=\"text-align: justify;margin-bottom:24px\"> O Aperta e Bate, cuja maioria dos integrantes morava na Lauro Muller, em Botafogo, atr\u00e1s do falecido Canec\u00e3o, era um tima\u00e7o. <\/p>\n<p style=\"text-align: justify;margin-bottom:24px\"> Na foto aparecem Alcino, Betinho, Carlos Henrique, Alvaro, Manel, Cesar, Jo\u00e3o Alberto, Edu, Tavinho, Mic\u00e3o. Al\u00e9m dos adeptos Samuca, Alexandre, Mineiro e, de cal\u00e7a comprida e agasalho, o brilhante meio-campista Eliezer, que teve sua carreira de craca\u00e7o peladeiro interrompida por um acidente de moto \u2013 justo numa das pistas do Aterro do Flamengo \u2013 e virou o t\u00e9cnico do time. N\u00e3o est\u00e3o a\u00ed importantes integrantes do elenco original: Marcus, Eurico, J\u00f3 e Machadinho.<\/p>\n<p style=\"text-align: justify;margin-bottom:24px\"> Era divertido. Toda vez que abr\u00edamos o placar, algu\u00e9m da nossa torcida gritava: \u201cAperta, um\u201d. E o restante da galera limpava a barra: \u201cAdvers\u00e1rio, zero\u201d. O Aperta e Bate fez grandes campanhas, chegando l\u00e1 nas cabe\u00e7as em duas oportunidades \u2013 eram mais de mil times participantes \u2013, e s\u00f3 caiu nas disputas de p\u00eanaltis. Duas de suas partidas s\u00e3o memor\u00e1veis: os empates com os vencedores do torneio, Xavier e Madeiras Frei Caneca (time formado pela rapaziada da Cruzada S\u00e3o Sebasti\u00e3o, que inicialmente se chamava Cruzada e onde jogava, apenas e simplesmente, Ad\u00edlio). <\/p>\n<p style=\"text-align: justify;margin-bottom:24px\"> Apesar da foto certificar meu passado de atleta, permane\u00e7o quieto no meu canto, entocad\u00edssimo. Passarinho na muda n\u00e3o pia. Leio, vejo filmes, acompanho seriados. Algumas dicas futeboleiras: \u201cThe English Game\u201d, \u201cCampe\u00f5es da Copa\u201d, \u201cSunderland \u2013 At\u00e9 Morrer\u201d, os tr\u00eas na Netflix, e, claro, \u201cSem Filtro\u201d, do DAZN, sobre a conquista da Libertadores 2019 e dispon\u00edvel no Youtube. O que mais fa\u00e7o, no entanto, \u00e9 lavar lou\u00e7a.<\/p>\n<p style=\"text-align: justify;margin-bottom:24px\"> Enquanto isso, vamos \u00e0s especula\u00e7\u00f5es. <\/p>\n<p style=\"text-align: justify;margin-bottom:24px\"> Jorge Jesus renova ou n\u00e3o? E se der na telha \u2013 ou no bolso \u2013 do Mister optar pelo retorno \u00e0 terrinha, quem chamar para substitu\u00ed-lo? Thiago Maia belisca uma vaguinha ali naquele meio-campo? Como resolver nossa urgente necessidade de refor\u00e7ar o elenco com mais um lateral-direito? Os grandes times do futebol moderno deram um chega pra l\u00e1 na antiga e r\u00edgida ideia de titulares e reservas, mas conjecturemos: final da Libertadores, n\u00f3s l\u00e1 outra vez, Maraca lotado e lindo, todos dispon\u00edveis e nas condi\u00e7\u00f5es ideais, quem forma a zaga com Rodrigo Caio? Gustavo Henrique ou L\u00e9o Pereira? E Vitinho, que terminou bem a temporada passada e come\u00e7ou bem a desse ano, d\u00e1 a definitiva volta por cima, conquista cora\u00e7\u00f5es e mentes rubro-negros e engrena de vez?<\/p>\n<p style=\"text-align: justify;margin-bottom:24px\"> Resta aguardar. E para ajudar a passar o tempo, uma brincadeirinha divertida e vantajosa para leitoras e leitores: as tr\u00eas primeiras pessoas que mandarem coment\u00e1rios no blog \u2013 tem que ser na caixa de coment\u00e1rios do blog \u2013, identificando quem sou eu na foto acima, ganham 40% de desconto na compra de \u201cFesta na Favela\u201d, livro que lancei em parceria com a Nivinha. De R$ 50,00 por R$ 30,00, com frete gratuito (para qualquer lugar do Brasil) e dedicat\u00f3ria personalizada. Claro: a promo\u00e7\u00e3o s\u00f3 vale para quem n\u00e3o me conhecia naquela \u00e9poca.<\/p>\n<p style=\"text-align: justify;margin-bottom:24px\"> Algu\u00e9m se habilita?<\/p>\n<div class='button-row'>\n\t<a href='http:\/\/republicapazeamor.com.br\/site\/jorge-murtinho\/' class='button small-button \n\t\t\t \n\t\t\trounded-corners \n\t\t\torange-button text-uppercase' style=\"color: #ffffff; background-color: #000000; box-shadow: 0 0 0 3px #991b1b inset;\">\n\t\t\t\tSobre Jorge Murtinho\t<\/a>\n<\/div>\n<!-- AddThis Advanced Settings generic via filter on the_content --><!-- AddThis Share Buttons generic via filter on the_content -->","protected":false},"excerpt":{"rendered":"<p>Eu sou desses: mato a cobra e mostro o pau. A foto que ilustra o post \u00e9 de um dos grandes times entre tantos que desfilaram categoria e competitividade nos Torneios de Pelada do Aterro do Flamengo, promovidos pelo Jornal dos Sports e patrocinados pela Caderneta de Poupan\u00e7a Delfin. Nesse Natal \/ Lembre-se de mim &#8230; <a class=\"read-more-link\" href=\"http:\/\/republicapazeamor.com.br\/site\/historico-de-atleta-e-isso-ai\/\">Read More <i class=\"ico-946\"><\/i><\/a><\/p>\n","protected":false},"author":2,"featured_media":7933,"comment_status":"open","ping_status":"open","sticky":false,"template":"","format":"standard","meta":[],"categories":[30],"tags":[],"_links":{"self":[{"href":"http:\/\/republicapazeamor.com.br\/site\/wp-json\/wp\/v2\/posts\/7932"}],"collection":[{"href":"http:\/\/republicapazeamor.com.br\/site\/wp-json\/wp\/v2\/posts"}],"about":[{"href":"http:\/\/republicapazeamor.com.br\/site\/wp-json\/wp\/v2\/types\/post"}],"author":[{"embeddable":true,"href":"http:\/\/republicapazeamor.com.br\/site\/wp-json\/wp\/v2\/users\/2"}],"replies":[{"embeddable":true,"href":"http:\/\/republicapazeamor.com.br\/site\/wp-json\/wp\/v2\/comments?post=7932"}],"version-history":[{"count":1,"href":"http:\/\/republicapazeamor.com.br\/site\/wp-json\/wp\/v2\/posts\/7932\/revisions"}],"predecessor-version":[{"id":7934,"href":"http:\/\/republicapazeamor.com.br\/site\/wp-json\/wp\/v2\/posts\/7932\/revisions\/7934"}],"wp:featuredmedia":[{"embeddable":true,"href":"http:\/\/republicapazeamor.com.br\/site\/wp-json\/wp\/v2\/media\/7933"}],"wp:attachment":[{"href":"http:\/\/republicapazeamor.com.br\/site\/wp-json\/wp\/v2\/media?parent=7932"}],"wp:term":[{"taxonomy":"category","embeddable":true,"href":"http:\/\/republicapazeamor.com.br\/site\/wp-json\/wp\/v2\/categories?post=7932"},{"taxonomy":"post_tag","embeddable":true,"href":"http:\/\/republicapazeamor.com.br\/site\/wp-json\/wp\/v2\/tags?post=7932"}],"curies":[{"name":"wp","href":"https:\/\/api.w.org\/{rel}","templated":true}]}}