{"id":707,"date":"2015-02-13T11:36:03","date_gmt":"2015-02-13T11:36:03","guid":{"rendered":"http:\/\/republicapazeamor.com.br\/site\/?p=707"},"modified":"2015-02-13T11:42:57","modified_gmt":"2015-02-13T11:42:57","slug":"a-licao-do-mozer-2","status":"publish","type":"post","link":"http:\/\/republicapazeamor.com.br\/site\/a-licao-do-mozer-2\/","title":{"rendered":"A li\u00e7\u00e3o do Mozer"},"content":{"rendered":"\n<p style=\"text-align: justify; margin-bottom:24px;\">Assisti ao treino contra a Cabofriense por um dos canais do PFC. Na metade do segundo tempo, quando Eduardo da Silva tirou o colete, a rep\u00f3rter Jana\u00edna Xavier anunciou: \u201cVem a\u00ed Carlos Eduardo.\u201d<\/p>\n<p style=\"text-align: justify; margin-bottom:24px;\">Gelei.<\/p>\n<p style=\"text-align: justify; margin-bottom:24px;\">Pensei estar de volta a um pesadelo recente e que imaginava pra sempre superado. O cara pode ser desajeitado e n\u00e3o ter intimidade com a crian\u00e7a \u2013 se algu\u00e9m a\u00ed pensou no C\u00e1ceres, bingo \u2013, mas tem que correr, suar, dar o sangue, honrar a bel\u00edssima camisa que veste. Justi\u00e7a seja feita: exatamente o que o C\u00e1ceres faz. Ao ouvir o nome pronunciado por Jana\u00edna Xavier, convivi alguns segundos com a lembran\u00e7a daquele fantasminha em campo, que corria tr\u00eas metros pra c\u00e1 e tr\u00eas metros pra l\u00e1 como se suspirasse no melhor estilo Macuna\u00edma: ai que pregui\u00e7a! Felizmente, Jana\u00edna percebeu \u2013 ou foi avisada \u2013 em seguida, e corrigiu a informa\u00e7\u00e3o rapidamente, interrompendo a tortura psicol\u00f3gica e me economizando alguns anos de terapia.<\/p>\n<p style=\"text-align: justify; margin-bottom:24px;\">Quanto ao jogo, sejamos coerentes. Se ao empatar com o Maca\u00e9 engatamos o discurso da falta de ritmo, da fase de observa\u00e7\u00f5es etc., n\u00e3o podemos sair por a\u00ed cantando loas por uma goleada em cima do time de Cabo Frio \u2013 cidade que, at\u00e9 hoje, s\u00f3 deu uma contribui\u00e7\u00e3o importante \u00e0 hist\u00f3ria do futebol brasileiro: o magn\u00edfico lateral-direito Leandro.<\/p>\n<p style=\"text-align: justify; margin-bottom:24px;\">Nosso horroroso primeiro tempo foi salvo por um bom chute de Gabriel e uma jogada individual do Arthur Maia, intermediada por um preciso cruzamento de Par\u00e1 e finalizada de modo estranho por Marcelo Cirino. (Aquela bola s\u00f3 entrou porque bateu no zagueiro, n\u00e3o?) Para quem se apega \u00e0s tais observa\u00e7\u00f5es, valeu pelo Arthur Maia e pelo Cirino, que podem realmente balan\u00e7ar o ch\u00e3o da pra\u00e7a, mas o lance mais importante do jogo foi o gol de empate da Cabofriense, por causa do erro de Samir.<\/p>\n<p style=\"text-align: justify; margin-bottom:24px;\">Artigo primeiro, par\u00e1grafo \u00fanico: nosso time \u00e9 limitado. E revoguem-se as disposi\u00e7\u00f5es em contr\u00e1rio. Entretanto, diante do cen\u00e1rio caida\u00e7o do futebol brasileiro, se nos ajeitarmos e, sobretudo, se jogarmos com aplica\u00e7\u00e3o, d\u00e1 para encarar qualquer um e disputar qualquer coisa.<\/p>\n<p style=\"text-align: justify; margin-bottom:24px;\">Uma t\u00e3o \u00f3bvia quanto s\u00e1bia m\u00e1xima futebol\u00edstica diz que s\u00f3 perde p\u00eanalti quem bate. S\u00f3 erra quem t\u00e1 l\u00e1 dentro. Mas errar \u00e9 uma coisa, ser displicente \u00e9 outra. Fiz uma brincadeira com Samir no post anterior, a respeito de suas escorregadelas fatais, e pode parecer que n\u00e3o gosto dele. Pelo contr\u00e1rio: gosto bastante. \u00c9 firme, tem impuls\u00e3o e velocidade, n\u00e3o costuma sentir vergonha em p\u00f4r a bola pra fora quando a coisa aperta. Mas, voltando ao irrevog\u00e1vel artigo primeiro, s\u00f3 vamos superar nossas limita\u00e7\u00f5es se tivermos concentra\u00e7\u00e3o e seriedade do primeiro ao \u00faltimo momento. Ok: \u00e9 duro manter a paudurec\u00eancia em jogos como esse, mas se n\u00e3o for assim, vamos observar o qu\u00ea e melhorar como?<\/p>\n<p style=\"text-align: justify; margin-bottom:24px;\">Uma historinha para ilustrar.<\/p>\n<p style=\"text-align: justify; margin-bottom:24px;\">O grande Mozer ainda era apenas um zagueiro promissor e tinha acabado de ser lan\u00e7ado no time de cima do Flamengo. Jogava muito, mas gostava de fazer uma gra\u00e7a. Era o come\u00e7o de uma partida no Maracan\u00e3, contra o Serrano (esp\u00e9cie de Cabofriense dos anos oitenta), quando sobrou uma bola f\u00e1cil na nossa zaga. Mozer fez pose para dominar, o atacante advers\u00e1rio tomou e criou uma confus\u00e3o danada. N\u00e3o deu em gol, mas o treinador do Flamengo, Dino Sani, viu ali uma oportunidade de decidir o futuro daquele garoto: feito um pai rigoroso ou um dedicado pedagogo, mandou aquecer o zagueiro reserva e decretou a substitui\u00e7\u00e3o sum\u00e1ria de Mozer, como se o colocasse de castigo de frente para a parede. Alguns anos depois, Mozer ganharia tudo pelo Flamengo, esteve na Copa do Mundo de 90 e s\u00f3 n\u00e3o foi \u00e0 de 94 por problemas m\u00e9dicos.<\/p>\n<p style=\"text-align: justify; margin-bottom:24px;\">Vanderlei Luxemburgo agiu bem em n\u00e3o tirar Samir de campo ontem, n\u00e3o precisava tanto. Mas bem que poderia contar essa historinha pra ele.<\/p>\n<div class='button-row'>\n\t<a href='http:\/\/republicapazeamor.com.br\/site\/jorge-murtinho\/' class='button small-button \n\t\t\t \n\t\t\trounded-corners \n\t\t\torange-button text-uppercase' style=\"color: #ffffff; background-color: #000000; box-shadow: 0 0 0 3px #991b1b inset;\">\n\t\t\t\tSobre Jorge Murtinho\t<\/a>\n<\/div>\n<!-- AddThis Advanced Settings generic via filter on the_content --><!-- AddThis Share Buttons generic via filter on the_content -->","protected":false},"excerpt":{"rendered":"<p>Assisti ao treino contra a Cabofriense por um dos canais do PFC. Na metade do segundo tempo, quando Eduardo da Silva tirou o colete, a rep\u00f3rter Jana\u00edna Xavier anunciou: \u201cVem a\u00ed Carlos Eduardo.\u201d Gelei. Pensei estar de volta a um pesadelo recente e que imaginava pra sempre superado. O cara pode ser desajeitado e n\u00e3o &#8230; <a class=\"read-more-link\" href=\"http:\/\/republicapazeamor.com.br\/site\/a-licao-do-mozer-2\/\">Read More <i class=\"ico-946\"><\/i><\/a><\/p>\n","protected":false},"author":2,"featured_media":708,"comment_status":"open","ping_status":"open","sticky":false,"template":"","format":"standard","meta":[],"categories":[33],"tags":[],"_links":{"self":[{"href":"http:\/\/republicapazeamor.com.br\/site\/wp-json\/wp\/v2\/posts\/707"}],"collection":[{"href":"http:\/\/republicapazeamor.com.br\/site\/wp-json\/wp\/v2\/posts"}],"about":[{"href":"http:\/\/republicapazeamor.com.br\/site\/wp-json\/wp\/v2\/types\/post"}],"author":[{"embeddable":true,"href":"http:\/\/republicapazeamor.com.br\/site\/wp-json\/wp\/v2\/users\/2"}],"replies":[{"embeddable":true,"href":"http:\/\/republicapazeamor.com.br\/site\/wp-json\/wp\/v2\/comments?post=707"}],"version-history":[{"count":2,"href":"http:\/\/republicapazeamor.com.br\/site\/wp-json\/wp\/v2\/posts\/707\/revisions"}],"predecessor-version":[{"id":711,"href":"http:\/\/republicapazeamor.com.br\/site\/wp-json\/wp\/v2\/posts\/707\/revisions\/711"}],"wp:featuredmedia":[{"embeddable":true,"href":"http:\/\/republicapazeamor.com.br\/site\/wp-json\/wp\/v2\/media\/708"}],"wp:attachment":[{"href":"http:\/\/republicapazeamor.com.br\/site\/wp-json\/wp\/v2\/media?parent=707"}],"wp:term":[{"taxonomy":"category","embeddable":true,"href":"http:\/\/republicapazeamor.com.br\/site\/wp-json\/wp\/v2\/categories?post=707"},{"taxonomy":"post_tag","embeddable":true,"href":"http:\/\/republicapazeamor.com.br\/site\/wp-json\/wp\/v2\/tags?post=707"}],"curies":[{"name":"wp","href":"https:\/\/api.w.org\/{rel}","templated":true}]}}