{"id":684,"date":"2015-02-09T23:17:38","date_gmt":"2015-02-09T23:17:38","guid":{"rendered":"http:\/\/republicapazeamor.com.br\/site\/?p=684"},"modified":"2015-02-09T23:19:11","modified_gmt":"2015-02-09T23:19:11","slug":"o-batismo","status":"publish","type":"post","link":"http:\/\/republicapazeamor.com.br\/site\/o-batismo\/","title":{"rendered":"O batismo"},"content":{"rendered":"<p style=\"text-align: justify; margin-bottom:24px;\">S\u00e1bado, 7 de fevereiro, foi um desses dias que a falta de imagina\u00e7\u00e3o costuma chamar de gloriosos. Desembarquei no Rio de Janeiro com a cidade ensolarada e j\u00e1 fui trombando com animados blocos pelo caminho, naquele astral que encanta e conquista gentes de todo o planeta. Depois, um almo\u00e7o da maior qualidade \u2013 tanto pela mesa quanto pela prosa \u2013 com a filha adorada, no <em>Mira!<\/em> da Casa Daros. Fim de tarde, encontro com os republicanos e, na sequ\u00eancia, minha primeira participa\u00e7\u00e3o na Confraria do Urublog \u2013 que ainda n\u00e3o se decidiu se muda de nome, se pensa um jeito de acrescentar Rep\u00fablica Paz &amp; Amor, se adiciona apenas o Rep\u00fablica ou s\u00f3 o Paz &amp; Amor. Como sou tradicionalista, acho que deveria ficar como est\u00e1, mas n\u00e3o cabe a mim.<\/p>\n<p style=\"text-align: justify; margin-bottom:24px;\">Bira, Carlos Moraes, Chacal, Edvan, Lucifer, mulheres, filhos, beb\u00eas, adolescentes, gente que veio at\u00e9 de Bras\u00edlia e da Bahia, trazendo carinho, simpatia e paix\u00e3o em vermelho e preto. Um batismo literal, pois n\u00e3o demorou para o mundo desabar \u00e0 porta daquele s\u00f3rdido boteco do Baixo G\u00e1vea. E quando a chuva aliviou, Nivinha fez a gentileza de dobrar minha timidez e me obrigar a gravar um v\u00eddeo sobre o jog\u00e3o contra o Resende, que \u2013 devido ao alto estado et\u00edlico e ao baixo interesse gerado pelo Euriquinho 2015 \u2013 mal conseguimos olhar. Vimos os dois gola\u00e7os do Pico, o p\u00eanalti clar\u00edssimo, indiscut\u00edvel e cobrado com categoria, e s\u00f3. Em meu lament\u00e1vel depoimento no v\u00eddeo, quando a Nivinha me corrige lembrando que Mugni n\u00e3o entrou, faltou justificar: foi por isso que gostei da atua\u00e7\u00e3o dele. Se o Mugni n\u00e3o entra e o Samir n\u00e3o escorrega, estamos no lucro.<\/p>\n<p style=\"text-align: justify; margin-bottom:24px;\">L\u00e1 pelas tantas, mostrei ao Carlos Moraes a foto da estreia do meu neto no Maraca, vestindo o Minimanto Sagrado. O homem n\u00e3o se fez de rogado: sacou o celular, abriu a galeria de fotos e me mostrou aquela que \u00e9 certamente a fam\u00edlia mais bem-vestida do BrasiL: algo entre doze e quinze componentes do respeitado cl\u00e3 Moraes, todos vestidos de Flamengo da cabe\u00e7a aos p\u00e9s. Coisa mais linda.<\/p>\n<p style=\"text-align: justify; margin-bottom:24px;\">No final da noite, um dos integrantes do Rep\u00fablica me puxou para um canto e confidenciou ter recebido, alguns dias antes, um elogio que nos deixa envaidecidos mas preocupados. Algu\u00e9m disse a ele: \u201cParab\u00e9ns, voc\u00eas fizeram o primeiro <em>blog premium<\/em> do Flamengo\u201d. Prometemos manter o empenho pra n\u00e3o deixar a peteca cair, mas refor\u00e7amos nosso lema da humildade. Sempre. Conforme mostra o nome nas costas da camisa do chefe, na imagem que ilustra esse recatado texto.<\/p>\n<div class='button-row'>\n\t<a href='http:\/\/republicapazeamor.com.br\/site\/jorge-murtinho\/' class='button small-button \n\t\t\t \n\t\t\trounded-corners \n\t\t\torange-button text-uppercase' style=\"color: #ffffff; background-color: #000000; box-shadow: 0 0 0 3px #991b1b inset;\">\n\t\t\t\tSobre Jorge Murtinho\t<\/a>\n<\/div>\n<!-- AddThis Advanced Settings generic via filter on the_content --><!-- AddThis Share Buttons generic via filter on the_content -->","protected":false},"excerpt":{"rendered":"<p>S\u00e1bado, 7 de fevereiro, foi um desses dias que a falta de imagina\u00e7\u00e3o costuma chamar de gloriosos. Desembarquei no Rio de Janeiro com a cidade ensolarada e j\u00e1 fui trombando com animados blocos pelo caminho, naquele astral que encanta e conquista gentes de todo o planeta. Depois, um almo\u00e7o da maior qualidade \u2013 tanto pela &#8230; <a class=\"read-more-link\" href=\"http:\/\/republicapazeamor.com.br\/site\/o-batismo\/\">Read More <i class=\"ico-946\"><\/i><\/a><\/p>\n","protected":false},"author":2,"featured_media":685,"comment_status":"open","ping_status":"open","sticky":false,"template":"","format":"standard","meta":[],"categories":[33],"tags":[],"_links":{"self":[{"href":"http:\/\/republicapazeamor.com.br\/site\/wp-json\/wp\/v2\/posts\/684"}],"collection":[{"href":"http:\/\/republicapazeamor.com.br\/site\/wp-json\/wp\/v2\/posts"}],"about":[{"href":"http:\/\/republicapazeamor.com.br\/site\/wp-json\/wp\/v2\/types\/post"}],"author":[{"embeddable":true,"href":"http:\/\/republicapazeamor.com.br\/site\/wp-json\/wp\/v2\/users\/2"}],"replies":[{"embeddable":true,"href":"http:\/\/republicapazeamor.com.br\/site\/wp-json\/wp\/v2\/comments?post=684"}],"version-history":[{"count":2,"href":"http:\/\/republicapazeamor.com.br\/site\/wp-json\/wp\/v2\/posts\/684\/revisions"}],"predecessor-version":[{"id":687,"href":"http:\/\/republicapazeamor.com.br\/site\/wp-json\/wp\/v2\/posts\/684\/revisions\/687"}],"wp:featuredmedia":[{"embeddable":true,"href":"http:\/\/republicapazeamor.com.br\/site\/wp-json\/wp\/v2\/media\/685"}],"wp:attachment":[{"href":"http:\/\/republicapazeamor.com.br\/site\/wp-json\/wp\/v2\/media?parent=684"}],"wp:term":[{"taxonomy":"category","embeddable":true,"href":"http:\/\/republicapazeamor.com.br\/site\/wp-json\/wp\/v2\/categories?post=684"},{"taxonomy":"post_tag","embeddable":true,"href":"http:\/\/republicapazeamor.com.br\/site\/wp-json\/wp\/v2\/tags?post=684"}],"curies":[{"name":"wp","href":"https:\/\/api.w.org\/{rel}","templated":true}]}}