{"id":627,"date":"2015-02-02T19:44:44","date_gmt":"2015-02-02T19:44:44","guid":{"rendered":"http:\/\/republicapazeamor.com.br\/site\/?p=627"},"modified":"2015-02-02T21:17:46","modified_gmt":"2015-02-02T21:17:46","slug":"a-peleja-do-diabo-com-o-dono-do-ceu","status":"publish","type":"post","link":"http:\/\/republicapazeamor.com.br\/site\/a-peleja-do-diabo-com-o-dono-do-ceu\/","title":{"rendered":"A peleja do diabo com o dono do c\u00e9u."},"content":{"rendered":"<p style=\"text-align: justify; margin-bottom:24px;\">Quem j\u00e1 teve a curiosidade de clicar ali no <i>Sobre Jorge Murtinho<\/i> viu que sou redator publicit\u00e1rio. Assim que entrei em meu primeiro est\u00e1gio numa ag\u00eancia de propaganda, e isso faz tanto tempo que \u00e9 espantoso que eu ainda me lembre, o pessoal do departamento de cria\u00e7\u00e3o da saudosa Caio Domingues me obrigava a consumir boa parte dos dias na leitura de anu\u00e1rios de propaganda \u2013 livros que trazem o melhor da produ\u00e7\u00e3o publicit\u00e1ria em todo o mundo. Eu ficava abestalhado com aquela transbord\u00e2ncia de criatividade, e uma das campanhas que nunca esqueci era de uma locadora americana de autom\u00f3veis chamada Avis. Dezenas de an\u00fancios de revista, cada um mais bacana que o outro, em que a Avis reconhecia a lideran\u00e7a da concorrente Hertz e se assumia como a segunda no mercado. O conceito presente em todas as pe\u00e7as era esse: quem \u00e9 a segunda tem que trabalhar duro para vir a ser a primeira. Por isso, os clientes da Avis jamais receberiam um carro com guimbas de cigarro no cinzeiro, bancos com uma sujeirinha que fosse, sem combust\u00edvel no tanque etc. Era simples e cr\u00edvel.<\/p>\n<p style=\"text-align: justify; margin-bottom:24px;\">Entretanto, a grande sacada n\u00e3o estava em admitir a lideran\u00e7a da Hertz: o bem escondido pulo do gato era se declarar a segunda do mercado \u2013 o que n\u00e3o era t\u00e3o indiscut\u00edvel assim. Na verdade, com a Hertz acima de todas as outras, havia um violento pegapacap\u00e1 em busca do segundo lugar. Com aquela campanha, a Avis se posicionava como tal e encerrava a discuss\u00e3o.<\/p>\n<p style=\"text-align: justify; margin-bottom:24px;\">A cada atitude tresloucada e irrespons\u00e1vel de Eurico Miranda, percebo um tra\u00e7o \u2013 sem um pingo do mesmo talento, claro \u2013 da campanha da Avis, a come\u00e7ar pelo desejo incontrol\u00e1vel de marcar posi\u00e7\u00e3o como vice. O pr\u00f3prio Eurico j\u00e1 disse, reiteradas vezes, que o seu maior m\u00e9rito \u00e0 frente do Vasco foi colocar o clube na condi\u00e7\u00e3o de maior rival do Flamengo, passando a perna em Botafogo e Fluminense. Assim, a picuinha e o indisfar\u00e7\u00e1vel recalque em rela\u00e7\u00e3o ao rubro-negro seriam uma esp\u00e9cie de jogo de cena: como \u00e9 imposs\u00edvel discutir a superioridade do Flamengo, resta ao Vasco garantir a posi\u00e7\u00e3o imediatamente abaixo. Ser vice, em S\u00e3o Janu\u00e1rio, \u00e9 mais que uma quest\u00e3o de sina: \u00e9 uma ambi\u00e7\u00e3o.<\/p>\n<p style=\"text-align: justify; margin-bottom:24px;\">O texto \u201cAgoniza mas n\u00e3o morre\u201d foi postado aqui no Rep\u00fablica Paz &amp; Amor antes de Flamengo e Fluminense divulgarem a nota que pode virar nosso futebol de ponta-cabe\u00e7a. Ela muda muita coisa, inclusive essa frase escrita por mim naquele post: \u201cFato \u00e9 que o carioquinha est\u00e1 a\u00ed batendo na porta, e n\u00e3o h\u00e1 outra op\u00e7\u00e3o a n\u00e3o ser ganh\u00e1-lo.\u201d Na boa, nem sei se isso continua sendo um objetivo.<\/p>\n<p style=\"text-align: justify; margin-bottom:24px;\">Sim, tentativas semelhantes de mudan\u00e7as j\u00e1 ocorreram, sendo a \u00faltima e mais importante delas a forma\u00e7\u00e3o da liga de clubes para a disputa do Campeonato Brasileiro de 1987, que poderia ser um marco na hist\u00f3ria do futebol brasileiro e acabou esvaziada porque alguns clubes afinaram. H\u00e1 quem ainda duvide de tais gestos, mas n\u00e3o custa lembrar que o surgimento do Bom Senso FC tamb\u00e9m foi visto com reservas \u2013 ah, isso n\u00e3o vai dar em nada \u2013, e o movimento est\u00e1 a\u00ed, interferindo, influenciando e sendo recebido em audi\u00eancias pela presid\u00eancia da Rep\u00fablica.<\/p>\n<p style=\"text-align: justify; margin-bottom:24px;\">Ok. O que Flamengo e Fluminense prop\u00f5em n\u00e3o \u00e9 simples. Primeira pergunta: se todos os pequenos est\u00e3o com a Ferj e o Botafogo lamentavelmente embarcou na furad\u00edssima canoa vasca\u00edna, como fundar uma liga independente contando com apenas dois clubes? \u00c9 poss\u00edvel que a dupla Fla-Flu tenha algumas cartas na manga e minha pergunta seja ing\u00eanua, mas n\u00e3o me incomodo. Sou ing\u00eanuo mesmo. Tenho o racioc\u00ednio simpl\u00f3rio e apol\u00edtico da imensa maioria dos torcedores.<\/p>\n<p style=\"text-align: justify; margin-bottom:24px;\">Por outro lado, n\u00e3o creio que essa d\u00favida pr\u00e1tica diminua a import\u00e2ncia que a nota tem. Pois o fundamental \u00e9 o fato de Flamengo e Fluminense deixarem claro, junto \u00e0s suas torcidas, aos patrocinadores, aos parceiros comerciais e aos detentores dos direitos de transmiss\u00e3o pela tev\u00ea, que disputar\u00e3o o Euriquinho 2015 sob protestos e em respeito a eles, mas que n\u00e3o participar\u00e3o de futuras competi\u00e7\u00f5es montadas da mesma forma e com tal teor de desmandos.<\/p>\n<p style=\"text-align: justify; margin-bottom:24px;\">Isso \u00e9 o futuro, e n\u00e3o vale s\u00f3 para Flamengo e Fluminense ou para o campeonato estadual do Rio de Janeiro. Tamb\u00e9m vale para Corinthians, Palmeiras, Santos, S\u00e3o Paulo, Atl\u00e9tico Mineiro, Cruzeiro, Gr\u00eamio, Internacional e para os campeonatos paulista, mineiro, ga\u00facho e, sobretudo, brasileiro.<\/p>\n<p style=\"text-align: justify; margin-bottom:24px;\">Os torcedores de Flamengo e Fluminense n\u00e3o precisam se preocupar em rela\u00e7\u00e3o \u00e0s estat\u00edsticas do campeonato carioca. Eurico e seu atraso t\u00eam tr\u00eas temporadas de mandato no Vasco, com possibilidade de recondu\u00e7\u00e3o para outras tr\u00eas. (Mais que isso, convenhamos, n\u00e3o d\u00e1. O homem estar\u00e1 se aproximando dos oitenta anos.) Se, sem advers\u00e1rios e com a Ferj no bolso, o Vasco levantar seis carioquetas ris\u00edveis e com tanto valor quanto uma nota de tr\u00eas reais, chegar\u00e1 \u00e0 marca de 28 t\u00edtulos. Atr\u00e1s, portanto, dos 31 do Fluminense e dos 33 do Flamengo.<\/p>\n<p style=\"text-align: justify; margin-bottom:24px;\">Infelizmente, parece que isso \u00e9 tudo o que a torcida do Vasco quer e foi para isso que os s\u00f3cios do Vasco votaram. Deixemos com eles os t\u00edtulos frutos da pobreza de esp\u00edrito e de vis\u00e3o, e tratemos de cuidar do que interessa: a moraliza\u00e7\u00e3o do futebol carioca (e brasileiro) e o irrefre\u00e1vel destino que aguarda o Flamengo: o de se transformar num dos mais rent\u00e1veis e bem-sucedidos clubes do mundo.<\/p>\n<p style=\"text-align: justify; margin-bottom:24px;\">Tem que aturar.<\/p>\n<div class='button-row'>\n\t<a href='http:\/\/republicapazeamor.com.br\/site\/jorge-murtinho\/' class='button small-button \n\t\t\t \n\t\t\trounded-corners \n\t\t\torange-button text-uppercase' style=\"color: #ffffff; background-color: #000000; box-shadow: 0 0 0 3px #991b1b inset;\">\n\t\t\t\tSobre Jorge Murtinho\t<\/a>\n<\/div>\n<!-- AddThis Advanced Settings generic via filter on the_content --><!-- AddThis Share Buttons generic via filter on the_content -->","protected":false},"excerpt":{"rendered":"<p>Quem j\u00e1 teve a curiosidade de clicar ali no Sobre Jorge Murtinho viu que sou redator publicit\u00e1rio. Assim que entrei em meu primeiro est\u00e1gio numa ag\u00eancia de propaganda, e isso faz tanto tempo que \u00e9 espantoso que eu ainda me lembre, o pessoal do departamento de cria\u00e7\u00e3o da saudosa Caio Domingues me obrigava a consumir &#8230; <a class=\"read-more-link\" href=\"http:\/\/republicapazeamor.com.br\/site\/a-peleja-do-diabo-com-o-dono-do-ceu\/\">Read More <i class=\"ico-946\"><\/i><\/a><\/p>\n","protected":false},"author":2,"featured_media":629,"comment_status":"open","ping_status":"open","sticky":false,"template":"","format":"standard","meta":[],"categories":[33],"tags":[],"_links":{"self":[{"href":"http:\/\/republicapazeamor.com.br\/site\/wp-json\/wp\/v2\/posts\/627"}],"collection":[{"href":"http:\/\/republicapazeamor.com.br\/site\/wp-json\/wp\/v2\/posts"}],"about":[{"href":"http:\/\/republicapazeamor.com.br\/site\/wp-json\/wp\/v2\/types\/post"}],"author":[{"embeddable":true,"href":"http:\/\/republicapazeamor.com.br\/site\/wp-json\/wp\/v2\/users\/2"}],"replies":[{"embeddable":true,"href":"http:\/\/republicapazeamor.com.br\/site\/wp-json\/wp\/v2\/comments?post=627"}],"version-history":[{"count":3,"href":"http:\/\/republicapazeamor.com.br\/site\/wp-json\/wp\/v2\/posts\/627\/revisions"}],"predecessor-version":[{"id":631,"href":"http:\/\/republicapazeamor.com.br\/site\/wp-json\/wp\/v2\/posts\/627\/revisions\/631"}],"wp:featuredmedia":[{"embeddable":true,"href":"http:\/\/republicapazeamor.com.br\/site\/wp-json\/wp\/v2\/media\/629"}],"wp:attachment":[{"href":"http:\/\/republicapazeamor.com.br\/site\/wp-json\/wp\/v2\/media?parent=627"}],"wp:term":[{"taxonomy":"category","embeddable":true,"href":"http:\/\/republicapazeamor.com.br\/site\/wp-json\/wp\/v2\/categories?post=627"},{"taxonomy":"post_tag","embeddable":true,"href":"http:\/\/republicapazeamor.com.br\/site\/wp-json\/wp\/v2\/tags?post=627"}],"curies":[{"name":"wp","href":"https:\/\/api.w.org\/{rel}","templated":true}]}}