{"id":6044,"date":"2019-06-02T16:42:43","date_gmt":"2019-06-02T16:42:43","guid":{"rendered":"http:\/\/republicapazeamor.com.br\/site\/?p=6044"},"modified":"2019-06-04T13:06:47","modified_gmt":"2019-06-04T13:06:47","slug":"a-mais-flamenga-de-todas-as-semanas","status":"publish","type":"post","link":"http:\/\/republicapazeamor.com.br\/site\/a-mais-flamenga-de-todas-as-semanas\/","title":{"rendered":"A mais flamenga de todas as semanas."},"content":{"rendered":"<p style=\"text-align: justify;margin-bottom:24px\"> <strong>Campeonato Brasileiro, 7\u00aa rodada. <\/strong>                                                                                                      <\/p>\n<p style=\"text-align: justify;margin-bottom:24px\"> A semana que antecedeu a partida com o Fortaleza teve quatro dias da mais pura flamenguice.                                                                                                                                     <\/p>\n<p style=\"text-align: justify;margin-bottom:24px\"> Domingo, contra o Athletico Paranaense, in\u00edcio de jogo pilhado, um a zero a favor, tudo parecendo sob controle. A\u00ed come\u00e7a o segundo tempo. Time amedrontado, dois a um contra \u2013 gols de Marcelo Cirino \u2013, torcida irada, Maracan\u00e3 prestes a explodir. A movimenta\u00e7\u00e3o na \u00e1rea t\u00e9cnica traz um fio de esperan\u00e7a: Arrascaeta deve vir a\u00ed. Mas que nada, quem vem \u00e9 Rodinei. Treinador xingado, alguns jogadores vaiados, empate aos quarenta e quatro, vit\u00f3ria nos acr\u00e9scimos, no peito e na ra\u00e7a, baixando em Rodrigo Caio o cab\u00f4co Rondinelli, beicinho para a torcida e hip\u00f3critas manifesta\u00e7\u00f5es de solidariedade ao t\u00e9cnico. (Querem que ele fique? \u00c9 simples, joguem bola.)                                                                                                                                     <\/p>\n<p style=\"text-align: justify;margin-bottom:24px\"> Fora de campo, na quarta-feira, o desfecho de uma novela que desde o in\u00edcio se revelou mal escrita, mal dirigida e mal interpretada. Apoiada na falsa e c\u00f4moda ideia de que o problema do Flamengo era falta de cobran\u00e7a \u2013 quando, na verdade, nosso elenco ainda n\u00e3o \u00e9 essa coca-cola toda e temos car\u00eancias em tr\u00eas ou quatro posi\u00e7\u00f5es \u2013, a diretoria eleita no final de 2018 optou por um treinador de caracter\u00edsticas filip\u00f4nicas, cobrador e incentivador. Mais um pai do que um t\u00e9cnico. Impressionante como estamos atrasados. Um pouco depois dos sete a um, nosso ex-lateral Leonardo declarava, numa entrevista ao jornalista Renato Maur\u00edcio Prado: \u201cEsse neg\u00f3cio que o futebol brasileiro tem de \u2018vamos l\u00e1, vamos l\u00e1\u2019, n\u00e3o existe na Europa. O jogador rebate na hora: \u2018n\u00e3o me pede motiva\u00e7\u00e3o, que isso eu j\u00e1 tenho\u2019. Ele quer conte\u00fado, quer saber a fun\u00e7\u00e3o, o que fazer e como se comportar taticamente dentro de campo.\u201d                                                                                                                                       <\/p>\n<p style=\"text-align: justify;margin-bottom:24px\"> Abel Braga alegou trairagem. Fontes do treinador residentes em Portugal, onde ele trabalhou por um bom tempo, garantiam que o Flamengo procurara Jorge Jesus. Ser\u00e1 que n\u00e3o \u00e9 o caso de, em vez do mimimi habitual, buscarmos a origem da hist\u00f3ria? Teriam os mandachuvas do futebol rubro-negro se interessado por algu\u00e9m \u2013 fosse o Klopp, o Pochettino ou o Guardiola \u2013 caso o time estivesse s\u00f3lido, organizado e batendo um bol\u00e3o?                                                                                                                                                   <\/p>\n<p style=\"text-align: justify;margin-bottom:24px\"> Abel reclamou, ainda, de tentativas de interfer\u00eancia na escala\u00e7\u00e3o. Discordo. Uma coisa \u00e9 dirigente for\u00e7ar a barra para entrar fulano em vez de beltrano; outra, muito diferente, \u00e9 o debate \u2013 interno, por \u00f3bvio \u2013 quanto a uma decis\u00e3o estrat\u00e9gica, qual seja a de poupar ou n\u00e3o os onze considerados titulares nesse ou naquele momento. N\u00e3o acho que a tarefa caiba, exclusivamente, ao t\u00e9cnico.                                                              <\/p>\n<p style=\"text-align: justify;margin-bottom:24px\"> Mais simples do que tudo isso, a verdade \u00e9 que Abel n\u00e3o funcionou no clube. Ponto. E n\u00e3o havia ind\u00edcios \u2013 embora existisse a possibilidade, pois no futebol os ventos viram \u2013 de que viria a funcionar. Bobagem alegar conspira\u00e7\u00f5es, articula\u00e7\u00f5es, persegui\u00e7\u00f5es e outros sen\u00f5es. Pediu o bon\u00e9, jogou dez mil r\u00e9is no veado, partiu, fez bem. <\/p>\n<p style=\"text-align: justify;margin-bottom:24px\"> A cacicada rubro-negra se decidiu por Jorge Jesus, e at\u00e9 a parada para a Copa Am\u00e9rica o comando segue com o auxiliar Marcelo Salles, que carrega o ambicioso apelido de Fera. Como ningu\u00e9m apelida a si mesmo, releve-se. Fera \u00e9 filho de Marco Ant\u00f4nio, lateral-esquerdo que fez parte da sele\u00e7\u00e3o brasileira nas copas de 70 e 74 \u2013 na de 70, inclusive, tinha apenas 19 anos e era o mais jovem entre todos os jogadores inscritos na competi\u00e7\u00e3o. Saiu daqui como titular e perdeu a vaga, no M\u00e9xico, para Everaldo. A vers\u00e3o mais usual \u00e9 a de contus\u00e3o, mas h\u00e1 boatos de que o sucesso lhe subiu \u00e0 cabe\u00e7a e afetou o desempenho, e a\u00ed o n\u00facleo duro do elenco, formado por Pel\u00e9, Carlos Alberto e G\u00e9rson, sugeriu sua barra\u00e7\u00e3o ao t\u00e9cnico Zagallo. Sabe como \u00e9: o pessoal fala demais. Entretanto, para o que interessa aos rubro-negros, Marco Ant\u00f4nio tamb\u00e9m faz parte da hist\u00f3ria do clube: foi ele quem tocou para escanteio, precipitadamente, a bola cruzada por J\u00fanior aos 41 minutos do segundo tempo do cl\u00e1ssico entre Flamengo e Vasco, pelo campeonato estadual de 1978. Zero a zero, o Vasco pelo empate, Zico cobrou, Rondinelli subiu mais do que Abel \u2013 o pr\u00f3prio \u2013 e fez o que o escritor Ruy Castro considera o mais importante entre os tantos gols marcados na Era Zico.<\/p>\n<p style=\"text-align: justify;margin-bottom:24px\"> Jorge Jesus chega com fama de detalhista, exigente e competente, embora em m\u00e1 companhia: um de seus empres\u00e1rios \u00e9 Kia Joorabchian, cujos malfeitos financeiros deram um t\u00edtulo brasileiro ao Corinthians \u2013 o de 2005, reconhecido como suspeito at\u00e9 pelo ent\u00e3o presidente corintiano Alberto Dualib \u2013 e acabaram atirando o clube, em 2007, nos bra\u00e7os da segunda divis\u00e3o. Cabe registrar que Jesus mostrou picardia: enquanto era apresentado pela m\u00eddia, em um dos camarotes do Est\u00e1dio Independ\u00eancia, como se estivesse a observar o time do Atl\u00e9tico Mineiro, o gajo, mineiramente, estava mesmo era manjando o Flamengo.<\/p>\n<p style=\"text-align: justify;margin-bottom:24px\"> A interinidade de Marcelo Salles n\u00e3o poderia ter come\u00e7ado melhor. Sem contar com Bruno Henrique, ele escalou Arrascaeta por ali e jogadas muito bem trabalhadas \u2013 com bola no ch\u00e3o e de p\u00e9 em p\u00e9, ao contr\u00e1rio dos chuveirinhos que emocionavam Abel Braga e quase nos matavam do cora\u00e7\u00e3o \u2013 se transformaram nos dois gols e nas melhores oportunidades criadas pelo Flamengo. <\/p>\n<p style=\"text-align: justify;margin-bottom:24px\"> Os vinte e cinco primeiros minutos do segundo tempo foram os melhores do time no campeonato, e talvez no ano. N\u00e3o d\u00e1 para dizer que, a partir da\u00ed, algu\u00e9m tenha tirado o p\u00e9. Por\u00e9m, convinha come\u00e7ar a pensar na partida de volta com o Corinthians, pelas oitavas de final da Copa do Brasil.<\/p>\n<p style=\"text-align: justify;margin-bottom:24px\"> <strong>Lances principais.<\/strong>                                                                                                                                   <\/p>\n<p style=\"text-align: justify;margin-bottom:24px\"> 1\u00ba tempo:<br \/>\nAos 3 minutos, Kieza fez o piv\u00f4 para Romarinho, que abriu para Andr\u00e9 Lu\u00eds na direita. Ele trouxe para o meio, saiu de Diego e bateu de fora da \u00e1rea. Diego Alves caiu no canto esquerdo e defendeu firme.<br \/>\nAos 7, Trauco, Arrascaeta e Diego trabalharam pela esquerda. Arrascaeta cruzou na medida para Everton Ribeiro, que tocou de primeira para Willian Ar\u00e3o. De costas para o gol e apertado por Roger Carvalho, Ar\u00e3o dominou e girou sobre o travess\u00e3o.<br \/>\nAos 14, jogada pelo outro lado, com Everton Ribeiro, Par\u00e1, Cu\u00e9llar, novamente Everton Ribeiro e da\u00ed bela enfiada a Willian Ar\u00e3o. Na lateral da \u00e1rea, Ar\u00e3o cruzou com perigo, Quintero cortou do jeito que deu e Arrascaeta completou de voleio. O goleiro Marcelo Boeck tocou na bola mas ela ia entrando, Gabriel Dias salvou em cima da linha.<br \/>\nAos 16, Everton Ribeiro cobrou escanteio, Rodrigo Caio ganhou no alto de Quintero e Boeck, por\u00e9m a cabe\u00e7ada encobriu o travess\u00e3o.<br \/>\nAos 18, Marcinho recebeu de Juninho na meia-esquerda, avan\u00e7ou em velocidade e sem ser combatido por Willian Ar\u00e3o e Everton Ribeiro, que s\u00f3 acompanharam, livrou-se de L\u00e9o Duarte e bateu. Diego Alves defendeu no canto direito, sem problema.<br \/>\nAos 20, depois de um lance confuso na \u00e1rea do Fortaleza, Trauco ganhou a disputa com Romarinho e chutou. A bola desviou em Quintero e sobrou para Everton Ribeiro, \u00e0 frente de Marcelo Boeck. Ele tocou mal, \u00e0 direita do gol, perdendo \u00f3tima chance. (O bandeirinha Alex dos Santos marcou impedimento, que n\u00e3o houve. Caso a bola tivesse entrado, provavelmente o pessoal do VAR teria corrigido o erro, como viria a acontecer no segundo tempo.)<br \/>\nAos 21, Arrascaeta roubou a bola de Gabriel Dias e lan\u00e7ou Gabriel. Ele invadiu pela esquerda e, com Diego pedindo no meio, chutou sem \u00e2ngulo. Boeck defendeu firme.<br \/>\nAos 27, Trauco interceptou um cruzamento de Gabriel Dias e serviu Arrascaeta, que fez um lan\u00e7amento rasteiro, perfeito, nas costas de Quintero, para Gabriel. Ele avan\u00e7ou e, dessa vez, rolou para Diego fazer o gol. Da risca da \u00e1rea, livre, o meia e capit\u00e3o rubro-negro praticamente atrasou para Marcelo Boeck.<br \/>\nAos 30, Everton Ribeiro carregou da direita para o meio e, perto da \u00e1rea, foi ensanduichado por Marcinho e Juninho. Diego bateu colocado, no \u00e2ngulo esquerdo, a bola tocou no travess\u00e3o e Everton Ribeiro n\u00e3o conseguiu aproveitar o rebote. Rodrigo Caio, que acompanhava o lance, ganhou de Quintero e testou para o gol, Boeck fez grande defesa para escanteio.<br \/>\nAos 35, o Fortaleza saiu em velocidade pela esquerda, Cu\u00e9llar desarmou o contra-ataque e recebeu sua primeira ova\u00e7\u00e3o da tarde. (A segunda aconteceu ao ser substitu\u00eddo por Piris da Motta, aos 42 minutos do segundo tempo.) Entre todos os jogadores do elenco, Cu\u00e9llar \u00e9, sem d\u00favida, aquele com quem a torcida mais se identifica.<br \/>\nAos 38, Par\u00e1 deu um desnecess\u00e1rio chut\u00e3o para o alto e a bola caiu \u00e0 frente da \u00e1rea do Flamengo. Romarinho brigou com Cu\u00e9llar e Diego, tabelou com Andr\u00e9 Lu\u00eds e rolou para Gabriel Dias, que entrava livre pela direita. Ele chutou mal, torto, isolou.<br \/>\nAos 39, r\u00e1pida e espetacular jogada pela esquerda. Trauco, Arrascaeta, Diego, Everton Ribeiro de letra para Arrascaeta. Na sa\u00edda de Marcelo Boeck, ele rolou para tr\u00e1s. Livre e sem goleiro, Gabriel apenas empurrou para a rede. Gola\u00e7o, um a zero.                                                                   <\/p>\n<p style=\"text-align: justify;margin-bottom:24px\"> 2\u00ba tempo:<br \/>\nCom 1 minuto, o Flamengo apertou com Cu\u00e9llar, Diego, Willian Ar\u00e3o e Par\u00e1, que tabelou com Everton Ribeiro, recebeu na frente, chegou \u00e0 linha de fundo e cruzou. Roger Carvalho desviou de cabe\u00e7a, Trauco se antecipou a Romarinho, dominou e concluiu com perigo, de p\u00e9 direito, por cima do travess\u00e3o.<br \/>\nAos 2, Diego empurrou para Everton Ribeiro que, com um passe maravilhoso, p\u00f4s Cu\u00e9llar cara a cara com Boeck. O goleiro do Fortaleza fez \u00f3tima defesa para escanteio.<br \/>\nAos 8, a grande chance do Fortaleza na partida. Quintero a Juninho, Juninho a Gabriel Dias e da\u00ed a esticada para Romarinho, que escapou em alta velocidade, deu um corte em Trauco e cruzou na risca da pequena \u00e1rea. Pressionado por Par\u00e1, Marcinho mergulhou e concluiu de cabe\u00e7a para excelente defesa de Diego Alves.<br \/>\nAos 12, depois de outra paciente troca de passes com a participa\u00e7\u00e3o de quase todo o time rubro-negro, a jogada foi acelerada na entrada da \u00e1rea, com Everton Ribeiro, Arrascaeta, Gabriel, Diego e novamente Gabriel, que concluiu. A bola desviou em Quintero e foi a escanteio.<br \/>\nAos 15, Willian Ar\u00e3o roubou de Paulo Roberto ainda no campo rubro-negro, escapou e lan\u00e7ou Gabriel na direita. Ele cruzou rasteiro para a marca do p\u00eanalti e um leve toque de Everton Ribeiro tirou a bola de Diego, que vinha livre para completar.<br \/>\nAos 18, \u00f3tima arrancada de Everton Ribeiro pela meia-esquerda. Na chegada \u00e0 \u00e1rea, tabelou com Arrascaeta, tentou completar, Roger Carvalho salvou, Arrascaeta ficou com a sobra e concluiu. A bola bateu em Everton Ribeiro e foi para fora.<br \/>\nAos 22, outra grande jogada. Diego, Cu\u00e9llar, novamente Diego, Everton Ribeiro, Par\u00e1, mais uma vez Diego e da\u00ed a Arrascaeta, que tocou por entre as pernas de Quintero, como quem diz \u201cfaz, Gabriel\u201d. Na sa\u00edda de Marcelo Boeck, a conclus\u00e3o saiu precisa, no canto direito. O bandeirinha Henrique Ribeiro marcou erradamente impedimento de Gabriel, mas a turma do VAR, comandada por Rafael Traci, corrigiu a bobagem e aos 24 minutos o juiz Rodrigo d\u2019Alonso Ferreira apontou o centro do campo. Dois a zero.                                                                                                                                                             <\/p>\n<p style=\"text-align: justify;margin-bottom:24px\"> <strong>Ficha do jogo.<\/strong>                                                                                                                       <\/p>\n<p style=\"text-align: justify;margin-bottom:24px\"> Flamengo 2 x 0 Fortaleza.<br \/>\nEst\u00e1dio Nilton Santos, 1\u00ba de junho.                                                                                    <\/p>\n<p style=\"text-align: justify;margin-bottom:24px\"> Flamengo: Diego Alves; Par\u00e1, L\u00e9o Duarte, Rodrigo Caio e Trauco; Cu\u00e9llar (Piris da Motta), Willian Ar\u00e3o e Diego (Berr\u00edo); Everton Ribeiro (Vitinho), Gabriel e Arrascaeta. T\u00e9cnico: Marcelo Salles (interino).                                                                                         <\/p>\n<p style=\"text-align: justify;margin-bottom:24px\"> Fortaleza: Marcelo Boeck; Gabriel Dias, Quintero, Roger Carvalho e Bruno Melo; Paulo Roberto (Dod\u00f4), Juninho e Romarinho; Andr\u00e9 Lu\u00eds (Osvaldo), Kieza e Marcinho (Marlon). T\u00e9cnico: Rog\u00e9rio Ceni.                                                                                                         <\/p>\n<p style=\"text-align: justify;margin-bottom:24px\"> Gols: Gabriel aos 39\u2019 do 1\u00ba tempo e aos 22\u2019 do 2\u00ba.                                                                                                                                                  <\/p>\n<p style=\"text-align: justify;margin-bottom:24px\"> Cart\u00e3o amarelo: L\u00e9o Duarte.                                                                                                           <\/p>\n<p style=\"text-align: justify;margin-bottom:24px\"> Juiz: Rodrigo d\u2019Alonso Ferreira. Bandeirinhas: Alex dos Santos e Henrique Ribeiro.                                         <\/p>\n<p style=\"text-align: justify;margin-bottom:24px\"> Renda: R$ 458.146,00. P\u00fablico: 37.658.<\/p>\n<div class='button-row'>\n\t<a href='http:\/\/republicapazeamor.com.br\/site\/jorge-murtinho\/' class='button small-button \n\t\t\t \n\t\t\trounded-corners \n\t\t\torange-button text-uppercase' style=\"color: #ffffff; background-color: #000000; box-shadow: 0 0 0 3px #991b1b inset;\">\n\t\t\t\tSobre Jorge Murtinho\t<\/a>\n<\/div>\n<!-- AddThis Advanced Settings generic via filter on the_content --><!-- AddThis Share Buttons generic via filter on the_content -->","protected":false},"excerpt":{"rendered":"<p>Campeonato Brasileiro, 7\u00aa rodada. A semana que antecedeu a partida com o Fortaleza teve quatro dias da mais pura flamenguice. Domingo, contra o Athletico Paranaense, in\u00edcio de jogo pilhado, um a zero a favor, tudo parecendo sob controle. A\u00ed come\u00e7a o segundo tempo. Time amedrontado, dois a um contra \u2013 gols de Marcelo Cirino \u2013, &#8230; <a class=\"read-more-link\" href=\"http:\/\/republicapazeamor.com.br\/site\/a-mais-flamenga-de-todas-as-semanas\/\">Read More <i class=\"ico-946\"><\/i><\/a><\/p>\n","protected":false},"author":2,"featured_media":6045,"comment_status":"open","ping_status":"open","sticky":false,"template":"","format":"standard","meta":[],"categories":[100],"tags":[],"_links":{"self":[{"href":"http:\/\/republicapazeamor.com.br\/site\/wp-json\/wp\/v2\/posts\/6044"}],"collection":[{"href":"http:\/\/republicapazeamor.com.br\/site\/wp-json\/wp\/v2\/posts"}],"about":[{"href":"http:\/\/republicapazeamor.com.br\/site\/wp-json\/wp\/v2\/types\/post"}],"author":[{"embeddable":true,"href":"http:\/\/republicapazeamor.com.br\/site\/wp-json\/wp\/v2\/users\/2"}],"replies":[{"embeddable":true,"href":"http:\/\/republicapazeamor.com.br\/site\/wp-json\/wp\/v2\/comments?post=6044"}],"version-history":[{"count":5,"href":"http:\/\/republicapazeamor.com.br\/site\/wp-json\/wp\/v2\/posts\/6044\/revisions"}],"predecessor-version":[{"id":6051,"href":"http:\/\/republicapazeamor.com.br\/site\/wp-json\/wp\/v2\/posts\/6044\/revisions\/6051"}],"wp:featuredmedia":[{"embeddable":true,"href":"http:\/\/republicapazeamor.com.br\/site\/wp-json\/wp\/v2\/media\/6045"}],"wp:attachment":[{"href":"http:\/\/republicapazeamor.com.br\/site\/wp-json\/wp\/v2\/media?parent=6044"}],"wp:term":[{"taxonomy":"category","embeddable":true,"href":"http:\/\/republicapazeamor.com.br\/site\/wp-json\/wp\/v2\/categories?post=6044"},{"taxonomy":"post_tag","embeddable":true,"href":"http:\/\/republicapazeamor.com.br\/site\/wp-json\/wp\/v2\/tags?post=6044"}],"curies":[{"name":"wp","href":"https:\/\/api.w.org\/{rel}","templated":true}]}}