{"id":5162,"date":"2018-11-23T19:07:21","date_gmt":"2018-11-23T19:07:21","guid":{"rendered":"http:\/\/republicapazeamor.com.br\/site\/?p=5162"},"modified":"2018-11-23T19:07:21","modified_gmt":"2018-11-23T19:07:21","slug":"mais-do-que-o-inga-e-o-itacoatiara-marcelao","status":"publish","type":"post","link":"http:\/\/republicapazeamor.com.br\/site\/mais-do-que-o-inga-e-o-itacoatiara-marcelao\/","title":{"rendered":"Mais do que o Ing\u00e1 e o Itacoatiara, Marcel\u00e3o."},"content":{"rendered":"<p style=\"text-align: justify;margin-bottom:24px\"> Antes de qualquer coisa, e sobretudo antes que o pau comece a cantar pra cima de mim, declaro a quem interessar possa que jogo no time dos que admiram os feitos administrativos alcan\u00e7ados por Eduardo Bandeira de Mello, nos dois per\u00edodos em que o Flamengo esteve sob a sua presid\u00eancia. <\/p>\n<p style=\"text-align: justify;margin-bottom:24px\"> Mas o que eu gosto mesmo, Marcel\u00e3o, \u00e9 de futebol. E, a\u00ed, o buraco ficou bem mais embaixo.<\/p>\n<p style=\"text-align: justify;margin-bottom:24px\"> Confesso a voc\u00ea que n\u00e3o ligo muito para o sumi\u00e7o do Ing\u00e1 e do Itacoatiara, do mesmo modo que n\u00e3o surfo essa onda de \u201cOrgulho da Na\u00e7\u00e3o\u201d. Trata-se, admito, de uma imperdo\u00e1vel lacuna em minha persona rubro-negra, mas n\u00e3o consigo ser igual a esse povo que torce at\u00e9 em disputas de bolinha de gude, desde que um dos competidores esteja trajando o manto. <\/p>\n<p style=\"text-align: justify;margin-bottom:24px\"> Quando a gente come\u00e7a a discutir remo e basquete, \u00e9 batata: o futebol n\u00e3o est\u00e1 dando para o gasto. E \u00e9 como te falei, numa conversa de b\u00eabado l\u00e1 no Braseiro: esporte \u00e9 futebol, o resto \u00e9 educa\u00e7\u00e3o f\u00edsica. (Por favor, meu camarada, n\u00e3o deixe seu pai ler isto.)<\/p>\n<p style=\"text-align: justify;margin-bottom:24px\"> No entanto, pe\u00e7o carona nessa misteriosa hist\u00f3ria do sumi\u00e7o dos barcos para pedir algumas outras explica\u00e7\u00f5es.<\/p>\n<p style=\"text-align: justify;margin-bottom:24px\"> Noves fora a arruma\u00e7\u00e3o da baga\u00e7a, o pagamento de boa parte das d\u00edvidas e a volta do respeito \u2013 de verdade, e n\u00e3o aquela desacreditada bravata do Eurico \u2013, acho que, antes de passar a faixa, nosso atual presidente bem que poderia explicar algumas coisinhas pr\u00e1ticas. De prefer\u00eancia, sem bl\u00e1-bl\u00e1-bl\u00e1, sem essa conversa pra boi dormir de que as decis\u00f5es eram tomadas em grupo, que todos eram respons\u00e1veis etc., etc., etc. Foi isso o que ouvimos ou lemos durante seis anos, e serviu apenas para desgastar a rela\u00e7\u00e3o. <\/p>\n<p style=\"text-align: justify;margin-bottom:24px\"> Curioso \u00e9 que as quest\u00f5es a ser esclarecidas s\u00e3o simples, s\u00f3 que a nossa brava imprensa especializada nunca se lembra de perguntar. Pois o RP&amp;A, humildemente, pergunta. <\/p>\n<p style=\"text-align: justify;margin-bottom:24px\"> Para isso, o destinat\u00e1rio do post passa a ser outro. Sai o grande Marcelo Dunlop (quase 2m de altura), entra o pequeno Bandeira de Mello (n\u00e3o mais que 1,70m, presumo).<\/p>\n<p style=\"text-align: justify;margin-bottom:24px\"> Vamos l\u00e1.<\/p>\n<p style=\"text-align: justify;margin-bottom:24px\"> 1) Na absurda decis\u00e3o que quase mancha nossa honra e nos derruba para a segundona, quem foi que bancou a escala\u00e7\u00e3o de Andr\u00e9 Santos contra o Cruzeiro, na \u00faltima rodada do Campeonato Brasileiro de 2013? Nome, presidente, queremos o nome da pe\u00e7a. <\/p>\n<p style=\"text-align: justify;margin-bottom:24px\"> 2) No programa \u201cBola da Vez\u201d, da ESPN, que foi ao ar em maio de 2017, Mano Menezes declarou aos jornalistas Jo\u00e3o Carlos Albuquerque, Andr\u00e9 Kfouri e Andr\u00e9 Plihal que um dos motivos que o levaram a se demitir do cargo de t\u00e9cnico do Flamengo, em 2013, foi o fato do vice-presidente de Marketing Luiz Eduardo Baptista, o Bap, querer decidir a quem o treinador daria ou n\u00e3o entrevistas. Procede, presidente?<\/p>\n<p style=\"text-align: justify;margin-bottom:24px\"> 3) \u00c9 verdade, presidente, que Elias n\u00e3o voltou para o Flamengo no in\u00edcio de 2014 \u2013 depois de ter sido nosso jogador mais importante na conquista da Copa do Brasil do ano anterior \u2013 por desleixo e pregui\u00e7a do vice-presidente de Futebol Wallim Vasconcellos? (S\u00f3 lembrando: para o lugar do Elias, trouxemos M\u00e1rcio Ara\u00fajo.)<\/p>\n<p style=\"text-align: justify;margin-bottom:24px\"> 4) De quem foi, presidente, a decis\u00e3o de esperar indefinidamente pelo treinador Reinaldo Rueda, no final de 2017, quando at\u00e9 o meu neto de sete anos j\u00e1 sabia que ele n\u00e3o continuaria no clube?<\/p>\n<p style=\"text-align: justify;margin-bottom:24px\"> As pr\u00f3ximas perguntas exigem contextualiza\u00e7\u00e3o e um pr\u00e9-enunciado. Seguinte: no atual futebol brasileiro, o \u00fanico clube com capacidade de investimento maior que a do Flamengo \u00e9 o Palmeiras, pelos motivos que conhecemos. N\u00e3o o invejo, j\u00e1 que me parece uma rela\u00e7\u00e3o que guarda certa semelhan\u00e7a com a que havia entre o Fluminense e o Dr. Celso Barros, da Unimed. Ou, para ser um tiquinho mais \u00e1cido, a que havia entre o Bangu e o advogado Castor de Andrade, na d\u00e9cada de sessenta. Enquanto a Crefisa continuar tirando dos pobres para dar ao Palmeiras, vai ser duro competir. <\/p>\n<p style=\"text-align: justify;margin-bottom:24px\"> Respeitando a exce\u00e7\u00e3o, n\u00e3o h\u00e1, no futebol brasileiro, outro clube t\u00e3o forte financeiramente quanto o Flamengo. Sendo assim, seguem algumas perguntinhas t\u00e9cnicas e \u00f3bvias, referentes a contrata\u00e7\u00f5es que fizemos ou perdemos a oportunidade de fazer.<\/p>\n<p style=\"text-align: justify;margin-bottom:24px\"> 5) Por que o Cruzeiro vai ao Mercosul e traz o De Arrascaeta, enquanto o Flamengo vai ao Mercosul e traz o Mancuello?<\/p>\n<p style=\"text-align: justify;margin-bottom:24px\"> 6) No ano de 2015, tr\u00eas goleiros de times m\u00e9dios se destacaram no futebol brasileiro: Weverton (ent\u00e3o no Atl\u00e9tico Paranaense, hoje no Palmeiras), Danilo Fernandes (jogava no Sport, atualmente no Inter) e Alex Muralha (naquela ocasi\u00e3o, no Figueirense). Quem foi que olhou para os tr\u00eas, apontou o dedo e disse que Muralha era o cara?<\/p>\n<p style=\"text-align: justify;margin-bottom:24px\"> 7) Quando um dos problemas da nossa zaga \u2013 reconhecido inclusive por Z\u00e9 Ricardo no programa \u201cBem, Amigos\u201d, logo ap\u00f3s sua sa\u00edda do clube \u2013 era a lentid\u00e3o de R\u00e9ver e Rafael Vaz, quem teve a ideia de jerico de contratar um zagueiro mais lento que os dois juntos, o argentino Donatti? Algu\u00e9m na G\u00e1vea conhecia o Kannemann, que o Gr\u00eamio pescou? Tanto Donatti quanto Kannemann chegaram ao futebol brasileiro em julho de 2016.<\/p>\n<p style=\"text-align: justify;margin-bottom:24px\"> 8) Ano passado, a diretoria comprou uma briga boba com a torcida ao ceder a G\u00e1vea ao Sport, numa rodada em que o usurpador enfrentaria o Vasco em S\u00e3o Janu\u00e1rio. Esse ano, o Flamengo emprestou Gabriel ao Sport. Ou seja: apesar dos pesares, as rela\u00e7\u00f5es institucionais com o Sport s\u00e3o boas. Ent\u00e3o, por que n\u00e3o trouxemos, de l\u00e1, o meio-campista Patrick, que talvez seja o melhor jogador da surpreendente campanha do Inter? Ah, sim: tem algu\u00e9m do clube de olho no Jair e no Mateus Gon\u00e7alves, ambos tamb\u00e9m do Sport e com pinta de ser bons jogadores?<\/p>\n<p style=\"text-align: justify;margin-bottom:24px\"> 9) Como \u00e9 que o Santos tem bala para trazer Bruno Henrique \u2013 que esse ano caiu de produ\u00e7\u00e3o ap\u00f3s uma sequ\u00eancia de cinco les\u00f5es no olho direito, mas foi o melhor atacante do Campeonato Brasileiro de 2017 \u2013 e o Flamengo n\u00e3o tem? <\/p>\n<p style=\"text-align: justify;margin-bottom:24px\"> 10) Por falar em Santos: agora a gente quer o lateral Dod\u00f4, mas por que n\u00e3o chegamos nele no in\u00edcio de 2018, antes do pessoal da Vila Belmiro? Outra santista: Carlos S\u00e1nchez n\u00e3o teria sido um \u00f3timo refor\u00e7o pra gente? Ningu\u00e9m percebeu que era poss\u00edvel trazer?<\/p>\n<p style=\"text-align: justify;margin-bottom:24px\"> Para encerrar, mais uma troca de destinat\u00e1rio: a bola passa, agora, \u00e0s leitoras e aos leitores do RP&amp;A. Que quest\u00f5es voc\u00eas gostariam de ver esclarecidas pelo presidente, antes que ele saia para \u2013 segundo suas pr\u00f3prias palavras \u2013 cuidar da vida?<\/p>\n<p style=\"text-align: justify;margin-bottom:24px\"> A caixa de coment\u00e1rios est\u00e1 a\u00ed pra isso mesmo.<\/p>\n<div class='button-row'>\n\t<a href='http:\/\/republicapazeamor.com.br\/site\/jorge-murtinho\/' class='button small-button \n\t\t\t \n\t\t\trounded-corners \n\t\t\torange-button text-uppercase' style=\"color: #ffffff; background-color: #000000; box-shadow: 0 0 0 3px #991b1b inset;\">\n\t\t\t\tSobre Jorge Murtinho\t<\/a>\n<\/div>\n<!-- AddThis Advanced Settings generic via filter on the_content --><!-- AddThis Share Buttons generic via filter on the_content -->","protected":false},"excerpt":{"rendered":"<p>Antes de qualquer coisa, e sobretudo antes que o pau comece a cantar pra cima de mim, declaro a quem interessar possa que jogo no time dos que admiram os feitos administrativos alcan\u00e7ados por Eduardo Bandeira de Mello, nos dois per\u00edodos em que o Flamengo esteve sob a sua presid\u00eancia. Mas o que eu gosto &#8230; <a class=\"read-more-link\" href=\"http:\/\/republicapazeamor.com.br\/site\/mais-do-que-o-inga-e-o-itacoatiara-marcelao\/\">Read More <i class=\"ico-946\"><\/i><\/a><\/p>\n","protected":false},"author":2,"featured_media":5163,"comment_status":"open","ping_status":"open","sticky":false,"template":"","format":"standard","meta":[],"categories":[38],"tags":[],"_links":{"self":[{"href":"http:\/\/republicapazeamor.com.br\/site\/wp-json\/wp\/v2\/posts\/5162"}],"collection":[{"href":"http:\/\/republicapazeamor.com.br\/site\/wp-json\/wp\/v2\/posts"}],"about":[{"href":"http:\/\/republicapazeamor.com.br\/site\/wp-json\/wp\/v2\/types\/post"}],"author":[{"embeddable":true,"href":"http:\/\/republicapazeamor.com.br\/site\/wp-json\/wp\/v2\/users\/2"}],"replies":[{"embeddable":true,"href":"http:\/\/republicapazeamor.com.br\/site\/wp-json\/wp\/v2\/comments?post=5162"}],"version-history":[{"count":3,"href":"http:\/\/republicapazeamor.com.br\/site\/wp-json\/wp\/v2\/posts\/5162\/revisions"}],"predecessor-version":[{"id":5166,"href":"http:\/\/republicapazeamor.com.br\/site\/wp-json\/wp\/v2\/posts\/5162\/revisions\/5166"}],"wp:featuredmedia":[{"embeddable":true,"href":"http:\/\/republicapazeamor.com.br\/site\/wp-json\/wp\/v2\/media\/5163"}],"wp:attachment":[{"href":"http:\/\/republicapazeamor.com.br\/site\/wp-json\/wp\/v2\/media?parent=5162"}],"wp:term":[{"taxonomy":"category","embeddable":true,"href":"http:\/\/republicapazeamor.com.br\/site\/wp-json\/wp\/v2\/categories?post=5162"},{"taxonomy":"post_tag","embeddable":true,"href":"http:\/\/republicapazeamor.com.br\/site\/wp-json\/wp\/v2\/tags?post=5162"}],"curies":[{"name":"wp","href":"https:\/\/api.w.org\/{rel}","templated":true}]}}