{"id":5121,"date":"2018-10-10T23:48:08","date_gmt":"2018-10-10T23:48:08","guid":{"rendered":"http:\/\/republicapazeamor.com.br\/site\/?p=5121"},"modified":"2018-10-10T23:48:08","modified_gmt":"2018-10-10T23:48:08","slug":"a-terra-e-seca-mal-se-pode-cultivar","status":"publish","type":"post","link":"http:\/\/republicapazeamor.com.br\/site\/a-terra-e-seca-mal-se-pode-cultivar\/","title":{"rendered":"A terra \u00e9 seca, mal se pode cultivar"},"content":{"rendered":"<p style=\"text-align: justify;margin-bottom: 24px\">O Gol \u00e9 o orgasmo do futebol<span style=\"font-weight: 400\">. E, como o orgasmo, o gol \u00e9 cada vez menos frequente na vida moderna. <\/span><span style=\"font-weight: 400\">Galeano, preciso. Algum dirigente rubro-negro, desses que vestem cores distintas do vermelho e do preto, e de outro patamar, poderia reescrever: <em><strong>O t\u00edtulo \u00e9 o orgasmo do futebol, e como o orgasmo, o t\u00edtulo \u00e9 cada vez menos frequente na vida do Flamengo moderno. E ainda completaria: Segue normal.<\/strong><\/em> Pela primeira vez, nos \u00faltimos anos, decidi ficar \u00e0 margem do processo pol\u00edtico eleitoral do Flamengo. Ou pelo menos, tentar. N\u00e3o perten\u00e7o aquilo ali. Sou da arquibancada. De cimento.\u00a0 N\u00e3o me vejo naqueles valores, n\u00e3o tenho representatividade nas reuni\u00f5es do Alto Leblon, n\u00e3o\u00a0encontro Flamengo em projetos excludentes, n\u00e3o compactuo com miss\u00f5es e planos de governo que deixam de foram o bem maior: o torcedor e a torcedora. O pobre, o favelado, o negro, a mulher, o que n\u00e3o pode pagar o Plano de S\u00f3cio Torcedor. Antes a disputa era por desvios e benesses. Hoje \u00e9 pelo poder. Aquela boa e velha medi\u00e7\u00e3o de quem tem aquilo maior. Tolinhos. <\/span><em><span style=\"font-weight: 400\">A terra \u00e9 seca, mal se pode cultivar.<\/span><\/em><\/p>\n<p style=\"text-align: justify;margin-bottom: 24px\">Mas eu sou marcada pela pr\u00f3pria natureza rubro-negra e resgatada, a todo instante, por essa energia que s\u00f3 o Clube de Regatas do Flamengo tem. Voc\u00eas sabem do que estou falando. Uma vit\u00f3ria e j\u00e1 estamos sonhando. Um cruzamento bem feito e que resulta em gol, e j\u00e1 pensamos na comemora\u00e7\u00e3o do t\u00edtulo. Um orgasmo, digo, gol e j\u00e1 me imagino tomando o chopp da conquista dentro da ta\u00e7a de campe\u00e3o. <strong><em>Rubro-negro \u00e9 forte, supera a mis\u00e9ria sem fim<\/em><\/strong>. Recebi uma mensagem de um torcedor. Ele tinha uma \u201clembrancinha\u201d para me dar. Marquei com ele no Maracan\u00e3. \u201cTe acho l\u00e1 no seu lugar\u201d, ele disse. E j\u00e1 me enchi de amor por ter um reconhecimento de um espa\u00e7o que \u00e9 meu, que \u00e9 seu, nosso. Por direito. Por conquistas. Por paix\u00e3o. Ao encontr\u00e1-lo ele aponta para um lugar na arquibancada e conta\u00a0em que lugar estava\u00a0em 1981, quando conheceu um torcedor membro da FLACHOPP. O ano, a hist\u00f3ria, a torcida (que meu pai foi um dos fundadores e presidente), \u00a0e l\u00e1 vem aqueles filmes, hist\u00f3rias, alegrias, dores, saudades, tudo ali, na arquibancada. De repente ele tira do bolso um envelope amarelado pelo tempo e me entrega. Meu cora\u00e7\u00e3o disparou. Era meu pai me dizendo: <strong><span style=\"color: #ff0000\"><i>\u201cAcredita, V i v i a n e. N\u00e3o desiste. N\u00d3S somos F L A M E N G O.\u201d<\/i><\/span><\/strong><span style=\"font-weight: 400\"> Ele l\u00e1 do c\u00e9u rubro-negro estava me mandando um recado. <em>Morrem as plantas e foge o ar<\/em>, mas o FLAMENGO permanece. Nos move, mobiliza, nos d\u00e1 vida de novo. Abri o envelopinho, e tirei de dentro dele um cart\u00e3o de natal, que o amigo tinha recebido, NAQUELE ANO, depois de ter feito amizade com um membro da torcida. Um cart\u00e3o de natal guardado por 37 anos. Assim como n\u00f3s guardamos o t\u00edtulo.<\/span><\/p>\n<p style=\"text-align: justify;margin-bottom: 24px\">\u201cTem mais uma coisinha\u201d. Tremendo, tirei de dentro do envelope um cord\u00e3ozinho com um pingente do manto sagrado. <em>\u201cEra da minha m\u00e3e\u201d<\/em>, disse ele. DESABEI. Chorei de amor. Pelo Flamengo. Por conhecer tanta gente linda, elegante, sincera na ARQUIBANCADA. Por ouvir hist\u00f3rias de vida, de dedica\u00e7\u00e3o, de ENTREGA pelo Flamengo. Para o Flamengo. Quando me recuperei, antes do apito inicial do jogo, lembrei de perguntar o mais importante: <em>Por qual motivo ele estava me presenteando com hist\u00f3rias e lembran\u00e7as pessoais t\u00e3o valiosas?<\/em> A resposta foi umas das poesias mais lindas que vi e ouvi: <em><strong>\u201cAs coisas do Flamengo precisam circular. N\u00e3o podem ficar guardadas. N\u00e3o pertencem s\u00f3 a mim.\u201d<\/strong><\/em> E eu achei de uma delicadeza divina t\u00e3o grande, pois a todo instante meus 11 leitores, meus amigos, desconhecidos, parceiros de jogos, viagens, de <strong><span style=\"color: #ff0000\"><span style=\"color: #000000\">resist\u00eancia<\/span> rubro-negra<\/span><\/strong>,\u00a0partilham comigo as coisas do Flamengo, e tem gente que acha que pode tomar o poder e se sentir dono do Flamengo, que o dinheiro em caixa, tem mais valor que as hist\u00f3rias de arquibancada, que o seu candidato tem aquilo maior que o do outro, esquecendo que a performance \u00e9 que traz o resultado. Obrigada Pai, por mais essa li\u00e7\u00e3o. Obrigada, Andr\u00e9 L\u00facio por me lembrar que: <em><span style=\"font-weight: 400\">\u201cO esporte \u00e9 o meio de divulgar a elevada significa\u00e7\u00e3o simb\u00f3lica da cultura de um povo. Assim, a Torcida FlaChopp, irmanada pelo mesmo ideal comum, conjugada com o mesmo esp\u00edrito altru\u00edsta e humanit\u00e1rio que nos anima, faz de seu pensamento a formula\u00e7\u00e3o dos desejos e esperan\u00e7as de todos os desportistas.\u201d [Mensagem de Natal da Torcida FlaChopp, 1981]<\/span><\/em><\/p>\n<p style=\"text-align: justify;margin-bottom: 24px\">Rubro-Negra mulher forte, dizia o Poeta assim.<\/p>\n<p style=\"text-align: justify;margin-bottom: 24px\">Pra voc\u00eas,<\/p>\n<p style=\"text-align: justify;margin-bottom: 24px\">Paz, AMOR e Orgasmos.<\/p>\n<!-- AddThis Advanced Settings generic via filter on the_content --><!-- AddThis Share Buttons generic via filter on the_content -->","protected":false},"excerpt":{"rendered":"<p>O Gol \u00e9 o orgasmo do futebol. E, como o orgasmo, o gol \u00e9 cada vez menos frequente na vida moderna. Galeano, preciso. Algum dirigente rubro-negro, desses que vestem cores distintas do vermelho e do preto, e de outro patamar, poderia reescrever: O t\u00edtulo \u00e9 o orgasmo do futebol, e como o orgasmo, o t\u00edtulo &#8230; <a class=\"read-more-link\" href=\"http:\/\/republicapazeamor.com.br\/site\/a-terra-e-seca-mal-se-pode-cultivar\/\">Read More <i class=\"ico-946\"><\/i><\/a><\/p>\n","protected":false},"author":5,"featured_media":5125,"comment_status":"open","ping_status":"open","sticky":false,"template":"","format":"standard","meta":[],"categories":[1],"tags":[],"_links":{"self":[{"href":"http:\/\/republicapazeamor.com.br\/site\/wp-json\/wp\/v2\/posts\/5121"}],"collection":[{"href":"http:\/\/republicapazeamor.com.br\/site\/wp-json\/wp\/v2\/posts"}],"about":[{"href":"http:\/\/republicapazeamor.com.br\/site\/wp-json\/wp\/v2\/types\/post"}],"author":[{"embeddable":true,"href":"http:\/\/republicapazeamor.com.br\/site\/wp-json\/wp\/v2\/users\/5"}],"replies":[{"embeddable":true,"href":"http:\/\/republicapazeamor.com.br\/site\/wp-json\/wp\/v2\/comments?post=5121"}],"version-history":[{"count":7,"href":"http:\/\/republicapazeamor.com.br\/site\/wp-json\/wp\/v2\/posts\/5121\/revisions"}],"predecessor-version":[{"id":5129,"href":"http:\/\/republicapazeamor.com.br\/site\/wp-json\/wp\/v2\/posts\/5121\/revisions\/5129"}],"wp:featuredmedia":[{"embeddable":true,"href":"http:\/\/republicapazeamor.com.br\/site\/wp-json\/wp\/v2\/media\/5125"}],"wp:attachment":[{"href":"http:\/\/republicapazeamor.com.br\/site\/wp-json\/wp\/v2\/media?parent=5121"}],"wp:term":[{"taxonomy":"category","embeddable":true,"href":"http:\/\/republicapazeamor.com.br\/site\/wp-json\/wp\/v2\/categories?post=5121"},{"taxonomy":"post_tag","embeddable":true,"href":"http:\/\/republicapazeamor.com.br\/site\/wp-json\/wp\/v2\/tags?post=5121"}],"curies":[{"name":"wp","href":"https:\/\/api.w.org\/{rel}","templated":true}]}}