{"id":5082,"date":"2018-09-17T03:17:00","date_gmt":"2018-09-17T03:17:00","guid":{"rendered":"http:\/\/republicapazeamor.com.br\/site\/?p=5082"},"modified":"2018-09-24T19:23:03","modified_gmt":"2018-09-24T19:23:03","slug":"elso-venancio-para-presidente","status":"publish","type":"post","link":"http:\/\/republicapazeamor.com.br\/site\/elso-venancio-para-presidente\/","title":{"rendered":"Elso Ven\u00e2ncio para presidente"},"content":{"rendered":"<p style=\"text-align: justify;margin-bottom:24px\">Voc\u00ea se lembra dele, n\u00e3o lembra? Fazia parte, ali pelos anos 1990, da mesa redonda do Garotinho (Jo-s\u00e9 Car-los Ara-\u00fajo, cheguei). Eram tempos de futebol sem HD, quando o Campeonato Carioca ainda emocionava algu\u00e9m. Elso (ou \u00c9lcio?) Ven\u00e2ncio era uma das figurinhas carimbadas do jornalismo esportivo, e volta e meia o Jos\u00e9 Carlos Ara\u00fajo aproveitava uma paradinha no programa, dava um cheguinha na dire\u00e7\u00e3o do \u00c9lcio (ou Elso?), e levantava um poss\u00edvel furo:<\/p>\n<p style=\"text-align: justify;margin-bottom:24px\">\u2013\u00a0Elso Ven\u00e2ncio, novidades no Fla? O artilheiro Os\u00e9as, o popular Luluzinha, vai pintar na G\u00e1vea?<\/p>\n<p style=\"text-align: justify;margin-bottom:24px\">\u2013\u00a0Ano que vem, Garotinho, ano que vem.<\/p>\n<p style=\"text-align: justify;margin-bottom:24px\">Virou quase um bord\u00e3o. Fico imaginando que na hora dos comerciais eles se esbaldavam de rir. Afinal, todo fim de temporada surgiam in\u00fameros craques \u201cpraticamente certos\u201d no Meng\u00e3o, o problema \u00e9 que s\u00f3 viriam \u201cano que vem\u201d, essa data r\u00f3sea que nunca chega. Curioso que, mais de 20 anos depois, o Flamengo continua sendo o clube do \u201cano que vem\u201d, um \u201ctima\u00e7o do futuro\u201d \u2013\u00a0basta aguardar, calma, j\u00e1 j\u00e1 a gente vai ganhar tudo. Com Ven\u00e2ncio respondendo pela G\u00e1vea, na presid\u00eancia ou em qualquer cargo na comunica\u00e7\u00e3o do Flamengo, pelo menos a engana\u00e7\u00e3o viria numa voz bem modulada:<\/p>\n<p style=\"text-align: justify;margin-bottom:24px\">\u2013\u00a0A torcida do Flamengo pode ficar tranquila: Vitinho e Uribe estar\u00e3o perfeitamente entrosados\u2026 Ano que vem, Garotinho, ano que vem.<\/p>\n<p style=\"text-align: justify;margin-bottom:24px\">Como o futuro parece n\u00e3o vir nunca, sigo lendo os jornais deste ano mesmo, como o artigo publicado neste domingo na \u201cFolha de S\u00e3o Paulo\u201d, de uma crueza que nem a voz macia dos locutores do r\u00e1dio brasileiro aplacariam:<\/p>\n<p style=\"text-align: justify;margin-bottom:24px\">\u201cInvestimento maior n\u00e3o garante resultado melhor no futebol, aponta estudo\u201d.<\/p>\n<p style=\"text-align: justify;margin-bottom:24px\">O artigo segue com a jornalista Cristina Frias detalhando o tal estudo da empresa BDO, que indica que gastos volumosos com atletas e treinadores n\u00e3o bastam para fazer um time campe\u00e3o na s\u00e9rie A. Outros aspectos t\u00eam se mostrado mais valiosos, como a manuten\u00e7\u00e3o do elenco de ano para ano, o investimento nas categorias de base e um planejamento bem feito pela comiss\u00e3o t\u00e9cnica. O estudo aponta, por fim, que o entrosamento em campo \u00e9 mais importante que os altos sal\u00e1rios, quem diria.<\/p>\n<p style=\"text-align: justify;margin-bottom:24px\">De fato, a crise na G\u00e1vea agora \u00e9 outra: n\u00e3o falta dinheiro ou os 45 pontos para n\u00e3o cair, falta \u201csomente\u201d aquele algo a mais fundamental para arrancarmos para os t\u00edtulos. Falta vencer.<\/p>\n<p style=\"text-align: justify;margin-bottom:24px\">Outro dia, uma amiga me contava sobre uma palestra dada pelo Leandro Karnal, o escritor e historiador, tamb\u00e9m conhecido como \u201caquele careca\u201d. Na confer\u00eancia dada no Recife, o professor Xavier brasileiro teorizava por que somos uma na\u00e7\u00e3o otimista e criativa, mas sem nenhum talento para planejamento e log\u00edstica. Para Karnal, uma justificativa que faz sentido tem a ver com o calor tropical: jamais precisamos lidar com climas muito rigorosos. Nunca nossos tatarav\u00f3s precisaram pensar seriamente em armazenar madeira para o inverno. Ou construir esconderijos para tuf\u00f5es. Ou mesmo pensar com anteced\u00eancia onde est\u00e1 aquele casaco de l\u00e3 felpud\u00e3o. Somos os reis do improviso, mas n\u00e3o nos pe\u00e7am para pensar no longo prazo. Faz sentido, n\u00e3o? Talvez isso explique tudo, dos jogadores empurrando a ambul\u00e2ncia no \u00faltimo Flamengo x Vasco aos museus em chamas.<\/p>\n<p style=\"text-align: justify;margin-bottom:24px\">\u00c9 uma teoria de pouca utilidade, eu sei, afinal o torcedor que xinga o time e pede a cabe\u00e7a do treinador n\u00e3o quer escutar teses tropicalistas sobre nossos antepassados (\u201cHein? Que man\u00e9 armazenar madeira, vem c\u00e1 seu desgra\u00e7ado!\u201d). <\/p>\n<p style=\"text-align: justify;margin-bottom:24px\">Mas \u00e9 uma ideia, aproveit\u00e1vel ao menos para um cronista olhando desalentado a tabela do campeonato nacional que chegamos a liderar por dez rodadas. De que adianta batermos recorde e recordes de p\u00fablico no Maracan\u00e3? Somos milh\u00f5es, todos tarados por futebol, mas nunca pensamos em longo prazo, nunca fomos formiguinhas, nunca estocamos nada. Passamos as d\u00e9cadas fanfarronando feito cigarras, enquanto clubes de regi\u00f5es mais frias carregam nossas Libertadores, Brasileiros e Copas do Brasil. Nunca foi quest\u00e3o de sorte ou boas contrata\u00e7\u00f5es, \u00e9 o inverno em S\u00e3o Paulo, Porto Alegre e Belo Horizonte, est\u00fapido. Malditos planejadores. E a gente aqui achando que encher o Maraca seria suficiente para reconquistar o mundo.<\/p>\n<p style=\"text-align: justify;margin-bottom:24px\">Fica a sugest\u00e3o para a chapa vencedora nas elei\u00e7\u00f5es de dezembro: mudar nosso CT para o frio de Itatiaia. <\/p>\n<p>De prefer\u00eancia com o Elso Ven\u00e2ncio no port\u00e3o, de alto-falante em punho para pacificar a turba enfurecida: \u201cOK, OK, \u00e9 este ano! Calma gente, nada de ano que vem, \u00e9 este ano!\u201d<\/p>\n<div class='button-row'>\n\t<a href='http:\/\/republicapazeamor.com.br\/site\/marcelo\/' class='button small-button \n\t\t\t \n\t\t\trounded-corners \n\t\t\torange-button text-uppercase' style=\"color: #ffffff; background-color: #000000; box-shadow: 0 0 0 3px #991b1b inset;\">\n\t\t\t\tSobre Marcelo Dunlop\t<\/a>\n<\/div>\n<!-- AddThis Advanced Settings generic via filter on the_content --><!-- AddThis Share Buttons generic via filter on the_content -->","protected":false},"excerpt":{"rendered":"<p>Voc\u00ea se lembra dele, n\u00e3o lembra? Fazia parte, ali pelos anos 1990, da mesa redonda do Garotinho (Jo-s\u00e9 Car-los Ara-\u00fajo, cheguei). Eram tempos de futebol sem HD, quando o Campeonato Carioca ainda emocionava algu\u00e9m. Elso (ou \u00c9lcio?) Ven\u00e2ncio era uma das figurinhas carimbadas do jornalismo esportivo, e volta e meia o Jos\u00e9 Carlos Ara\u00fajo aproveitava &#8230; <a class=\"read-more-link\" href=\"http:\/\/republicapazeamor.com.br\/site\/elso-venancio-para-presidente\/\">Read More <i class=\"ico-946\"><\/i><\/a><\/p>\n","protected":false},"author":8,"featured_media":5085,"comment_status":"open","ping_status":"open","sticky":false,"template":"","format":"standard","meta":[],"categories":[97],"tags":[],"_links":{"self":[{"href":"http:\/\/republicapazeamor.com.br\/site\/wp-json\/wp\/v2\/posts\/5082"}],"collection":[{"href":"http:\/\/republicapazeamor.com.br\/site\/wp-json\/wp\/v2\/posts"}],"about":[{"href":"http:\/\/republicapazeamor.com.br\/site\/wp-json\/wp\/v2\/types\/post"}],"author":[{"embeddable":true,"href":"http:\/\/republicapazeamor.com.br\/site\/wp-json\/wp\/v2\/users\/8"}],"replies":[{"embeddable":true,"href":"http:\/\/republicapazeamor.com.br\/site\/wp-json\/wp\/v2\/comments?post=5082"}],"version-history":[{"count":13,"href":"http:\/\/republicapazeamor.com.br\/site\/wp-json\/wp\/v2\/posts\/5082\/revisions"}],"predecessor-version":[{"id":5097,"href":"http:\/\/republicapazeamor.com.br\/site\/wp-json\/wp\/v2\/posts\/5082\/revisions\/5097"}],"wp:featuredmedia":[{"embeddable":true,"href":"http:\/\/republicapazeamor.com.br\/site\/wp-json\/wp\/v2\/media\/5085"}],"wp:attachment":[{"href":"http:\/\/republicapazeamor.com.br\/site\/wp-json\/wp\/v2\/media?parent=5082"}],"wp:term":[{"taxonomy":"category","embeddable":true,"href":"http:\/\/republicapazeamor.com.br\/site\/wp-json\/wp\/v2\/categories?post=5082"},{"taxonomy":"post_tag","embeddable":true,"href":"http:\/\/republicapazeamor.com.br\/site\/wp-json\/wp\/v2\/tags?post=5082"}],"curies":[{"name":"wp","href":"https:\/\/api.w.org\/{rel}","templated":true}]}}