{"id":4872,"date":"2018-07-18T15:24:25","date_gmt":"2018-07-18T15:24:25","guid":{"rendered":"http:\/\/republicapazeamor.com.br\/site\/?p=4872"},"modified":"2018-07-19T15:12:27","modified_gmt":"2018-07-19T15:12:27","slug":"de-volta-ao-que-interessa","status":"publish","type":"post","link":"http:\/\/republicapazeamor.com.br\/site\/de-volta-ao-que-interessa\/","title":{"rendered":"De volta ao que interessa."},"content":{"rendered":"<p style=\"text-align: justify;margin-bottom:24px\"> Moro em S\u00e3o Paulo, no trecho da rua Cristiano Viana que fica entre Teodoro Sampaio e a escadaria que leva \u00e0 Cardeal Arcoverde. Cerca de duzentos metros em que convivem, em aparente harmonia, nove pr\u00e9dios grandes, um pequeno, doze casas, uma charmosa vila com outra d\u00fazia de casas, duas luthierias e tr\u00eas lojas de instrumentos musicais \u2013 a regi\u00e3o \u00e9 o maior polo brasileiro do segmento. No dia da abertura da Copa do Mundo, com a dolorosa pelada reunindo R\u00fassia e Ar\u00e1bia Saudita, me dei ao trabalho de caminhar por ali sem len\u00e7o e sem documento, assoviando e observando: havia somente uma bandeira do Brasil, dessas mi\u00fadas, ocupando menos da metade de uma das janelas. Nada de pintura nos muros ou no asfalto, nada de tecidos em verde e amarelo abra\u00e7ando cap\u00f4s de carros, nada indicava que a sele\u00e7\u00e3o brasileira estava a tr\u00eas dias da sua estreia, e na condi\u00e7\u00e3o de uma das favoritas.<\/p>\n<p style=\"text-align: justify;margin-bottom:24px\"> Claro: o massacre da m\u00eddia fez com que a Copa pegasse no tranco \u2013 n\u00e3o h\u00e1 o que n\u00e3o pegue ocupando metade do hor\u00e1rio mais caro da televis\u00e3o brasileira, o Jornal Nacional \u2013 e, em que pese o desservi\u00e7o prestado ao futebol pelo fato de Giroud ser campe\u00e3o do mundo, sem d\u00favida houve bons jogos. \u00c9 dif\u00edcil n\u00e3o haver bons jogos onde h\u00e1 bons jogadores. Al\u00e9m disso, n\u00e3o me lembro de ter visto ratazanas bem-alimentadas invadindo os gramados, tarefa que ficou limitada \u00e0s tr\u00eas corajosas meninas e \u00e0quele outro cara do grupo Pussy Riot. <\/p>\n<p style=\"text-align: justify;margin-bottom:24px\"> Jo\u00e3o Saldanha morreu h\u00e1 quase trinta anos. Cansei de v\u00ea-lo, nas mesas redondas dos finais de domingo, advertir os dirigentes do futebol brasileiro: \u201cCuidado, os senhores est\u00e3o matando a galinha dos ovos de ouro.\u201d Se a advert\u00eancia n\u00e3o se aplica \u00e0 Fifa, cujas galinhas se assemelham a robustas vacas holandesas de t\u00e3o forradas de ouros e euros, parece que por aqui a ficha caiu. <\/p>\n<p style=\"text-align: justify;margin-bottom:24px\"> N\u00e3o se trata de misturar futebol com pol\u00edtica, e sim constatar o gigantesco desencanto que tomou conta do pa\u00eds e se espalha por todas as \u00e1reas. Duvido que voc\u00ea, que insiste em desperdi\u00e7ar seu tempo com esse blogueiro, n\u00e3o tenha um parente, um amigo ou um conhecido vivendo ou com planos de viver fora, principalmente se for jovem. (Nesse momento, minha filha mora na cidade do Porto e minha enteada em La Grange, a vinte quil\u00f4metros de Chicago.) Quanto \u00e0 sele\u00e7\u00e3o brasileira em si, h\u00e1 a consci\u00eancia de que ela mudou de dono. Em um dos comerciais veiculados pela Vivo durante a Copa, Pel\u00e9 se aproxima de Gabriel Jesus, no corredor que leva do vesti\u00e1rio ao campo, e diz: \u201cEssa camisa, Gabriel, ela n\u00e3o \u00e9 minha nem sua. Ela \u00e9 de um pa\u00eds inteiro.\u201d Que nada: aquela camisa, que j\u00e1 foi de todos n\u00f3s, hoje pertence \u00e0 CBF e serve aos interesses da corja que se recusa a largar o osso. Se ainda \u00e9 cedo para afirmar que o encanto acabou por completo, tamb\u00e9m \u00e9 certo que, vivo fosse, Saldanha estaria repetindo seu bord\u00e3o. Ou, pior, daria uma vaidosa piscadela e mandaria um ir\u00f4nico \u201ceu n\u00e3o disse?\u201d<\/p>\n<p style=\"text-align: justify;margin-bottom:24px\"> Serventia, a Copa teve: aumentou a saudade do Flamengo e a ansiedade pela volta desse Campeonato Brasileiro surpreendentemente animador. Al\u00e9m, claro, de nos deixar com pulgas atr\u00e1s das orelhas em rela\u00e7\u00e3o \u00e0 solu\u00e7\u00e3o que ser\u00e1 encontrada para a sa\u00edda de Vinicius J\u00fanior \u2013 algo de que o departamento de Futebol rubro-negro tinha conhecimento h\u00e1 mais de um ano. Rodrigo Caetano, que fez bons trabalhos em outras freguesias mas no Flamengo virou um tremendo Rolando Lero, sempre a explicar o inexplic\u00e1vel e ajudado pela inefici\u00eancia da imprensa tradicional em fazer as perguntas necess\u00e1rias, costumava dizer que o per\u00edodo ideal para os clubes brasileiros se refor\u00e7arem no exterior era a janela de meio de ano. Pode ser. S\u00f3 n\u00e3o lembro de ter visto algu\u00e9m perguntar a Rodrigo Caetano por que nossos refor\u00e7os teriam de vir, obrigatoriamente, do exterior. Por que n\u00e3o o R\u00f3ger Guedes, aqui do Crici\u00fama? O Keno, do Santa Cruz? O Richarlison, do Am\u00e9rica Mineiro? N\u00e3o \u00e9 de atacantes pelos lados do campo que est\u00e1vamos falando?<\/p>\n<p style=\"text-align: justify;margin-bottom:24px\"> Gosto muito do Vitinho, que ajudou o Botafogo a conquistar o m\u00e1ximo que podia na temporada de 2013 \u2013 o t\u00edtulo carioca e, embora o jogador tenha partido para o CSKA ap\u00f3s a 16\u00aa rodada, o quarto lugar no Campeonato Brasileiro. (Quando Vitinho foi embora, o Botafogo tinha 29 pontos ganhos, dez a mais que o nosso querido Flamengo e somente dois a menos que o l\u00edder e futuro campe\u00e3o Cruzeiro.) N\u00e3o entendi quando, na virada de 2016 para 2017, e sempre em busca do tal atacante de lado, o Flamengo dava prefer\u00eancia a Marinho, que fizera sucesso em clubes menores \u2013 Cear\u00e1, Vit\u00f3ria \u2013 e passara sem brilho por Fluminense, Internacional e Cruzeiro. Se toda contrata\u00e7\u00e3o traz uma carga de riscos, apostar em Vitinho me parecia mais l\u00f3gico. Nem um, nem outro: veio Berr\u00edo. O problema \u00e9 que, se gosto do futebol de Vitinho, n\u00e3o cultivo paci\u00eancia com novelas. <\/p>\n<p style=\"text-align: justify;margin-bottom:24px\"> Espero que a paralisa\u00e7\u00e3o provocada pela Copa n\u00e3o tenha mexido no esp\u00edrito do time, que vinha apresentando um \u00f3timo jogo coletivo, com proximidade entre as linhas, firmeza na parte defensiva e agressividade no ataque \u2013 sendo este \u00faltimo item muito por conta de Vinicius J\u00fanior, nossa eficiente e endiabrada v\u00e1lvula de escape. Teremos de encontrar um jeito de atuar sem ele, da mesma forma que, apesar das caneladas de Henrique Dourado, aprendemos a atuar sem Guerrero. (Ainda sem ter me recuperado da infeliz escala\u00e7\u00e3o de Andr\u00e9 Santos em 2013, eu n\u00e3o o utilizaria hoje).  <\/p>\n<p style=\"text-align: justify;margin-bottom:24px\"> Todas as partidas do Campeonato Brasileiro valem os mesmos tr\u00eas pontos, s\u00f3 que algumas delas adquirem uma import\u00e2ncia especial. Foi fundamental, por exemplo, n\u00e3o ter perdido para o Palmeiras no Allianz Parque e ter derrotado o Atl\u00e9tico Mineiro no Independ\u00eancia. Uma vit\u00f3ria logo mais nos deixa sete pontos \u00e0 frente de outro clube que est\u00e1 pintando como um forte advers\u00e1rio na briga pelo caneco. Lembrando: sem ter se classificado para a Libertadores e j\u00e1 eliminado da Copa do Brasil, o S\u00e3o Paulo ter\u00e1 muito menos desgaste no restante da temporada, pois s\u00f3 o que pode lhe atrapalhar \u00e9 a bem mais fraca e desimportante Copa Sul-Americana. <\/p>\n<p style=\"text-align: justify;margin-bottom:24px\"> Que Diego Alves continue pegando at\u00e9 pensamento, como fez no empate com o Palmeiras. Que a zaga permane\u00e7a atuando com seriedade e efici\u00eancia. Que R\u00f4mulo consiga jogar pelo menos a metade do que jogava quando saiu do Vasco para o Spartak de Moscou. Que Lucas Paquet\u00e1 e Everton Ribeiro sigam engolindo a bola. Que Lincoln estoure como Vinicius J\u00fanior estourou. Que Marlos desencante. Que \u2013 sem a menor inten\u00e7\u00e3o de fazer compara\u00e7\u00f5es injustas \u2013 Diego tenha visto os ensinamentos de Modric, o pequeno-gigante croata que mostrou a todos os meio-campistas do mundo como pode ser simples fazer o jogo fluir. <\/p>\n<p style=\"text-align: justify;margin-bottom:24px\"> Am\u00e9m.<\/p>\n<div class='button-row'>\n\t<a href='http:\/\/republicapazeamor.com.br\/site\/jorge-murtinho\/' class='button small-button \n\t\t\t \n\t\t\trounded-corners \n\t\t\torange-button text-uppercase' style=\"color: #ffffff; background-color: #000000; box-shadow: 0 0 0 3px #991b1b inset;\">\n\t\t\t\tSobre Jorge Murtinho\t<\/a>\n<\/div>\n<!-- AddThis Advanced Settings generic via filter on the_content --><!-- AddThis Share Buttons generic via filter on the_content -->","protected":false},"excerpt":{"rendered":"<p>Moro em S\u00e3o Paulo, no trecho da rua Cristiano Viana que fica entre Teodoro Sampaio e a escadaria que leva \u00e0 Cardeal Arcoverde. Cerca de duzentos metros em que convivem, em aparente harmonia, nove pr\u00e9dios grandes, um pequeno, doze casas, uma charmosa vila com outra d\u00fazia de casas, duas luthierias e tr\u00eas lojas de instrumentos &#8230; <a class=\"read-more-link\" href=\"http:\/\/republicapazeamor.com.br\/site\/de-volta-ao-que-interessa\/\">Read More <i class=\"ico-946\"><\/i><\/a><\/p>\n","protected":false},"author":2,"featured_media":4873,"comment_status":"open","ping_status":"open","sticky":false,"template":"","format":"standard","meta":[],"categories":[97],"tags":[],"_links":{"self":[{"href":"http:\/\/republicapazeamor.com.br\/site\/wp-json\/wp\/v2\/posts\/4872"}],"collection":[{"href":"http:\/\/republicapazeamor.com.br\/site\/wp-json\/wp\/v2\/posts"}],"about":[{"href":"http:\/\/republicapazeamor.com.br\/site\/wp-json\/wp\/v2\/types\/post"}],"author":[{"embeddable":true,"href":"http:\/\/republicapazeamor.com.br\/site\/wp-json\/wp\/v2\/users\/2"}],"replies":[{"embeddable":true,"href":"http:\/\/republicapazeamor.com.br\/site\/wp-json\/wp\/v2\/comments?post=4872"}],"version-history":[{"count":6,"href":"http:\/\/republicapazeamor.com.br\/site\/wp-json\/wp\/v2\/posts\/4872\/revisions"}],"predecessor-version":[{"id":4879,"href":"http:\/\/republicapazeamor.com.br\/site\/wp-json\/wp\/v2\/posts\/4872\/revisions\/4879"}],"wp:featuredmedia":[{"embeddable":true,"href":"http:\/\/republicapazeamor.com.br\/site\/wp-json\/wp\/v2\/media\/4873"}],"wp:attachment":[{"href":"http:\/\/republicapazeamor.com.br\/site\/wp-json\/wp\/v2\/media?parent=4872"}],"wp:term":[{"taxonomy":"category","embeddable":true,"href":"http:\/\/republicapazeamor.com.br\/site\/wp-json\/wp\/v2\/categories?post=4872"},{"taxonomy":"post_tag","embeddable":true,"href":"http:\/\/republicapazeamor.com.br\/site\/wp-json\/wp\/v2\/tags?post=4872"}],"curies":[{"name":"wp","href":"https:\/\/api.w.org\/{rel}","templated":true}]}}