{"id":3197,"date":"2017-02-06T17:10:13","date_gmt":"2017-02-06T17:10:13","guid":{"rendered":"http:\/\/republicapazeamor.com.br\/site\/?p=3197"},"modified":"2017-02-06T17:10:13","modified_gmt":"2017-02-06T17:10:13","slug":"jorge-patrick-e-joaosinho-trinta","status":"publish","type":"post","link":"http:\/\/republicapazeamor.com.br\/site\/jorge-patrick-e-joaosinho-trinta\/","title":{"rendered":"Jorge, Patrick e Jo\u00e3osinho Trinta."},"content":{"rendered":"<p style=\"text-align: justify;margin-bottom:24px\"> Este \u00e9 um post em que j\u00e1 entro com a certeza da derrota. Meu ponto de vista \u00e9 francamente minorit\u00e1rio e se o pessoal estiver disposto a comentar, levarei pancada de tudo que \u00e9 lado. Paci\u00eancia. Saiu na chuva, vai se molhar. <\/p>\n<p style=\"text-align: justify;margin-bottom:24px\"> O caso \u00e9 que n\u00e3o tenho o menor apego a essa hist\u00f3ria das categorias de base. N\u00e3o sou tonto a ponto de ignorar a import\u00e2ncia de se fazer um trabalho bacana com a garotada, mas n\u00e3o compro essa conversa de que fulano tem que jogar s\u00f3 porque veio da base, e menos ainda a de que se \u00e9 da base \u00e9 bom. Com a saud\u00e1vel, louv\u00e1vel e formid\u00e1vel exce\u00e7\u00e3o do Barcelona, os maiores times do mundo t\u00eam pouqu\u00edssima gente das divis\u00f5es de base em seus elencos profissionais. A quest\u00e3o \u00e9 quantitativa: se h\u00e1 bons jogadores espalhados por todos os cantos do planeta, por que nos limitarmos aos que aparecem para treinar em nossos dom\u00ednios? <\/p>\n<p style=\"text-align: justify;margin-bottom:24px\"> Meu primeiro \u00eddolo no futebol rubro-negro foi o atacante Silva, que n\u00e3o come\u00e7ou no Flamengo. Tinha dez anos de idade, estava no Maracan\u00e3 e fiquei definitivamente impressionado quando vi Almir rastejar na pequena \u00e1rea e esfregar a testa na lama, para empurrar a bola de cabe\u00e7a pra dentro do gol e decretar nossa vit\u00f3ria em cima do ent\u00e3o \u00f3timo time do Bangu. Almir n\u00e3o frequentou a base do Flamengo. O cara que nos tirou de uma grande seca de seis anos sem t\u00edtulos estaduais \u2013 Paulo Cezar Caju \u2013 n\u00e3o apenas passara longe da base rubro-negra como jamais demonstrou a menor identifica\u00e7\u00e3o emocional com o clube. Eu adorava ver Paulo Cezar jogar pelo Flamengo.<\/p>\n<p style=\"text-align: justify;margin-bottom:24px\"> Tudo bem: a\u00ed houve o corte epistemol\u00f3gico trazido pela turma de Zico, J\u00fanior, Rondinelli, Andrade, J\u00falio C\u00e9sar, Ad\u00edlio, Leandro, Mozer, e qualquer argumento contr\u00e1rio sempre esbarra na enxurrada de vit\u00f3rias e ta\u00e7as do maior per\u00edodo de gl\u00f3rias que j\u00e1 tivemos.<\/p>\n<p style=\"text-align: justify;margin-bottom:24px\"> S\u00f3 que o mundo mudou. E para aqueles que compartilham a tese de que o futebol \u00e9 maior que a vida, o futebol mudou mais que o mundo. Sabe a entrevista do Leandro, no dia do Jogo das Estrelas, em que ele afirma \u201ceu n\u00e3o sinto falta de jogar, o que eu sinto falta \u00e9 do grito da torcida, aquele Meng\u00f4!, Meng\u00f4!, que envolve, que mexe com a alma da gente\u201d? Ent\u00e3o, \u00e9 bom guardar essas lindas palavras na mem\u00f3ria, pois elas representam um sentimento que n\u00e3o tem mais espa\u00e7o no futebol.<\/p>\n<p style=\"text-align: justify;margin-bottom:24px\"> A venda de Jorge foi t\u00e3o discutida quanto em breve ser\u00e1 \u2013 assim esperamos \u2013 a reforma da previd\u00eancia. Foi muito dinheiro, foi dinheiro de pinga, n\u00e3o tinha nada que ser vendido, venderam na hora certa, etc. H\u00e1 bons argumentos para cada lado, e muita gente mudando de opini\u00e3o ap\u00f3s as primeiras apresenta\u00e7\u00f5es de Trauco. Engra\u00e7ado, o futebol. Vol\u00faveis, os torcedores. Um pouco antes da confirma\u00e7\u00e3o da venda, foram publicadas reportagens em que Jorge dizia contar os dias da janela de transfer\u00eancias e que sonhava brilhar em alguma liga europeia. Isso com Libertadores batendo na porta, um time forte sendo montado e boas chances de t\u00edtulos importantes na temporada. <\/p>\n<p style=\"text-align: justify;margin-bottom:24px\"> Fa\u00e7o quest\u00e3o de manter um p\u00e9 atr\u00e1s em rela\u00e7\u00e3o a mat\u00e9rias que trazem declara\u00e7\u00f5es de jogadores, porque usualmente se omite o contexto em que elas surgiram. Um pouco antes de come\u00e7ar a recente Copinha, li que Patrick tinha pedido uma oportunidade no time de cima. Tentando dar um desconto, pensei: vai ver o rep\u00f3rter chegou no garoto e perguntou se depois do torneio n\u00e3o seria legal receber algumas chances. O menino vai responder o qu\u00ea? N\u00e3o, de jeito nenhum, ali\u00e1s, nem sei o que t\u00f4 fazendo aqui, o que eu quero mesmo \u00e9 ser escritur\u00e1rio. N\u00e3o d\u00e1, n\u00e9? O problema \u00e9 que, assistindo \u00e0s apresenta\u00e7\u00f5es do Patrick, o que vi foi pouca bola e muita marra, e achei o Jean Lucas bem superior a ele. <\/p>\n<p style=\"text-align: justify;margin-bottom:24px\"> Vou repetir argumentos que j\u00e1 utilizei em debates na caixa de coment\u00e1rios aqui do RP&amp;A, e provavelmente at\u00e9 em um ou outro post. Como o aproveitamento da base \u00e9 tema que n\u00e3o sai de cartaz, n\u00e3o vejo problema em retom\u00e1-los.<\/p>\n<p style=\"text-align: justify;margin-bottom:24px\"> J\u00e1 houve um tempo em que o moleque bom de bola que torcia para o Flamengo tinha dois sonhos: vestir a vistosa camisa rubro-negra no Maracan\u00e3 e ser o novo Zico. Hoje, o moleque bom de bola que torce para o Flamengo sonha vestir a camisa do Barcelona no Camp Nou e ganhar tanto dinheiro quanto o Messi. N\u00e3o julgo, apenas constato.  <\/p>\n<p style=\"text-align: justify;margin-bottom:24px\"> Creio que a fixa\u00e7\u00e3o por nossos subisso e subaquilo aumenta quando sofremos com um surto de contrata\u00e7\u00f5es equivocadas. Para trazer e escalar o volante Val, n\u00e3o h\u00e1 d\u00favida que seria melhor puxar algu\u00e9m da base. Qualquer um. Para trazer e escalar o lateral Ayrton, idem. At\u00e9 a\u00ed, beleza, s\u00f3 que o excesso de amor provoca rea\u00e7\u00f5es esdr\u00faxulas, como a de achar que quem tem Thiago Santos n\u00e3o precisa de Berr\u00edo. Devagar com o andor. Toda contrata\u00e7\u00e3o envolve riscos \u2013 a n\u00e3o ser as de craca\u00e7os inquestion\u00e1veis, que exigem dinheiros que ainda moram longe da G\u00e1vea \u2013 e Berr\u00edo pode at\u00e9 n\u00e3o vingar, mas conv\u00e9m manter o bom senso. <\/p>\n<p style=\"text-align: justify;margin-bottom:24px\"> Por outro lado, \u00e9 evidente que os caras precisam ser testados. S\u00f3 que \u00e9 necess\u00e1rio entrar e desempenhar. Adianta nada dar show de altinha no aquecimento e tocar de lado na hora da verdade. Saber jogar bola \u00e9 uma coisa, ser jogador de futebol do Flamengo \u00e9 outra. Algu\u00e9m acha mesmo que, com a abulia e a bolinha que v\u00eam mostrando no Sul-americano Subvinte, Matheus S\u00e1vio e Lucas Paquet\u00e1 podem jogar em nosso time principal? <\/p>\n<p style=\"text-align: justify;margin-bottom:24px\"> Ainda dentro da retranca \u201co futebol mudou mais que o mundo\u201d, fiquemos com as nossas duas \u00faltimas conquistas nacionais. Dos catorze caras que foram a campo contra o Gr\u00eamio, para conquistar o Campeonato Brasileiro de 2009, havia apenas um formado na base. Adriano. Dos catorze que enfrentaram o Atl\u00e9tico Paranaense e levantaram a Copa do Brasil de 2013, somente o Luiz Antonio \u2013 que, registre-se, logo em seguida ao t\u00edtulo p\u00f4s o clube no pau, alegando d\u00edvidas que tanto o Flamengo quanto a Justi\u00e7a do Trabalho jamais reconheceram.<\/p>\n<p style=\"text-align: justify;margin-bottom:24px\"> Porra, Murtinho, j\u00e1 deu. Tomou o nosso tempo, encheu o blog de barbaridades, defendeu o indefens\u00e1vel, ok, opini\u00e3o \u00e9 opini\u00e3o e respeita-se a de cada um. Mas que raios Jo\u00e3osinho Trinta tem a ver com tudo isso?<\/p>\n<p style=\"text-align: justify;margin-bottom:24px\"> Eu estudava na PUC-RJ e tinha v\u00e1rios professores que trabalhavam em jornais. Entre os mestres corria a vers\u00e3o de que a famosa frase de Jo\u00e3osinho Trinta \u2013 \u201cpobre gosta de luxo, quem gosta de mis\u00e9ria \u00e9 intelectual\u201d \u2013 n\u00e3o seria obra dele, e sim do jornalista Elio Gaspari. Durante uma entrevista, Elio Gaspari conclu\u00edra um racioc\u00ednio de Jo\u00e3osinho com a frase, o carnavalesco concordou e, na edi\u00e7\u00e3o do texto, o jornalista percebeu que o conceito ganharia for\u00e7a e charme se fosse atribu\u00eddo ao entrevistado. H\u00e1 depoimentos que negam a vers\u00e3o e asseguram a autoria de Jo\u00e3osinho, mas me lembrei dessa hist\u00f3ria ao imaginar em que contexto as afirma\u00e7\u00f5es de Jorge e Patrick teriam acontecido. Digress\u00e3o pura.<\/p>\n<p style=\"text-align: justify;margin-bottom:24px\"> De qualquer modo, aut\u00eanticas ou n\u00e3o, manipuladas ou espont\u00e2neas, as declara\u00e7\u00f5es servem para nos fazer pensar sobre pelo menos duas coisas a respeito da base. Primeira: \u00e9 preciso parar com a estranha mania de achar que a garotada joga mais do que realmente joga. Segunda: a gente insiste em acreditar que os meninos est\u00e3o doidos para ser \u00eddolos no Flamengo, quando na verdade tudo o que eles querem \u00e9 jogar no M\u00f4naco.<\/p>\n<div class='button-row'>\n\t<a href='http:\/\/republicapazeamor.com.br\/site\/jorge-murtinho\/' class='button small-button \n\t\t\t \n\t\t\trounded-corners \n\t\t\torange-button text-uppercase' style=\"color: #ffffff; background-color: #000000; box-shadow: 0 0 0 3px #991b1b inset;\">\n\t\t\t\tSobre Jorge Murtinho\t<\/a>\n<\/div>\n<!-- AddThis Advanced Settings generic via filter on the_content --><!-- AddThis Share Buttons generic via filter on the_content -->","protected":false},"excerpt":{"rendered":"<p>Este \u00e9 um post em que j\u00e1 entro com a certeza da derrota. Meu ponto de vista \u00e9 francamente minorit\u00e1rio e se o pessoal estiver disposto a comentar, levarei pancada de tudo que \u00e9 lado. Paci\u00eancia. Saiu na chuva, vai se molhar. O caso \u00e9 que n\u00e3o tenho o menor apego a essa hist\u00f3ria das &#8230; <a class=\"read-more-link\" href=\"http:\/\/republicapazeamor.com.br\/site\/jorge-patrick-e-joaosinho-trinta\/\">Read More <i class=\"ico-946\"><\/i><\/a><\/p>\n","protected":false},"author":2,"featured_media":3198,"comment_status":"open","ping_status":"open","sticky":false,"template":"","format":"standard","meta":[],"categories":[1],"tags":[],"_links":{"self":[{"href":"http:\/\/republicapazeamor.com.br\/site\/wp-json\/wp\/v2\/posts\/3197"}],"collection":[{"href":"http:\/\/republicapazeamor.com.br\/site\/wp-json\/wp\/v2\/posts"}],"about":[{"href":"http:\/\/republicapazeamor.com.br\/site\/wp-json\/wp\/v2\/types\/post"}],"author":[{"embeddable":true,"href":"http:\/\/republicapazeamor.com.br\/site\/wp-json\/wp\/v2\/users\/2"}],"replies":[{"embeddable":true,"href":"http:\/\/republicapazeamor.com.br\/site\/wp-json\/wp\/v2\/comments?post=3197"}],"version-history":[{"count":2,"href":"http:\/\/republicapazeamor.com.br\/site\/wp-json\/wp\/v2\/posts\/3197\/revisions"}],"predecessor-version":[{"id":3200,"href":"http:\/\/republicapazeamor.com.br\/site\/wp-json\/wp\/v2\/posts\/3197\/revisions\/3200"}],"wp:featuredmedia":[{"embeddable":true,"href":"http:\/\/republicapazeamor.com.br\/site\/wp-json\/wp\/v2\/media\/3198"}],"wp:attachment":[{"href":"http:\/\/republicapazeamor.com.br\/site\/wp-json\/wp\/v2\/media?parent=3197"}],"wp:term":[{"taxonomy":"category","embeddable":true,"href":"http:\/\/republicapazeamor.com.br\/site\/wp-json\/wp\/v2\/categories?post=3197"},{"taxonomy":"post_tag","embeddable":true,"href":"http:\/\/republicapazeamor.com.br\/site\/wp-json\/wp\/v2\/tags?post=3197"}],"curies":[{"name":"wp","href":"https:\/\/api.w.org\/{rel}","templated":true}]}}