{"id":2632,"date":"2016-09-07T17:10:15","date_gmt":"2016-09-07T17:10:15","guid":{"rendered":"http:\/\/republicapazeamor.com.br\/site\/?p=2632"},"modified":"2016-09-09T03:14:16","modified_gmt":"2016-09-09T03:14:16","slug":"o-espirito-coletivo-da-rapaziada","status":"publish","type":"post","link":"http:\/\/republicapazeamor.com.br\/site\/o-espirito-coletivo-da-rapaziada\/","title":{"rendered":"O esp\u00edrito coletivo da rapaziada."},"content":{"rendered":"<p style=\"text-align: justify;margin-bottom:24px\"> Voc\u00eas pensam que vida de blogueiro \u00e9 uma teta, mas que nada. <\/p>\n<p style=\"text-align: justify;margin-bottom:24px\"> Com a velocidade em que as coisas acontecem nas redes sociais, reafirma-se a atemporalidade da famosa frase do compositor Sinh\u00f4, sempre repetida em suas pendengas autorais no come\u00e7o do s\u00e9culo passado: \u201cSamba \u00e9 que nem passarinho. T\u00e1 voando por a\u00ed, \u00e9 de quem pegar primeiro.\u201d<\/p>\n<p style=\"text-align: justify;margin-bottom:24px\"> Eu tinha alinhavado um post sobre as estat\u00edsticas do M\u00e1rcio Ara\u00fajo, s\u00f3 que um dos integrantes da Confraria Rubro-Negra do RP&amp;A \u2013 e um dos mais l\u00facidos comentaristas aqui do blog \u2013 se antecipou e linkou, no grupo de WhatsApp, a mat\u00e9ria publicada no site da ESPN que seria o ponto de partida do texto. Minha ideia foi paspica. <\/p>\n<p style=\"text-align: justify;margin-bottom:24px\"> Pensei, ent\u00e3o, em escrever sobre a estranha hist\u00f3ria de jogar fora de casa mesmo na condi\u00e7\u00e3o de mandante \u2013 j\u00e1 estava at\u00e9 com t\u00edtulo escolhido e foto separada \u2013, a\u00ed veio o patr\u00e3o e abordou exatamente isso nos tr\u00eas primeiros par\u00e1grafos do post \u201cPerfume de gard\u00eania\u201d. Bem-feito, seu Murtinho: piscou, um abra\u00e7o. <\/p>\n<p style=\"text-align: justify;margin-bottom:24px\"> Ciente de que bronca \u00e9 arma de ot\u00e1rio e que os bons cabritos n\u00e3o berram, bola pra frente. Pra n\u00e3o perder de zero, fisguei o mote do bem-vindo reagrupamento dos Novos Baianos e decidi exaltar o que de mais importante a gente tem visto nos jogos do Flamengo: o esp\u00edrito coletivo.<\/p>\n<p style=\"text-align: justify;margin-bottom:24px\"> No campeonato desse ano ainda n\u00e3o emplacamos tr\u00eas vit\u00f3rias consecutivas \u2013 marca que, esperamos e cremos, ser\u00e1 alcan\u00e7ada logo mais em Cariacica \u2013, embora caiba registrar que essa hist\u00f3ria de n\u00e3o sei quantas vit\u00f3rias seguidas pode ser uma fal\u00e1cia. E para tratar disso, voltemos ao assunto que n\u00e3o abandona nossos pensamentos. <\/p>\n<p style=\"text-align: justify;margin-bottom:24px\"> Em 2009 houve um per\u00edodo de tr\u00eas ou quatro rodadas em que Palmeiras e S\u00e3o Paulo, que lideravam a competi\u00e7\u00e3o, pontuaram muito pouco. Percebendo a oportunidade, o diretor de Futebol Marcos Br\u00e1s estabeleceu, junto aos jogadores, a meta de conquistar quatro pontos a cada dupla de partidas disputadas. Havia, inclusive, um faz-me-rir a mais quando o objetivo era atingido. Pelas proje\u00e7\u00f5es, quatro pontos para cada dupla de jogos seriam suficientes para p\u00f4r o time na briga quando cheg\u00e1ssemos \u00e0 35\u00aa ou \u00e0 36\u00aa rodada, e a\u00ed ver\u00edamos quem \u00e9 que tinha mais garrafas para quebrar. Deu certo. De todo modo, em nenhum momento daquela arrancada conseguimos mais de tr\u00eas vit\u00f3rias seguidas. J\u00e1 em 2015, vencemos seis partidas consecutivas e terminamos em 12\u00ba lugar. Qual a vantagem?<\/p>\n<p style=\"text-align: justify;margin-bottom:24px\"> Ainda passeando pelo passado recente, em 2011 mantivemos nossa invencibilidade por dezesseis rodadas, para depois amargarmos uma sequ\u00eancia de dez partidas sem ganhar de ningu\u00e9m. Moral da hist\u00f3ria: em vez de altos e baixos, o que o Campeonato Brasileiro requer \u00e9 equil\u00edbrio. E isto s\u00f3 \u00e9 poss\u00edvel quando se consegue jogar de forma coletiva e organizada.<\/p>\n<p style=\"text-align: justify;margin-bottom:24px\"> N\u00e3o acho gra\u00e7a em basquete e sempre me recordo de meu pai dizendo \u201cn\u00e3o d\u00e1 pra ver esse tro\u00e7o, tem gol toda hora\u201d. A frase ficou na minha cabe\u00e7a, e atribuo a ela minha falta de identifica\u00e7\u00e3o com qualquer esporte em que destruir \u00e9 mais dif\u00edcil do que criar. Todavia, n\u00e3o me esque\u00e7o de um lance que vi envolvendo Michael Jordan. O Chicago Bulls trabalhava na quadra advers\u00e1ria, quando Dennnis Rodman errou um passe simples e deu o contra-ataque de gra\u00e7a. Jordan, que estava na altura da zona morta, disparou em persegui\u00e7\u00e3o ao inimigo. N\u00e3o conseguiu evitar a cesta, e pouco se abalou. Entregou a bola a um dos ju\u00edzes, recebeu de volta, recolocou em jogo e vida que segue. Nenhuma reclama\u00e7\u00e3o, nenhum esporro, nenhum ataque de estrelismo. O maior jogador de basquete de todos os tempos apenas fez o que tinha de ser feito e o que um esporte coletivo exige. <\/p>\n<p style=\"text-align: justify;margin-bottom:24px\"> Outra boa lembran\u00e7a \u00e9 a de uma entrevista dos alem\u00e3es Schweinsteiger e Thomas Muller, ainda no gramado do Maracan\u00e3, logo ap\u00f3s a conquista da Copa de 2014. O desavisado rep\u00f3rter perguntou a Muller se ele lamentava n\u00e3o ter terminado a competi\u00e7\u00e3o como artilheiro. Os dois campe\u00f5es se entreolharam surpresos e ca\u00edram na gargalhada, como se dissessem \u201co que \u00e9 que esse idiota est\u00e1 dizendo?\u201d. Os caras tinham acabado de ganhar a Copa do Mundo, e o jornalista indagando a respeito de desprez\u00edveis m\u00e9ritos individuais. <\/p>\n<p style=\"text-align: justify;margin-bottom:24px\"> Eu tamb\u00e9m discordo de v\u00e1rias das op\u00e7\u00f5es do Z\u00e9 Ricardo, sobretudo a que se refere a M\u00e1rcio Ara\u00fajo \u2013 n\u00e3o por uma quest\u00e3o do nome em si, mas do conceito \u2013, por\u00e9m me parece ineg\u00e1vel que, ao contr\u00e1rio do que vinha acontecendo nos \u00faltimos tempos, agora temos um time jogando futebol. Muito ainda precisa e h\u00e1 de ser feito. Carecemos de refor\u00e7os em algumas posi\u00e7\u00f5es. Sinto falta de um meia-atacante de maior movimenta\u00e7\u00e3o, que n\u00e3o se limite a ocupar as faixas laterais do campo. (Sem discutir qualidades ou defeitos de cada um, h\u00e1 v\u00e1rios desses indiv\u00edduos no atual futebol brasileiro. Gabriel Jesus do Palmeiras, Luan do Gr\u00eamio, Robinho do Atl\u00e9tico Mineiro, Vald\u00edvia do Inter.) E continuo achando que, independentemente da dupla que escalarmos, nosso miolo de zaga \u00e9 perigosamente lento. Ok: tudo isso fica para o ano que vem. N\u00e3o h\u00e1 time sem pontos fracos no futebol brasileiro, e temos os nossos. Entretanto, com a seriedade e o esp\u00edrito coletivo que estamos demonstrando, n\u00e3o h\u00e1 quem possa nos assustar.<\/p>\n<p style=\"text-align: justify;margin-bottom:24px\"> Uma das evid\u00eancias do coletivismo rubro-negro est\u00e1 na partilha dos gols. Fizemos poucos, \u00e9 verdade \u2013 entre os clubes que ocupam as seis primeiras coloca\u00e7\u00f5es na tabela, somos o que menos gols marcou \u2013, mas temos um reparte raro. Quatro de Guerrero, quatro de Vizeu, tr\u00eas de Alan Patrick, dois de Ar\u00e3o, dois de Dami\u00e3o, dois de Diego, dois de \u00c9verton, dois de Jorge, dois de Mancuello, um de Cirino, um de Ederson e um de R\u00e9ver, al\u00e9m dos gols contra de Felipe Azevedo (Ponte Preta) e Rodrigo Caio (S\u00e3o Paulo). Nossa tabela de artilharia deixa claro que n\u00e3o h\u00e1 ego\u00edsmo ou buscas individuais, todos se ajudam e as responsabilidades se dividem. Um time, e n\u00e3o um bando.<\/p>\n<p style=\"text-align: justify;margin-bottom:24px\"> Acabou chorare, ficou tudo lindo \u2013 ou quase tudo \u2013 e o pessoal anda sentindo um certo cheirinho por a\u00ed. Voc\u00eas conhecem minhas cismas e manias, e por elas acho prudente n\u00e3o me meter com essas coisas. Mas, \u00e0s duas e dez da tarde do dia 7 de setembro de 2016, devo confessar que esse tal neg\u00f3cio t\u00e1 cheirando mais do que a costela defumada que minha mulher acaba de tirar do forno.<\/p>\n<p>Algu\u00e9m est\u00e1 servido?<\/p>\n<div class='button-row'>\n\t<a href='http:\/\/republicapazeamor.com.br\/site\/jorge-murtinho\/' class='button small-button \n\t\t\t \n\t\t\trounded-corners \n\t\t\torange-button text-uppercase' style=\"color: #ffffff; background-color: #000000; box-shadow: 0 0 0 3px #991b1b inset;\">\n\t\t\t\tSobre Jorge Murtinho\t<\/a>\n<\/div>\n<!-- AddThis Advanced Settings generic via filter on the_content --><!-- AddThis Share Buttons generic via filter on the_content -->","protected":false},"excerpt":{"rendered":"<p>Voc\u00eas pensam que vida de blogueiro \u00e9 uma teta, mas que nada. Com a velocidade em que as coisas acontecem nas redes sociais, reafirma-se a atemporalidade da famosa frase do compositor Sinh\u00f4, sempre repetida em suas pendengas autorais no come\u00e7o do s\u00e9culo passado: \u201cSamba \u00e9 que nem passarinho. T\u00e1 voando por a\u00ed, \u00e9 de quem &#8230; <a class=\"read-more-link\" href=\"http:\/\/republicapazeamor.com.br\/site\/o-espirito-coletivo-da-rapaziada\/\">Read More <i class=\"ico-946\"><\/i><\/a><\/p>\n","protected":false},"author":2,"featured_media":2633,"comment_status":"open","ping_status":"open","sticky":false,"template":"","format":"standard","meta":[],"categories":[46],"tags":[],"_links":{"self":[{"href":"http:\/\/republicapazeamor.com.br\/site\/wp-json\/wp\/v2\/posts\/2632"}],"collection":[{"href":"http:\/\/republicapazeamor.com.br\/site\/wp-json\/wp\/v2\/posts"}],"about":[{"href":"http:\/\/republicapazeamor.com.br\/site\/wp-json\/wp\/v2\/types\/post"}],"author":[{"embeddable":true,"href":"http:\/\/republicapazeamor.com.br\/site\/wp-json\/wp\/v2\/users\/2"}],"replies":[{"embeddable":true,"href":"http:\/\/republicapazeamor.com.br\/site\/wp-json\/wp\/v2\/comments?post=2632"}],"version-history":[{"count":4,"href":"http:\/\/republicapazeamor.com.br\/site\/wp-json\/wp\/v2\/posts\/2632\/revisions"}],"predecessor-version":[{"id":2642,"href":"http:\/\/republicapazeamor.com.br\/site\/wp-json\/wp\/v2\/posts\/2632\/revisions\/2642"}],"wp:featuredmedia":[{"embeddable":true,"href":"http:\/\/republicapazeamor.com.br\/site\/wp-json\/wp\/v2\/media\/2633"}],"wp:attachment":[{"href":"http:\/\/republicapazeamor.com.br\/site\/wp-json\/wp\/v2\/media?parent=2632"}],"wp:term":[{"taxonomy":"category","embeddable":true,"href":"http:\/\/republicapazeamor.com.br\/site\/wp-json\/wp\/v2\/categories?post=2632"},{"taxonomy":"post_tag","embeddable":true,"href":"http:\/\/republicapazeamor.com.br\/site\/wp-json\/wp\/v2\/tags?post=2632"}],"curies":[{"name":"wp","href":"https:\/\/api.w.org\/{rel}","templated":true}]}}