{"id":2157,"date":"2016-05-15T19:54:54","date_gmt":"2016-05-15T19:54:54","guid":{"rendered":"http:\/\/republicapazeamor.com.br\/site\/?p=2157"},"modified":"2016-05-16T03:41:33","modified_gmt":"2016-05-16T03:41:33","slug":"comecamos-com-o-pe-esquerdo","status":"publish","type":"post","link":"http:\/\/republicapazeamor.com.br\/site\/comecamos-com-o-pe-esquerdo\/","title":{"rendered":"Come\u00e7amos com o P\u00e9 Esquerdo"},"content":{"rendered":"<p style=\"text-align: justify; margin-bottom: 24px;\">Os padecimentos da resignada torcida do Flamengo parecem n\u00e3o ter mais fim. A falta de sensibilidade da elite dirigente rubro-negra \u00e9 not\u00f3ria, s\u00f3 compar\u00e1vel \u00e0 inadequa\u00e7\u00e3o de Muricy ao cargo que ocupa em descarado desafio aos preceitos da meritocracia. Desde janeiro de 2013 que a sofrida rubronegrada vem suportando, com admir\u00e1vel estoicismo, as barbaridades contra nossas tradi\u00e7\u00f5es cometidas em nome de uma suposta profissionaliza\u00e7\u00e3o da gest\u00e3o do clube. Profissionaliza\u00e7\u00e3o esta que j\u00e1 afastou do nosso conv\u00edvio nas arquibancadas os negros, os pobres e os desdentados, assim como os amados craques Ibson, Wellinton, Renato Abreu e quejandos.<\/p>\n<p style=\"text-align: justify; margin-bottom: 24px;\">A todas essas ignominias a torcida foi capaz de resistir, mas \u00e9 arriscado afirmar que o flamenguista de bem, essa criatura ponderada, bem informada e preparada para a livre troca de ideias, que milita nos coment\u00e1rios de not\u00edcias, nas doutas discuss\u00f5es promovidas no Twitter e nos in\u00fameros f\u00f3runs de discuss\u00e3o na internet, estivesse preparado para a ultima patuscada do Flamengo. Onde \u00e9 que j\u00e1 se viu o Flamengo come\u00e7ar o Brasileiro vencendo? Em que parte do estatuto, escritura sagrada sempre usada como \u00e1libi para justificar as destrambelhadas decis\u00f5es da diretoria, est\u00e1 escrito que o Flamengo pode vencer seus jogos de estreia no Brasileiro? \u00c9 por essas e por outras que o Flamengo sangra.<\/p>\n<p style=\"text-align: justify; margin-bottom: 24px;\">Entendam, para o verdadeiro rubro-negro a vit\u00f3ria e os m\u00edseros 3 pontos que a acompanham, s\u00e3o irrelevantes diante do quadro de dissolu\u00e7\u00e3o das nossas tradi\u00e7\u00f5es. Depois que o campeonato acaba ningu\u00e9m mais lembra dos 3 pontos, s\u00e3o outra quimera que esfuma, como a brancura da espuma que se desmancha na areia. O que n\u00e3o d\u00e1 pra esquecer \u00e9 que o Flamengo est\u00e1 sem est\u00e1dio, sem patroc\u00ednio na manga da camisa e, agora, sem Wallace. Como \u00e9 poss\u00edvel que o Flamengo permita que um jogador decida, movido unicamente por seus interesses pessoais, se deve ou n\u00e3o deve jogar pelo Flamengo? A continuar nessa batida em breve s\u00f3 permitir\u00e3o que joguem no Flamengo os jogadores que, n\u00e3o se ofendam &#8211; quiserem jogar no Flamengo!<\/p>\n<p style=\"text-align: justify; margin-bottom: 24px;\">Malgrado sua irrelev\u00e2ncia, o jogo de s\u00e1bado em Volta Redonda merece algumas observa\u00e7\u00f5es. A anula\u00e7\u00e3o do leg\u00edtimo gol do nosso gen\u00e9rico setentrional foi uma prova cabal de que o Flamengo est\u00e1 sendo beneficiado pelos lament\u00e1veis \u00e1rbitros escalados pela inid\u00f4nea Comiss\u00e3o de Arbitragem da CBF. E se existe algo que fuja mais \u00e0s nossas tradi\u00e7\u00f5es do que esse benef\u00edcio esp\u00fario, por favor me apontem, pois eu n\u00e3o consigo me lembrar.<\/p>\n<p style=\"text-align: justify; margin-bottom: 24px;\">Sou das antigas, do tempo em que o Flamengo atravessava campeonatos brasileiros inteiros sem ter um m\u00edsero p\u00eanalti marcado a seu favor. Do tempo em que perd\u00edamos jogos com gols roubados, expuls\u00f5es injustas e gols l\u00eddimos anulados. Assim era o Flamengo que se tornou o Maior do Brasil. E n\u00e3o esse bando de jogadores com os sal\u00e1rios em dia mais preocupado com a acumula\u00e7\u00e3o de pontos na tabela do que em fornecer motivos para a choradeira e a justa indigna\u00e7\u00e3o de sua torcida.<\/p>\n<p style=\"text-align: justify; margin-bottom: 24px;\">A este grupo que hoje nos representa faltam a viv\u00eancia, o conhecimento e o devido respeito \u00e0s tradi\u00e7\u00f5es rubro-negras. J\u00e1 est\u00e1 na hora de que entendam, de uma vez por todas, que n\u00e3o queremos vit\u00f3rias. Queremos ra\u00e7a e comprometimento. E, acima de tudo, queremos que o fornecimento de motivos para nossas criticas n\u00e3o seja interrompido. Vejam em que situa\u00e7\u00e3o rid\u00edcula nos encontramos, se o campeonato, por algum motivo, terminasse hoje, estar\u00edamos automaticamente classificados para a Libertadores 2017! Reitero, o Flamengo sangra!<\/p>\n<p style=\"text-align: justify; margin-bottom: 24px;\">Esperamos que nos pr\u00f3ximos 37 jogos o Flamengo possa estancar essa hemorragia que nos empalidece e voltar a percorrer o caminho pedregoso e estreito com que nos habituamos. Vit\u00f3rias s\u00e3o uma coisa boa, mas apenas na hora certa. Agora \u00e9 hora de criticar. Vamos respeitar as nossas tradi\u00e7\u00f5es.<\/p>\n<p style=\"text-align: justify; margin-bottom: 24px;\"><strong>Meng\u00e3o Sempre<\/strong><\/p>\n<p style=\"text-align: justify; margin-bottom: 24px;\"><div class='button-row'>\n\t<a href='http:\/\/republicapazeamor.com.br\/site\/arthur-muhlenberg\/' class='button small-button \n\t\t\t \n\t\t\trounded-corners \n\t\t\torange-button text-uppercase' style=\"color: #ffffff; background-color: #000000; box-shadow: 0 0 0 3px #991b1b inset;\">\n\t\t\t\tSobre Arthur Muhlenberg\t<\/a>\n<\/div>\n<!-- AddThis Advanced Settings generic via filter on the_content --><!-- AddThis Share Buttons generic via filter on the_content -->","protected":false},"excerpt":{"rendered":"<p>Os padecimentos da resignada torcida do Flamengo parecem n\u00e3o ter mais fim. A falta de sensibilidade da elite dirigente rubro-negra \u00e9 not\u00f3ria, s\u00f3 compar\u00e1vel \u00e0 inadequa\u00e7\u00e3o de Muricy ao cargo que ocupa em descarado desafio aos preceitos da meritocracia. Desde janeiro de 2013 que a sofrida rubronegrada vem suportando, com admir\u00e1vel estoicismo, as barbaridades contra &#8230; <a class=\"read-more-link\" href=\"http:\/\/republicapazeamor.com.br\/site\/comecamos-com-o-pe-esquerdo\/\">Read More <i class=\"ico-946\"><\/i><\/a><\/p>\n","protected":false},"author":6,"featured_media":2158,"comment_status":"open","ping_status":"open","sticky":false,"template":"","format":"standard","meta":[],"categories":[46],"tags":[],"_links":{"self":[{"href":"http:\/\/republicapazeamor.com.br\/site\/wp-json\/wp\/v2\/posts\/2157"}],"collection":[{"href":"http:\/\/republicapazeamor.com.br\/site\/wp-json\/wp\/v2\/posts"}],"about":[{"href":"http:\/\/republicapazeamor.com.br\/site\/wp-json\/wp\/v2\/types\/post"}],"author":[{"embeddable":true,"href":"http:\/\/republicapazeamor.com.br\/site\/wp-json\/wp\/v2\/users\/6"}],"replies":[{"embeddable":true,"href":"http:\/\/republicapazeamor.com.br\/site\/wp-json\/wp\/v2\/comments?post=2157"}],"version-history":[{"count":2,"href":"http:\/\/republicapazeamor.com.br\/site\/wp-json\/wp\/v2\/posts\/2157\/revisions"}],"predecessor-version":[{"id":2161,"href":"http:\/\/republicapazeamor.com.br\/site\/wp-json\/wp\/v2\/posts\/2157\/revisions\/2161"}],"wp:featuredmedia":[{"embeddable":true,"href":"http:\/\/republicapazeamor.com.br\/site\/wp-json\/wp\/v2\/media\/2158"}],"wp:attachment":[{"href":"http:\/\/republicapazeamor.com.br\/site\/wp-json\/wp\/v2\/media?parent=2157"}],"wp:term":[{"taxonomy":"category","embeddable":true,"href":"http:\/\/republicapazeamor.com.br\/site\/wp-json\/wp\/v2\/categories?post=2157"},{"taxonomy":"post_tag","embeddable":true,"href":"http:\/\/republicapazeamor.com.br\/site\/wp-json\/wp\/v2\/tags?post=2157"}],"curies":[{"name":"wp","href":"https:\/\/api.w.org\/{rel}","templated":true}]}}