{"id":2153,"date":"2016-05-14T12:18:41","date_gmt":"2016-05-14T12:18:41","guid":{"rendered":"http:\/\/republicapazeamor.com.br\/site\/?p=2153"},"modified":"2016-05-14T12:18:41","modified_gmt":"2016-05-14T12:18:41","slug":"o-presidente-vai-la-e-crau","status":"publish","type":"post","link":"http:\/\/republicapazeamor.com.br\/site\/o-presidente-vai-la-e-crau\/","title":{"rendered":"O presidente vai l\u00e1 e crau."},"content":{"rendered":"<p style=\"text-align: justify;margin-bottom:24px\"> Essa briga entre pagar contas e ganhar t\u00edtulos n\u00e3o \u00e9 de hoje. <\/p>\n<p style=\"text-align: justify;margin-bottom:24px\"> Lembro de um grande presidente que o Fluminense teve, Francisco Horta \u2013 t\u00e3o grande que mereceu homenagem musical do rubro-nig\u00e9rrimo Jorge Benjor \u2013, em acalorado debate numa dessas resenhas dominicais com um dos seus sucessores (S\u00edlvio Vasconcelos ou S\u00edlvio Kelly dos Santos, n\u00e3o sei). Para tirar o foco de recentes fracassos do time, o presidente da vez sacava balan\u00e7os, documentos e registros cont\u00e1beis de uma pasta de couro e os sacudia nervosamente. Esperto toda vida, a ponto de convencer os dirigentes do Flamengo de que era um neg\u00f3cio justo trocar Renato, Rodrigues Neto e Doval por Roberto, Toninho e Z\u00e9 Roberto, Horta ironizava: <em>\u201cPresidente, na pr\u00f3xima vez n\u00e3o traga s\u00f3 a papelada: traga tamb\u00e9m os \u00eddolos, as vit\u00f3rias e os t\u00edtulos.\u201d<\/em><\/p>\n<p style=\"text-align: justify;margin-bottom:24px\"> Trata-se, como se v\u00ea, de embate antigo.<\/p>\n<p style=\"text-align: justify;margin-bottom:24px\"> Entretanto, a atual diretoria rubro-negra foi capaz de nos convencer que essas duas coisas n\u00e3o eram excludentes, pelo contr\u00e1rio: as contas em dia, as d\u00edvidas pagas com disciplina e a contabilidade limpa nos levariam a um mundo de sonhos e sucessivos triunfos. Todos os craques ambicionariam jogar no Flamengo. Todos os agentes escolheriam o Flamengo para abrigar seus contratados. Ser\u00edamos poderosos, vitoriosos, temidos. <\/p>\n<p style=\"text-align: justify;margin-bottom:24px\"> Acreditamos.<\/p>\n<p style=\"text-align: justify;margin-bottom:24px\"> Em janeiro de 1986, o \u00edndice anual da infla\u00e7\u00e3o brasileira bateu na marca de 250,23%. Diante do caos, o governo de Jos\u00e9 Sarney lan\u00e7ou o Plano Cruzado, que entre outros atos congelava todos os pre\u00e7os e em pouco tempo faria de Dilson Funaro o ministro da Fazenda mais popular da nossa hist\u00f3ria. S\u00f3 que, como parece acontecer com Eduardo Bandeira de Mello, Funaro se apaixonou pela pr\u00f3pria popularidade. Diz-se que em certa reuni\u00e3o ministerial, diante da necessidade de mudar os rumos do plano e p\u00f4r em pr\u00e1tica o que os economistas chamam de rem\u00e9dios amargos, a imprensa classifica como medidas impopulares e n\u00f3s j\u00e1 aprendemos que \u00e9 sempre pau no nosso rabo, Dilson Funaro bateu no peito e garantiu que tudo se resolveria com um pronunciamento dele em cadeia nacional. Funaro teria dito: <em>\u201cDeixa comigo. Eu vou l\u00e1 pra tev\u00ea e crau!\u201d<\/em> <\/p>\n<p style=\"text-align: justify;margin-bottom:24px\"> Toda vez que nossa defesa comete erros grotescos, que nosso meio-campo gira com a bola pra l\u00e1 e pra c\u00e1 sem ter o que fazer, pois os atacantes permanecem alheios e est\u00e1ticos como se fizessem parte de um time de tot\u00f3, e que vamos sair de campo com mais uma piaba no lombo, sabemos que logo o presidente aparecer\u00e1 na m\u00eddia com o recorrente lero-lero. <\/p>\n<p style=\"text-align: justify;margin-bottom:24px\"> As d\u00edvidas sendo pagas. O balan\u00e7o. O pr\u00eamio concedido pela BrSM. A transpar\u00eancia. A responsabilidade.<\/p>\n<p style=\"text-align: justify;margin-bottom:24px\"> N\u00e3o abrimos m\u00e3o de nada disso, meu presidente, mas, e as vit\u00f3rias? E o time que, se ainda n\u00e3o o t\u00e3o desejado, pelo menos n\u00e3o nos afronte? E os t\u00edtulos, meu presidente, os t\u00edtulos?<\/p>\n<p style=\"text-align: justify;margin-bottom:24px\"> Bastaria um pingo de autocr\u00edtica para perceber que as coisas n\u00e3o est\u00e3o funcionando. Se n\u00e3o temos cem milh\u00f5es de euros para comprar o Gareth Bale \u2013 por incr\u00edvel que pare\u00e7a, foi isso que o Real Madrid pagou por ele \u2013 e s\u00f3 h\u00e1 em caixa seis milh\u00f5es de reais para contratar um zagueiro, que venha o melhor zagueiro que seis milh\u00f5es de reais s\u00e3o capazes de trazer. Compet\u00eancia para montar o elenco talvez seja o mais importante de todos os quesitos que comp\u00f5em o conceito de modernidade na administra\u00e7\u00e3o de um clube. E contrata\u00e7\u00f5es com precis\u00e3o cir\u00fargica s\u00e3o, quase sempre, o segredo das grandes conquistas. <\/p>\n<p style=\"text-align: justify;margin-bottom:24px\"> O maior time que o Flamengo j\u00e1 teve, com uma penca de jogadores extraordin\u00e1rios vindos da base, come\u00e7ou a tomar forma quando trouxemos Carpegiani, Cl\u00e1udio Ad\u00e3o e, um pouco depois, o goleiro Raul. Mas nem precisa tanto. Nenhum dos dois era craque, mas a chegada de \u00c1lvaro e Maldonado, durante o Brasileiro de 2009, fez com que nossa defesa deixasse de ser uma peneira e criou a solidez necess\u00e1ria para que Adriano e Petkovic pudessem brilhar.<\/p>\n<p style=\"text-align: justify;margin-bottom:24px\"> E agora, presidente, quando est\u00e1vamos certos de que nunca mais nos misturar\u00edamos ao lado sombrio da for\u00e7a, v\u00eam as pouco convincentes explica\u00e7\u00f5es para a aceita\u00e7\u00e3o do convite feito pela CBF. <\/p>\n<p style=\"text-align: justify;margin-bottom:24px\"> Tenho o costume de, aqui em meus posts, zapear por todas as variantes poss\u00edveis, o que me faz n\u00e3o descartar a possibilidade de que Eduardo Bandeira de Mello queira dar uma tacada estrat\u00e9gica. Como passamos a suspeitar desde a \u00faltima elei\u00e7\u00e3o, tudo leva a crer que o nosso presidente tenha se embriagado com o poder e com os justos elogios ao saneamento financeiro \u2013 o que chega a ser compreens\u00edvel. Mas n\u00e3o considero de todo absurdo acreditar que Bandeira de Mello esteja empenhado em livrar o clube dos estranhos v\u00edcios da arbitragem brasileira que, na d\u00favida, marca tudo contra os desafetos da CBF e a favor dos aliados.<\/p>\n<p style=\"text-align: justify;margin-bottom:24px\"> N\u00e3o esque\u00e7amos: nosso Deus j\u00e1 declarou que, quando os l\u00edderes daquele elenco espetacular perceberam que o time tinha bola para gl\u00f3rias nunca antes alcan\u00e7adas, eles se reuniram com a diretoria para fazer um pedido: que se realizasse um trabalho, nos bastidores, para n\u00e3o deixar o Flamengo ser prejudicado. Ningu\u00e9m pleiteava antiesportivos aux\u00edlios de arbitragens, e sim a certeza de imparcialidade. Isto obtido, o resto a rapaziada garantia. <\/p>\n<p style=\"text-align: justify;margin-bottom:24px\"> Quem acompanha o RP&amp;A sabe que n\u00e3o gosto de reclamar de ju\u00edzes ou bandeirinhas, mas n\u00e3o d\u00e1 para contrariar os fatos. No Campeonato Brasileiro do ano passado nosso time foi uma decep\u00e7\u00e3o, uma tristeza, mas erros de arbitragem nos ajudaram a perder para Ava\u00ed, Figueirense, Palmeiras, Fluminense, Vasco, Atl\u00e9tico Mineiro e Cruzeiro. Equ\u00edvocos a nosso favor, que eu me lembre, s\u00f3 nas vit\u00f3rias sobre Internacional e Fluminense. Sou obrigado a confessar que n\u00e3o aposto um real nesse argumento da suposta estrat\u00e9gia de Bandeira de Mello, mas n\u00e3o custa conceder-lhe o benef\u00edcio da d\u00favida. Veremos a partir de hoje \u00e0 tarde, quando come\u00e7a nossa participa\u00e7\u00e3o na mais importante competi\u00e7\u00e3o do futebol brasileiro e algumas coisas ser\u00e3o postas em cheque. A saber: <\/p>\n<p style=\"text-align: justify;margin-bottom:24px\"> Se o presidente andou ou n\u00e3o articulando para que n\u00e3o haja tantos erros contra e t\u00e3o poucos a favor; ou se ele, simplesmente, n\u00e3o pode mais ver cavalo encilhado que pula em cima. <\/p>\n<p style=\"text-align: justify;margin-bottom:24px\"> Se o time estava aguardando a hora certa de explodir e, ignorando a inexist\u00eancia de uma casa para chamar de sua, far\u00e1 um grande campeonato; ou se continuaremos nos enchendo de vergonha semana ap\u00f3s semana. <\/p>\n<p style=\"text-align: justify;margin-bottom:24px\"> Se Muricy lograr\u00e1 o que s\u00f3 conseguimos duas vezes nos \u00faltimos dez anos: estrear no campeonato com vit\u00f3ria; ou se voltaremos a ouvir o singelo argumento de que uma hora dessas a bola entra e a coisa vai. <\/p>\n<p style=\"text-align: justify;margin-bottom:24px\"> Se teremos um time decente em campo, ganhando, empatando ou perdendo quando tiver de ganhar, empatar ou perder, mas sempre honrando o manto; ou se iremos dormir com a certeza de que, no dia seguinte, Eduardo Bandeira de Mello vai novamente para a m\u00eddia e crau.<\/p>\n<div class='button-row'>\n\t<a href='http:\/\/republicapazeamor.com.br\/site\/jorge-murtinho\/' class='button small-button \n\t\t\t \n\t\t\trounded-corners \n\t\t\torange-button text-uppercase' style=\"color: #ffffff; background-color: #000000; box-shadow: 0 0 0 3px #991b1b inset;\">\n\t\t\t\tSobre Jorge Murtinho\t<\/a>\n<\/div>\n<!-- AddThis Advanced Settings generic via filter on the_content --><!-- AddThis Share Buttons generic via filter on the_content -->","protected":false},"excerpt":{"rendered":"<p>Essa briga entre pagar contas e ganhar t\u00edtulos n\u00e3o \u00e9 de hoje. Lembro de um grande presidente que o Fluminense teve, Francisco Horta \u2013 t\u00e3o grande que mereceu homenagem musical do rubro-nig\u00e9rrimo Jorge Benjor \u2013, em acalorado debate numa dessas resenhas dominicais com um dos seus sucessores (S\u00edlvio Vasconcelos ou S\u00edlvio Kelly dos Santos, n\u00e3o &#8230; <a class=\"read-more-link\" href=\"http:\/\/republicapazeamor.com.br\/site\/o-presidente-vai-la-e-crau\/\">Read More <i class=\"ico-946\"><\/i><\/a><\/p>\n","protected":false},"author":2,"featured_media":2154,"comment_status":"open","ping_status":"open","sticky":false,"template":"","format":"standard","meta":[],"categories":[39],"tags":[],"_links":{"self":[{"href":"http:\/\/republicapazeamor.com.br\/site\/wp-json\/wp\/v2\/posts\/2153"}],"collection":[{"href":"http:\/\/republicapazeamor.com.br\/site\/wp-json\/wp\/v2\/posts"}],"about":[{"href":"http:\/\/republicapazeamor.com.br\/site\/wp-json\/wp\/v2\/types\/post"}],"author":[{"embeddable":true,"href":"http:\/\/republicapazeamor.com.br\/site\/wp-json\/wp\/v2\/users\/2"}],"replies":[{"embeddable":true,"href":"http:\/\/republicapazeamor.com.br\/site\/wp-json\/wp\/v2\/comments?post=2153"}],"version-history":[{"count":2,"href":"http:\/\/republicapazeamor.com.br\/site\/wp-json\/wp\/v2\/posts\/2153\/revisions"}],"predecessor-version":[{"id":2156,"href":"http:\/\/republicapazeamor.com.br\/site\/wp-json\/wp\/v2\/posts\/2153\/revisions\/2156"}],"wp:featuredmedia":[{"embeddable":true,"href":"http:\/\/republicapazeamor.com.br\/site\/wp-json\/wp\/v2\/media\/2154"}],"wp:attachment":[{"href":"http:\/\/republicapazeamor.com.br\/site\/wp-json\/wp\/v2\/media?parent=2153"}],"wp:term":[{"taxonomy":"category","embeddable":true,"href":"http:\/\/republicapazeamor.com.br\/site\/wp-json\/wp\/v2\/categories?post=2153"},{"taxonomy":"post_tag","embeddable":true,"href":"http:\/\/republicapazeamor.com.br\/site\/wp-json\/wp\/v2\/tags?post=2153"}],"curies":[{"name":"wp","href":"https:\/\/api.w.org\/{rel}","templated":true}]}}