{"id":2013,"date":"2016-03-14T12:37:49","date_gmt":"2016-03-14T12:37:49","guid":{"rendered":"http:\/\/republicapazeamor.com.br\/site\/?p=2013"},"modified":"2016-03-14T12:37:49","modified_gmt":"2016-03-14T12:37:49","slug":"eu-so-quero-e-ser-feliz","status":"publish","type":"post","link":"http:\/\/republicapazeamor.com.br\/site\/eu-so-quero-e-ser-feliz\/","title":{"rendered":"Eu s\u00f3 quero \u00e9 ser feliz."},"content":{"rendered":"<p style=\"text-align: justify;margin-bottom:24px\"> Desisto. Sem o talento do Arthur (o post \u201cDaqui a 300 anos\u201d \u00e9 um primor) e depois que a Nivinha precisou gravar embaixo do chuveiro \u2013 calma, rapaziada, ela est\u00e1 pudicamente coberta com a camisa rubro-negra \u2013 para descolar o que dizer sobre Flamengo e Madureira, joguei a toalha e decidi ca\u00e7ar outro assunto que n\u00e3o fosse o campeonato estadual.<\/p>\n<p style=\"text-align: justify;margin-bottom:24px\"> Ontem de manh\u00e3, enquanto a casa ainda dormia \u2013 com exce\u00e7\u00e3o do meu enteado, que lan\u00e7ou m\u00e3o de toda a energia dos seus dezessete anos para enfrentar quatro baldea\u00e7\u00f5es e doze horas de Lollapalooza \u2013, liguei a tev\u00ea instigado pela chamada do dia anterior, que anunciava como uma das atra\u00e7\u00f5es do programa <em>Esporte Espetacular<\/em> a reportagem sobre a chegada de Adriano a Miami, onde ser\u00e1 vizinho de Bill Duba, um dos mais ass\u00edduos, talentosos e queridos comentaristas do nosso humilde blog.<\/p>\n<p style=\"text-align: justify;margin-bottom:24px\"> Voltemos um pouco no tempo, mais precisamente \u00e0 noite de 20 de maio de 2009. O cen\u00e1rio \u00e9 a ag\u00eancia de propaganda em que trabalho, em S\u00e3o Caetano do Sul. Quase oito horas da noite e as pessoas come\u00e7am a partir para suas casas. Daqui a pouco o Flamengo ir\u00e1 encarar o Internacional, no Beira-Rio, para decidir quem segue \u00e0s semifinais da Copa do Brasil. O primeiro jogo, realizado uma semana antes no Maracan\u00e3, terminara empatado em zero a zero. Ao se despedir de mim, um colega s\u00e3o-paulino pede desculpas e diz que torcer\u00e1 pelo Inter, por enxergar no time ga\u00facho muito mais possibilidades de barrar a trajet\u00f3ria do Corinthians rumo ao t\u00edtulo \u2013 algo intrag\u00e1vel para qualquer torcedor do S\u00e3o Paulo.     <\/p>\n<p style=\"text-align: justify;margin-bottom:24px\"> N\u00e3o escondo o desapontamento. N\u00e3o com o meu colega, mas com o meu time, por justificar o menosprezo que a imprensa esportiva e os torcedores paulistas vinham dedicando ao futebol carioca e sua t\u00e3o indigente leva de temporadas recentes. (At\u00e9 o final do s\u00e9culo passado, Rio e S\u00e3o Paulo tinham exatamente o mesmo n\u00famero de t\u00edtulos do Brasileir\u00e3o: onze para cada lado. De 2001 a 2008, enquanto os paulistas levantaram seis campeonatos brasileiros, os cariocas n\u00e3o conquistaram nenhunzinho sequer.) <\/p>\n<p style=\"text-align: justify;margin-bottom:24px\"> Quando afirmamos que Garrincha ganhou a Copa de 62, Maradona a de 86 e Rom\u00e1rio a de 94, fazemos uma simplifica\u00e7\u00e3o aparentemente inadequada a um esporte coletivo, mas o que est\u00e1 por tr\u00e1s do racioc\u00ednio \u00e9 correto: o que se pretende dizer \u00e9 que, se Garrincha, Maradona e Rom\u00e1rio n\u00e3o estivessem naquelas sele\u00e7\u00f5es, elas n\u00e3o teriam sido vitoriosas. Pensando do mesmo modo, n\u00e3o \u00e9 errado concluir que Adriano ganhou o Brasileir\u00e3o de 2009. Claro: teve o Pet batendo um bola\u00e7o, a ra\u00e7a e a seriedade de Ronaldo Angelim, Maldonado dando um jeito na cozinha, Bruno fechando o gol e chegando a pegar dois p\u00eanaltis do Ganso na fundamental vit\u00f3ria sobre o Santos, mas quem ganhou o campeonato foi Adriano. Dezessete anos depois do nosso \u00faltimo t\u00edtulo no Brasileiro, e sem que o clube tivesse passado perto disso ao longo de todo esse per\u00edodo.<\/p>\n<p style=\"text-align: justify;margin-bottom:24px\"> Em mais um recuo no tempo, vamos pegar o De Lorean do Dr. Emmett Brown e lev\u00e1-lo \u00e0s sete e meia da noite do dia 5 de maio de 2010, quase um ano depois da primeira viagem. O local de aterrissagem \u00e9 o mesmo. Os computadores da ag\u00eancia come\u00e7am a ser desligados e o clima \u00e9 tenso. S\u00e3o-paulinos, palmeirenses e santistas v\u00eam falar comigo, e se mostram certos de que o Flamengo eliminar\u00e1 o Corinthians daqui a algumas horas, nas oitavas de final da Libertadores. Mais: os pr\u00f3prios corintianos, sempre t\u00e3o cheios de si, revelam preocupa\u00e7\u00e3o. O principal causador dessa radical mudan\u00e7a de atitude, por parte dos torcedores paulistas, foi Adriano. Estiv\u00e9ssemos numa aula de Filosofia da Ci\u00eancia, ou em um dos sofisticados textos do Gr\u00e3o-Mestre, dir\u00edamos que o Didico foi respons\u00e1vel por um corte epistemol\u00f3gico no futebol rubro-negro.<\/p>\n<p style=\"text-align: justify;margin-bottom:24px\"> A mat\u00e9ria do rep\u00f3rter C\u00e9sar Augusto, no <em>Esporte Espetacular<\/em>, me pareceu apressada e superficial, mas ver Adriano disposto a jogar bola em Miami me deixou feliz. Pouco importa que a cidade seja um zero \u00e0 esquerda em termos futebol\u00edsticos, ou que o est\u00e1dio em que o Miami United faz suas partidas perten\u00e7a a um centro recreativo que o clube aluga e divide com alunos das escolas municipais de Hialeah, no condado de Miami-Dade. E, mesmo, n\u00e3o me decepciona ou entristece a constata\u00e7\u00e3o de que Adriano ainda poderia ser, f\u00e1cil, o centroavante titular absoluto da sele\u00e7\u00e3o brasileira. <\/p>\n<p style=\"text-align: justify;margin-bottom:24px\"> N\u00e3o penso no atacante e sim no ser humano, e concluo que nada disso tem import\u00e2ncia, pois qualquer projeto profissional que Adriano consiga abra\u00e7ar \u2013 qualquer um \u2013 certamente lhe far\u00e1 bem, trazendo motiva\u00e7\u00e3o e novas alegrias a um cara simples, que para se sentir feliz basta poder andar tranquilamente na favela onde nasceu. Um cara que jamais admitiu ser criticado por n\u00e3o esquecer de onde veio. Ali\u00e1s, \u00e9 bem bacana rever, na mat\u00e9ria de C\u00e9sar Augusto, a cena em que Adriano mostra a Kleber Leite os pelos do bra\u00e7o arrepiados, devido \u00e0 emo\u00e7\u00e3o de vestir novamente a camisa do Flamengo.  <\/p>\n<p style=\"text-align: justify;margin-bottom:24px\"> Independentemente da qualidade t\u00e9cnica e dos t\u00edtulos que ajudaram a conquistar, muitos jogadores rubro-negros ganharam a minha admira\u00e7\u00e3o. Entretanto, poucos se tornaram meus \u00eddolos, e Adriano \u00e9 um deles.<\/p>\n<p style=\"text-align: justify;margin-bottom:24px\"> Boa sorte, Imperador.<\/p>\n<!-- AddThis Advanced Settings generic via filter on the_content --><!-- AddThis Share Buttons generic via filter on the_content -->","protected":false},"excerpt":{"rendered":"<p>Desisto. Sem o talento do Arthur (o post \u201cDaqui a 300 anos\u201d \u00e9 um primor) e depois que a Nivinha precisou gravar embaixo do chuveiro \u2013 calma, rapaziada, ela est\u00e1 pudicamente coberta com a camisa rubro-negra \u2013 para descolar o que dizer sobre Flamengo e Madureira, joguei a toalha e decidi ca\u00e7ar outro assunto que &#8230; <a class=\"read-more-link\" href=\"http:\/\/republicapazeamor.com.br\/site\/eu-so-quero-e-ser-feliz\/\">Read More <i class=\"ico-946\"><\/i><\/a><\/p>\n","protected":false},"author":2,"featured_media":2014,"comment_status":"open","ping_status":"open","sticky":false,"template":"","format":"standard","meta":[],"categories":[1],"tags":[],"_links":{"self":[{"href":"http:\/\/republicapazeamor.com.br\/site\/wp-json\/wp\/v2\/posts\/2013"}],"collection":[{"href":"http:\/\/republicapazeamor.com.br\/site\/wp-json\/wp\/v2\/posts"}],"about":[{"href":"http:\/\/republicapazeamor.com.br\/site\/wp-json\/wp\/v2\/types\/post"}],"author":[{"embeddable":true,"href":"http:\/\/republicapazeamor.com.br\/site\/wp-json\/wp\/v2\/users\/2"}],"replies":[{"embeddable":true,"href":"http:\/\/republicapazeamor.com.br\/site\/wp-json\/wp\/v2\/comments?post=2013"}],"version-history":[{"count":3,"href":"http:\/\/republicapazeamor.com.br\/site\/wp-json\/wp\/v2\/posts\/2013\/revisions"}],"predecessor-version":[{"id":2017,"href":"http:\/\/republicapazeamor.com.br\/site\/wp-json\/wp\/v2\/posts\/2013\/revisions\/2017"}],"wp:featuredmedia":[{"embeddable":true,"href":"http:\/\/republicapazeamor.com.br\/site\/wp-json\/wp\/v2\/media\/2014"}],"wp:attachment":[{"href":"http:\/\/republicapazeamor.com.br\/site\/wp-json\/wp\/v2\/media?parent=2013"}],"wp:term":[{"taxonomy":"category","embeddable":true,"href":"http:\/\/republicapazeamor.com.br\/site\/wp-json\/wp\/v2\/categories?post=2013"},{"taxonomy":"post_tag","embeddable":true,"href":"http:\/\/republicapazeamor.com.br\/site\/wp-json\/wp\/v2\/tags?post=2013"}],"curies":[{"name":"wp","href":"https:\/\/api.w.org\/{rel}","templated":true}]}}