{"id":1460,"date":"2015-09-14T21:05:39","date_gmt":"2015-09-14T21:05:39","guid":{"rendered":"http:\/\/republicapazeamor.com.br\/site\/?p=1460"},"modified":"2015-09-14T21:05:39","modified_gmt":"2015-09-14T21:05:39","slug":"voces-vao-ter-que-me-engolir","status":"publish","type":"post","link":"http:\/\/republicapazeamor.com.br\/site\/voces-vao-ter-que-me-engolir\/","title":{"rendered":"Voc\u00eas v\u00e3o ter que me engolir."},"content":{"rendered":"<p style=\"text-align: justify;margin-bottom:24px\"> A ideia era outra. Depois do primeiro post com a foto de Zagallo, publicado ap\u00f3s a vit\u00f3ria sobre o Sport, pensei em utilizar o vitorioso treinador mais algumas vezes, numa sequ\u00eancia progressiva que acompanhasse a trajet\u00f3ria de nosso time at\u00e9 as primeiras coloca\u00e7\u00f5es. <\/p>\n<p style=\"text-align: justify;margin-bottom:24px\"> N\u00e3o imaginava que seria t\u00e3o r\u00e1pido. <\/p>\n<p style=\"text-align: justify;margin-bottom:24px\"> Eu tinha pensado em usar, na comemora\u00e7\u00e3o pela chegada ao grupo da frente, uma imagem de Ibrahim Sued. Explico aos mais novos, e pe\u00e7o paci\u00eancia aos da minha idade.<\/p>\n<p style=\"text-align: justify;margin-bottom:24px\"> Ibrahim Sued foi um colunista social de carreira curiosa e muito bem-sucedida. Falava mal, escrevia pior ainda, mas era rico em fontes e, bem copidescada, sua coluna bombou por mais de quarenta anos no jornal <em>O Globo<\/em>. Ibrahim costumava pontuar suas informa\u00e7\u00f5es com express\u00f5es como \u201cde leve\u201d, \u201csorry, periferia\u201d, \u201cos c\u00e3es ladram e a caravana passa\u201d, \u201colho vivo, que cavalo n\u00e3o desce escada\u201d. Virou um fen\u00f4meno, teve programa na <em>TV Globo<\/em>, mesma emissora onde era satirizado por um personagem de Agildo Ribeiro, e inspirou um dos epis\u00f3dios do filme <em>O Ibraim do Sub\u00farbio<\/em>, dirigido por Cecil Thir\u00e9 e estrelado pelo grande Jos\u00e9 Lewgoy.<\/p>\n<p style=\"text-align: justify;margin-bottom:24px\"> Uma das express\u00f5es de Ibrahim Sued \u2013 \u201cGigi, eu chego l\u00e1\u201d \u2013 seria o mote do post comemorativo da entrada do Flamengo na tropa de elite da competi\u00e7\u00e3o, provavelmente com a foto do colunista, mas n\u00e3o houve jeito: uma minicampanha orquestrada por ilustres participantes das caixas de coment\u00e1rios do RP&amp;A me convenceu de que n\u00e3o seria prudente abrir m\u00e3o da foto com Zagallo. N\u00e3o \u00e9 bom mexer com certas coisas. <\/p>\n<p style=\"text-align: justify;margin-bottom:24px\"> O argumento  definitivo veio da arg\u00facia de um dos mais ass\u00edduos dos nossos comentaristas, o Chacal: Jorge Murtinho tem treze letras. Sorry, periferia.<\/p>\n<p style=\"text-align: justify;margin-bottom:24px\"> Da mesma forma que Ibrahim Sued prometia \u00e0 Gigi, o Flamengo chegou l\u00e1. Mas, l\u00e1, aonde? J\u00e1 escrevi algumas vezes aqui que n\u00e3o vejo o G4 como objetivo, e algo me diz que essa idolatria pelo quarto lugar tem o dedo dos nossos treinadores espertalh\u00f5es. Se somos um pa\u00eds que ridiculariza o segundo lugar \u2013 pra n\u00f3s o s\u00edmbolo m\u00e1ximo de nadar, nadar e morrer na praia \u2013, o que dir\u00e1 do quarto? S\u00f3 que essa cultura colocava nossos t\u00e9cnicos num mato sem cachorro: ou conquistavam o t\u00edtulo, ou eram desprezados. A ode ao G4 deu aos treinadores tr\u00eas coloca\u00e7\u00f5es a mais para a defesa de seus trabalhos e a garantia de seis meses ou um aninho com sal\u00e1rio de quinhentos ou seiscentos contos. Nada mau. Claro que, mais at\u00e9 do que a esperteza dos nossos t\u00e9cnicos, contribuiu para a supervaloriza\u00e7\u00e3o do G4 o interesse da m\u00eddia em manter a esperan\u00e7a e a empolga\u00e7\u00e3o dos torcedores. Portanto, n\u00e3o costumo embarcar nessa, mas em 2015 comprei minha passagem. Por dois motivos.<\/p>\n<p style=\"text-align: justify;margin-bottom:24px\"> Primeiro. Na manh\u00e3 de 13 de maio, no evento em que o Flamengo apresentou a marca Jeep como seu novo patrocinador, Zico cutucou Eduardo Bandeira de Mello: \u201cPresidente, t\u00e1 na hora de usar essa caneta a\u00ed pra trazer umas feras, pra gente ficar mais tranquilo no Brasileir\u00e3o.\u201d Vejam bem: Zico n\u00e3o se referiu a disputar t\u00edtulo ou brigar por vaga na Libertadores; ele falou em \u201cficar mais tranquilo no Brasileir\u00e3o\u201d. O que, diante do que passamos nos \u00faltimos tr\u00eas anos, significava simplesmente encerrar o ano com dignidade, ali pelo oitavo ou nono lugar. E que ningu\u00e9m \u2013 nunca, jamais, em tempo algum \u2013 acuse o Galo de falta de ambi\u00e7\u00e3o. Pra mim ficou claro que Zico entendia 2015 como um ano decisivo no processo de ajuste nas contas do clube, imprescind\u00edvel para que a partir de 2016 o foguete rubro-negro comece a subir. Ou seja: se ficar no G4 n\u00e3o pode ser meta, dentro do planejamento rubro-negro \u00e9 para ser comemorado sim senhor. E h\u00e1 quem sonhe ainda mais alto, o que n\u00e3o vem a ser uma impossibilidade absoluta devido \u00e0 personalidade ciclot\u00edmica do nosso campeonato. <\/p>\n<p style=\"text-align: justify;margin-bottom:24px\"> Segundo. Com o quadro que j\u00e1 temos hoje, a ida \u00e0 Libertadores significa um time mais forte no ano que vem. Ao contr\u00e1rio do que houve em 2011\/2012 e 2013\/2014 \u2013 quando entramos na Libertadores, por incr\u00edvel que pare\u00e7a, com times enfraquecidos em rela\u00e7\u00e3o aos que conquistaram a vaga \u2013, tudo leva a crer que, agora, essa participa\u00e7\u00e3o ser\u00e1 sin\u00f4nimo de significativo crescimento em nosso programa de s\u00f3cios-torcedores e melhores condi\u00e7\u00f5es para a renova\u00e7\u00e3o de patroc\u00ednios. Combina\u00e7\u00e3o que, gerida com seriedade e compet\u00eancia, pode resultar num time refor\u00e7ado e ainda mais competitivo.<\/p>\n<p style=\"text-align: justify;margin-bottom:24px\"> Uma coisa n\u00e3o se discute: o Flamengo n\u00e3o nasceu para brigar por quarto lugar em campeonato algum. S\u00f3 que, pelo tempo que perdemos at\u00e9 o final de maio, n\u00e3o h\u00e1 nada de errado em enxergar a vaga na Libertadores como objeto de desejo. Ela pode representar um importante passo para que o nosso futuro chegue mais depressa.<\/p>\n<p style=\"text-align: justify;margin-bottom:24px\"> O time se acertou e est\u00e1 muito bem. O conjunto vem funcionando de forma t\u00e3o surpreendente que \u00e9 dif\u00edcil destacar dois ou tr\u00eas. Par\u00e1 errou apenas um lance na partida inteira, um cruzamento malfeito com mais de quarenta minutos do segundo tempo. C\u00e9sar Martins perdeu o tempo de uma \u2013 somente uma \u2013 bola a\u00e9rea, mas dominou a \u00e1rea e ainda achou jeito de participar das jogadas dos dois primeiros gols. Samir foi perfeito. Temos de tomar cuidado para n\u00e3o deixar Jorge amarrar m\u00e1scara na cara, mas ele \u00e9 o \u00fanico lateral do futebol brasileiro que n\u00e3o rifa a bola. Everton correndo uma barbaridade e presente em todo lugar do campo. <\/p>\n<p style=\"text-align: justify;margin-bottom:24px\"> O chute de Luiz Antonio contra o Cruzeiro foi um dos mais bonitos que o Maracan\u00e3 j\u00e1 viu, o gol de Paulinho ontem foi inacredit\u00e1vel, mas n\u00e3o podemos deixar de aplaudir a jogada do gol de Kayke \u2013 algo que, no in\u00edcio do ano, n\u00e3o consegu\u00edamos nem por creio-em-deus-padre. A bola roubada por Everton em nossa intermedi\u00e1ria, a sa\u00edda r\u00e1pida para Ederson, da\u00ed o toque simples para Luiz Antonio, a esticada rasteira novamente para Ederson, a rolada precisa para Kayke. \u00c9 impressionante como o futebol, quando praticado coletivamente, fica mais f\u00e1cil e produtivo. Ouvi cr\u00edticas a Marcelo Cirino, mas n\u00e3o acho que tenha ido mal. Longe de ser um virtuose, tem velocidade, joga sem um pingo de ego\u00edsmo e pode ser um cara importante na sequ\u00eancia do campeonato.<\/p>\n<p style=\"text-align: justify;margin-bottom:24px\"> Sem querer esfriar o \u00e2nimo de ningu\u00e9m \u2013 pelo contr\u00e1rio, a ideia \u00e9 subir o sarrafo e aumentar o n\u00edvel de exig\u00eancia \u2013, vale lembrar que o quarto lugar n\u00e3o significa garantia de vaga na Libertadores. Posso estar enganado, mas caso algum clube brasileiro ganhe a esqu\u00e1lida Copa Sul-Americana, s\u00f3 os tr\u00eas primeiros do Brasileir\u00e3o v\u00e3o \u00e0 Liberta. Assim, e como n\u00e3o \u00e9 recomend\u00e1vel que se d\u00ea mais de um passo de cada vez, declare-se aberta a temporada de ca\u00e7a ao Gr\u00eamio. <\/p>\n<p style=\"text-align: justify;margin-bottom:24px\"> Depois a gente v\u00ea o que faz com Atl\u00e9tico Mineiro e Corinthians.<\/p>\n<div class='button-row'>\n\t<a href='http:\/\/republicapazeamor.com.br\/site\/jorge-murtinho\/' class='button small-button \n\t\t\t \n\t\t\trounded-corners \n\t\t\torange-button text-uppercase' style=\"color: #ffffff; background-color: #000000; box-shadow: 0 0 0 3px #991b1b inset;\">\n\t\t\t\tSobre Jorge Murtinho\t<\/a>\n<\/div>\n<!-- AddThis Advanced Settings generic via filter on the_content --><!-- AddThis Share Buttons generic via filter on the_content -->","protected":false},"excerpt":{"rendered":"<p>A ideia era outra. Depois do primeiro post com a foto de Zagallo, publicado ap\u00f3s a vit\u00f3ria sobre o Sport, pensei em utilizar o vitorioso treinador mais algumas vezes, numa sequ\u00eancia progressiva que acompanhasse a trajet\u00f3ria de nosso time at\u00e9 as primeiras coloca\u00e7\u00f5es. N\u00e3o imaginava que seria t\u00e3o r\u00e1pido. Eu tinha pensado em usar, na &#8230; <a class=\"read-more-link\" href=\"http:\/\/republicapazeamor.com.br\/site\/voces-vao-ter-que-me-engolir\/\">Read More <i class=\"ico-946\"><\/i><\/a><\/p>\n","protected":false},"author":2,"featured_media":1461,"comment_status":"open","ping_status":"open","sticky":false,"template":"","format":"standard","meta":[],"categories":[37],"tags":[],"_links":{"self":[{"href":"http:\/\/republicapazeamor.com.br\/site\/wp-json\/wp\/v2\/posts\/1460"}],"collection":[{"href":"http:\/\/republicapazeamor.com.br\/site\/wp-json\/wp\/v2\/posts"}],"about":[{"href":"http:\/\/republicapazeamor.com.br\/site\/wp-json\/wp\/v2\/types\/post"}],"author":[{"embeddable":true,"href":"http:\/\/republicapazeamor.com.br\/site\/wp-json\/wp\/v2\/users\/2"}],"replies":[{"embeddable":true,"href":"http:\/\/republicapazeamor.com.br\/site\/wp-json\/wp\/v2\/comments?post=1460"}],"version-history":[{"count":3,"href":"http:\/\/republicapazeamor.com.br\/site\/wp-json\/wp\/v2\/posts\/1460\/revisions"}],"predecessor-version":[{"id":1464,"href":"http:\/\/republicapazeamor.com.br\/site\/wp-json\/wp\/v2\/posts\/1460\/revisions\/1464"}],"wp:featuredmedia":[{"embeddable":true,"href":"http:\/\/republicapazeamor.com.br\/site\/wp-json\/wp\/v2\/media\/1461"}],"wp:attachment":[{"href":"http:\/\/republicapazeamor.com.br\/site\/wp-json\/wp\/v2\/media?parent=1460"}],"wp:term":[{"taxonomy":"category","embeddable":true,"href":"http:\/\/republicapazeamor.com.br\/site\/wp-json\/wp\/v2\/categories?post=1460"},{"taxonomy":"post_tag","embeddable":true,"href":"http:\/\/republicapazeamor.com.br\/site\/wp-json\/wp\/v2\/tags?post=1460"}],"curies":[{"name":"wp","href":"https:\/\/api.w.org\/{rel}","templated":true}]}}