{"id":1243,"date":"2015-06-29T14:57:19","date_gmt":"2015-06-29T14:57:19","guid":{"rendered":"http:\/\/republicapazeamor.com.br\/site\/?p=1243"},"modified":"2015-06-29T14:57:19","modified_gmt":"2015-06-29T14:57:19","slug":"aonde-nos-levara-esta-esculhambacao","status":"publish","type":"post","link":"http:\/\/republicapazeamor.com.br\/site\/aonde-nos-levara-esta-esculhambacao\/","title":{"rendered":"Aonde nos levar\u00e1 esta esculhamba\u00e7\u00e3o?"},"content":{"rendered":"<p style=\"text-align: justify;margin-bottom:24px\"> Menino levado da breca, Chacrinha sabia das coisas e se recusava a entrar no palco se tudo n\u00e3o estivesse organizado de forma minuciosa. Abelardo Barbosa dizia que a alma dos seus programas era a esculhamba\u00e7\u00e3o, s\u00f3 que ningu\u00e9m consegue esculhambar o que j\u00e1 est\u00e1 esculhambado. Assim, antes de come\u00e7ar a barafunda absoluta, era imprescind\u00edvel que a produ\u00e7\u00e3o tivesse cada detalhe sob controle. S\u00f3 ent\u00e3o, Chacrinha entrava e quebrava tudo.<\/p>\n<p style=\"text-align: justify;margin-bottom:24px\"> O futebol \u00e9 generoso em abrir espa\u00e7o para surpresas e improvisos. Mas para que eles apare\u00e7am \u00e9 necess\u00e1rio partir de uma forma\u00e7\u00e3o organizada, algo que o Flamengo est\u00e1 longe de ter. <\/p>\n<p style=\"text-align: justify;margin-bottom:24px\"> No filme <em>Tropa de Elite<\/em>, de Jos\u00e9 Padilha, em certo momento do estranho treinamento a que s\u00e3o submetidos os candidatos a uma vaga no Bope, o Coronel Nascimento avisa ao Zero Dois que ele tem um minuto para colocar aquela far\u00e2ndola em forma na \u00e1rea do cerimonial. Far\u00e2ndola: eis a\u00ed uma palavra que se aproxima do que \u00e9 o time do Flamengo hoje \u2013 embora apenas se aproxime, pois nosso time est\u00e1 bem pior do que isso.<\/p>\n<p style=\"text-align: justify;margin-bottom:24px\"> Nosso jovem goleiro, que n\u00e3o tem culpa de nada, n\u00e3o sabe bater um tiro de meta. Ent\u00e3o, sou obrigado a retificar: n\u00e3o importa que idade tenha e quantas espinhas estourem em seu rosto, mas se um goleiro da primeira divis\u00e3o do futebol brasileiro n\u00e3o sabe bater tiro de meta, a culpa \u00e9 dele sim senhor. Zico n\u00e3o ficava horas cobrando faltas depois que o treino acabava e todos j\u00e1 tinham ido embora? Pois \u00e9 obriga\u00e7\u00e3o dos nossos goleiros \u2013 isso, no plural, porque tamb\u00e9m vale para Paulo Victor \u2013 ficar depois do treino aprendendo a trabalhar com os p\u00e9s pelo menos o suficiente para repor a bola em jogo. <\/p>\n<p style=\"text-align: justify;margin-bottom:24px\"> Luiz Antonio, que ganhou espa\u00e7o junto \u00e0 torcida rubro-negra por sua capacidade de apoiar, no jogo de ontem passou do meio-campo somente uma vez, para receber \u00f3timo lan\u00e7amento de Emerson e participar de uma das duas \u00fanicas jogadas de perigo do Flamengo. (\u00c9, gente, foram duas, no jogo inteiro.) <\/p>\n<p style=\"text-align: justify;margin-bottom:24px\"> Wallace \u00e9 o nosso armador, o que me poupa de qualquer coment\u00e1rio. Anderson Pico e Canteros insistem em fazer o que n\u00e3o sabem em todas as bolas que lhes passam pelos p\u00e9s. Cirino e Paulinho, que davam a impress\u00e3o de saber, t\u00eam se esfor\u00e7ado em nos provar que desaprenderam, al\u00e9m de mostrar um desinteresse inaceit\u00e1vel. Mesmo com sete dias livres para treinar, Everton sistematicamente se cansa e pede para sair no segundo tempo. <\/p>\n<p style=\"text-align: justify;margin-bottom:24px\"> Embora o time tenha adquirido um m\u00ednimo de toque de bola ofensivo com a entrada de Alan Patrick, ele me parece um leg\u00edtimo exemplar do que, nos tempos do meu pai, o pessoal chamava de \u201ctico-tico no fub\u00e1\u201d: o cara que toca bonito, d\u00e1 dois ou tr\u00eas dribles estilosos, mas pouco resolve. De todo modo, reconhe\u00e7o que \u00e9 cedo para avaliar e, mesmo, com o padr\u00e3o dos meio-campistas (perd\u00e3o, S\u00e3o Carlinhos, mil vezes perd\u00e3o!) que comp\u00f5em o nosso elenco, Alan Patrick tem de jogar.<\/p>\n<p style=\"text-align: justify;margin-bottom:24px\"> Na partida com o Vasco, do mesmo modo que acontecera semana passada contra o Atl\u00e9tico Mineiro, salvou-se Emerson Sheik, pelo esp\u00edrito de luta e raros momentos de lucidez.<\/p>\n<p style=\"text-align: justify;margin-bottom:24px\"> J\u00e1 escrevi aqui, algumas vezes, que o Flamengo necessita somar pontos, seja do jeito que for e jogando da forma que der, at\u00e9 que a gente possa contar com o time da segunda e decisiva fase do campeonato. Armero \u00e9 o titular. E se Armero n\u00e3o acertar, Jorge voltou da sele\u00e7\u00e3o subvinte com moral para entrar ali. Acho C\u00e1ceres limitado para vestir nossa camisa cinco (perdoe mais uma vez, S\u00e3o Carlinhos), mas \u00e9 poss\u00edvel que ele aumente a seguran\u00e7a da zaga. Guerrero \u00e9 um centroavante perigoso e est\u00e1 acostumado a jogar com Sheik. Isso n\u00e3o vai bastar e h\u00e1 enorme car\u00eancia de qualidade no meio. O problema \u00e9 que, quanto mais se fala em Montillo, Ganso e Diego, maior \u00e9 o sofrimento ao ver M\u00e1rcio Ara\u00fajo pegar a bola e partir com ela horizontalmente, dando a impress\u00e3o de que est\u00e1 num daqueles antigos treinamentos em que os t\u00e9cnicos dispunham duas traves m\u00f3veis em cada lado do campo, para diminuir-lhe o comprimento. <\/p>\n<p style=\"text-align: justify;margin-bottom:24px\"> Fora as limita\u00e7\u00f5es individuais \u2013 que, insisto, em hip\u00f3tese alguma s\u00e3o maiores do que as da Chapecoense e do Ava\u00ed, que est\u00e3o seis e cinco pontos \u00e0 nossa frente \u2013, o Flamengo precisa de organiza\u00e7\u00e3o, e quem organiza times de futebol s\u00e3o seus treinadores. <\/p>\n<p style=\"text-align: justify;margin-bottom:24px\"> Em resposta a alguns coment\u00e1rios que apareceram nos \u00faltimos posts, me declarei contr\u00e1rio a improvisa\u00e7\u00f5es. Elas n\u00e3o representam um erro em si e podem surpreender os advers\u00e1rios, mas n\u00e3o no caso de um bando como o do Flamengo. Antes de puxar Luiz Antonio para a lateral-direita e recuar Everton para a lateral-esquerda, \u00e9 fundamental montar a baga\u00e7a. Algu\u00e9m se lembra do nosso time titular na reta final do Brasileir\u00e3o 2009? Sofremos desfalques por cart\u00f5es, les\u00f5es e ferimentos causados por inocentes l\u00e2mpadas de jardim, mas havia uma base. Bruno, L\u00e9o Moura, \u00c1lvaro, Angelim e Juan; Airton, Maldonado, Willians e Petkovic; Z\u00e9 Roberto e Adriano. Sim, \u00e9 verdade: t\u00ednhamos tr\u00eas volantes e se um deles n\u00e3o pudesse jogar, Andrade n\u00e3o mexia no esquema e punha Tor\u00f3 em campo, preservando a organiza\u00e7\u00e3o.<\/p>\n<p style=\"text-align: justify;margin-bottom:24px\"> Nosso atual time \u00e9 ruim? Bem, como a coloca\u00e7\u00e3o do Flamengo no campeonato torna essa pergunta desnecess\u00e1ria, passemos \u00e0 pr\u00f3xima e talvez mais importante: qual \u00e9 o nosso time? <\/p>\n<p style=\"text-align: justify;margin-bottom:24px\"> Al\u00e9m de n\u00e3o definir os titulares e de n\u00e3o dar a eles um jeito de jogar, creio que Crist\u00f3v\u00e3o vem fazendo escolhas equivocadas. S\u00f3 \u00e9 poss\u00edvel escalar tr\u00eas volantes se tivermos laterais bons no apoio e, sobretudo, algu\u00e9m com qualidade para acionar os atacantes \u2013 o bom e velho Pet do time de 2009. O estilo de Alan Patrick me parece mais adequado para come\u00e7ar jogando do que para ser lan\u00e7ado depois do intervalo, e com o time perdendo. Ele cadencia e melhora o toque de bola, s\u00f3 que n\u00e3o \u00e9 r\u00e1pido e incisivo o suficiente para inspirar viradas. Se n\u00e3o est\u00e1 100% fisicamente, que jogue os primeiros 45 minutos. Al\u00e9m da inadmiss\u00edvel falta de interesse, Cirino tamb\u00e9m n\u00e3o \u00e9 jogador para resultados adversos. \u00c9 velocista, precisa de espa\u00e7o, e ningu\u00e9m dar\u00e1 espa\u00e7o ao Flamengo estando \u00e0 frente do placar.  <\/p>\n<p style=\"text-align: justify;margin-bottom:24px\"> O campeonato \u00e9 longo e dif\u00edcil, surpresas desagrad\u00e1veis \u2013 como a grave contus\u00e3o de Paulo Victor, por exemplo \u2013 acontecem com todos os competidores, mas o passo inicial para sairmos da lama deve ser dado imediatamente. Precisamos deixar de ser a far\u00e2ndola do Capit\u00e3o Nascimento. Precisamos, nesse momento cr\u00edtico, esquecer o camisa dez, esse nosso misterioso Godot que nunca chega. Precisamos parar de discutir se \u00e9 melhor jogar com Paulinho ou Gabriel \u2013 tanto faz. Precisamos, pra ontem, seguir o que sustentava o Velho Guerreiro e entrar em campo com pap\u00e9is definidos e as coisas organizadas. <\/p>\n<p style=\"text-align: justify;margin-bottom:24px\"> Resumindo e encerrando: est\u00e1 mais do que na hora de Crist\u00f3v\u00e3o mostrar a que veio. Do contr\u00e1rio, logo logo a multid\u00e3o enfurecida ir\u00e1 exigir que ele seja devidamente buzinado.<\/p>\n<div class='button-row'>\n\t<a href='http:\/\/republicapazeamor.com.br\/site\/jorge-murtinho\/' class='button small-button \n\t\t\t \n\t\t\trounded-corners \n\t\t\torange-button text-uppercase' style=\"color: #ffffff; background-color: #000000; box-shadow: 0 0 0 3px #991b1b inset;\">\n\t\t\t\tSobre Jorge Murtinho\t<\/a>\n<\/div>\n<!-- AddThis Advanced Settings generic via filter on the_content --><!-- AddThis Share Buttons generic via filter on the_content -->","protected":false},"excerpt":{"rendered":"<p>Menino levado da breca, Chacrinha sabia das coisas e se recusava a entrar no palco se tudo n\u00e3o estivesse organizado de forma minuciosa. Abelardo Barbosa dizia que a alma dos seus programas era a esculhamba\u00e7\u00e3o, s\u00f3 que ningu\u00e9m consegue esculhambar o que j\u00e1 est\u00e1 esculhambado. Assim, antes de come\u00e7ar a barafunda absoluta, era imprescind\u00edvel que &#8230; <a class=\"read-more-link\" href=\"http:\/\/republicapazeamor.com.br\/site\/aonde-nos-levara-esta-esculhambacao\/\">Read More <i class=\"ico-946\"><\/i><\/a><\/p>\n","protected":false},"author":2,"featured_media":1244,"comment_status":"open","ping_status":"open","sticky":false,"template":"","format":"standard","meta":[],"categories":[37],"tags":[],"_links":{"self":[{"href":"http:\/\/republicapazeamor.com.br\/site\/wp-json\/wp\/v2\/posts\/1243"}],"collection":[{"href":"http:\/\/republicapazeamor.com.br\/site\/wp-json\/wp\/v2\/posts"}],"about":[{"href":"http:\/\/republicapazeamor.com.br\/site\/wp-json\/wp\/v2\/types\/post"}],"author":[{"embeddable":true,"href":"http:\/\/republicapazeamor.com.br\/site\/wp-json\/wp\/v2\/users\/2"}],"replies":[{"embeddable":true,"href":"http:\/\/republicapazeamor.com.br\/site\/wp-json\/wp\/v2\/comments?post=1243"}],"version-history":[{"count":1,"href":"http:\/\/republicapazeamor.com.br\/site\/wp-json\/wp\/v2\/posts\/1243\/revisions"}],"predecessor-version":[{"id":1245,"href":"http:\/\/republicapazeamor.com.br\/site\/wp-json\/wp\/v2\/posts\/1243\/revisions\/1245"}],"wp:featuredmedia":[{"embeddable":true,"href":"http:\/\/republicapazeamor.com.br\/site\/wp-json\/wp\/v2\/media\/1244"}],"wp:attachment":[{"href":"http:\/\/republicapazeamor.com.br\/site\/wp-json\/wp\/v2\/media?parent=1243"}],"wp:term":[{"taxonomy":"category","embeddable":true,"href":"http:\/\/republicapazeamor.com.br\/site\/wp-json\/wp\/v2\/categories?post=1243"},{"taxonomy":"post_tag","embeddable":true,"href":"http:\/\/republicapazeamor.com.br\/site\/wp-json\/wp\/v2\/tags?post=1243"}],"curies":[{"name":"wp","href":"https:\/\/api.w.org\/{rel}","templated":true}]}}