{"id":11688,"date":"2026-04-03T04:07:12","date_gmt":"2026-04-03T04:07:12","guid":{"rendered":"http:\/\/republicapazeamor.com.br\/site\/?p=11688"},"modified":"2026-04-03T14:35:40","modified_gmt":"2026-04-03T14:35:40","slug":"sera-a-verdadeira-razao-da-demissao-de-filipe-luis","status":"publish","type":"post","link":"http:\/\/republicapazeamor.com.br\/site\/sera-a-verdadeira-razao-da-demissao-de-filipe-luis\/","title":{"rendered":"Ser\u00e1? A verdadeira raz\u00e3o da demiss\u00e3o de Filipe Lu\u00eds"},"content":{"rendered":"\n<p><\/p>\n\n\n\n<div class=\"wp-block-columns\">\n<div class=\"wp-block-column\" style=\"flex-basis:100%\">\n<p>Demorou um pouco, mas est\u00e1 para ser revelado, de uma vez por todas, o conte\u00fado completo da conversa que selou a passagem de Filipe Lu\u00eds no comando rubro-negro. O \u00e1udio obscuro, obtido atrav\u00e9s de um pendrive dos Simpsons no balc\u00e3o do botequim Braseiro da G\u00e1vea, chegou dentro de um envelope com os misteriosos dizeres:<\/p>\n<\/div>\n<\/div>\n\n\n\n<div class=\"wp-block-columns\">\n<div class=\"wp-block-column\" style=\"flex-basis:100%\">\n<p>\u201c<em>Para: Torcida do Flamengo \/ Paz &amp; Amor<\/em><\/p>\n<\/div>\n<\/div>\n\n\n\n<div class=\"wp-block-columns\">\n<div class=\"wp-block-column\" style=\"flex-basis:100%\">\n<p><em>De: Hacker de Niter\u00f3i<\/em><\/p>\n<\/div>\n<\/div>\n\n\n\n<div class=\"wp-block-columns\">\n<div class=\"wp-block-column\" style=\"flex-basis:100%\">\n<p><em>Abra\u00e7os do Anonymous Led1o C@rmon@\u201c<\/em><\/p>\n<\/div>\n<\/div>\n\n\n\n<div class=\"wp-block-columns\">\n<div class=\"wp-block-column\" style=\"flex-basis:100%\">\n<p>A veracidade e a checagem das vozes ser\u00e3o realizadas nesta sexta-feira, ou no Instituto Carlos \u00c9boli ou nos est\u00fadios Herbert Richers \u2013 o que abrir mais cedo.<\/p>\n<\/div>\n<\/div>\n\n\n\n<div class=\"wp-block-columns\">\n<div class=\"wp-block-column\" style=\"flex-basis:100%\">\n<p>Enquanto n\u00e3o verificamos, nossos editores optaram pela publica\u00e7\u00e3o do conte\u00fado para cornetagem geral da torcida. E a\u00ed, parece real? Voc\u00eas comentam.<\/p>\n<\/div>\n<\/div>\n\n\n\n<hr class=\"wp-block-separator\"\/>\n\n\n\n<div class=\"wp-block-columns\">\n<div class=\"wp-block-column\" style=\"flex-basis:100%\">\n<p>(Ru\u00eddos de porta)<\/p>\n<\/div>\n<\/div>\n\n\n\n<div class=\"wp-block-columns\">\n<div class=\"wp-block-column\" style=\"flex-basis:100%\">\n<p>\u2013&nbsp;Fala, seu Boto! Curtiu o vareio, Bot\u00e3o? \u00c9 o modesto Madureira, OK. Mas creio que agora\u2026<\/p>\n<\/div>\n<\/div>\n\n\n\n<div class=\"wp-block-columns\">\n<div class=\"wp-block-column\" style=\"flex-basis:100%\">\n<p>\u2013 Entre, Filipe.<\/p>\n<\/div>\n<\/div>\n\n\n\n<div class=\"wp-block-columns\">\n<div class=\"wp-block-column\" style=\"flex-basis:100%\">\n<p>\u2013 Recebi o recado que queria me ver. Alguma vaca fria?<\/p>\n<\/div>\n<\/div>\n\n\n\n<div class=\"wp-block-columns\">\n<div class=\"wp-block-column\" style=\"flex-basis:100%\">\n<p>\u2013 Sim. Lamento, mas recebi ordens de cima. N\u00e3o sei como dizer isso, ent\u00e3o \u00e9 melhor da forma curta e direta, como se arranca um curativo. Ou, como dizemos l\u00e1 em Portugal, um adesivo. Engra\u00e7ado, n\u00e9? E carona, que l\u00e1 \u00e9 &#8220;boleia&#8221;? E voc\u00ea sabe o que \u00e9 durex nas farm\u00e1cias em Lisboa?<\/p>\n<\/div>\n<\/div>\n\n\n\n<div class=\"wp-block-columns\">\n<div class=\"wp-block-column\" style=\"flex-basis:100%\">\n<p>\u2013 Vamos, homem. Pode falar.<\/p>\n<\/div>\n<\/div>\n\n\n\n<div class=\"wp-block-columns\">\n<div class=\"wp-block-column\" style=\"flex-basis:100%\">\n<p>\u2013&nbsp;Filipe, em nome da diretoria, eu\u2026 Bem, saiba que fui voto vencido, mas as coisas s\u00e3o como elas s\u00e3o. N\u00e3o \u00e9 poss\u00edvel continuar assim. \u00c9 preciso que a partir do pr\u00f3ximo jogo, bem&#8230; Queremos que voc\u00ea corte o seu cabelo.<\/p>\n<\/div>\n<\/div>\n\n\n\n<div class=\"wp-block-columns\">\n<div class=\"wp-block-column\" style=\"flex-basis:100%\">\n<p>\u2013&nbsp;Cuma?<\/p>\n<\/div>\n<\/div>\n\n\n\n<div class=\"wp-block-columns\">\n<div class=\"wp-block-column\" style=\"flex-basis:100%\">\n<p>\u2013 O cabelo, Filipe. N\u00e3o v\u00ea? N\u00e3o \u00e9 mais poss\u00edvel seguir assim, oras. Repare, voc\u00ea tem todas as credenciais, a estima dos jogadores, conhecimento de futebol e t\u00edtulos empilhados. Transmite seriedade e rubro-negrismo a todos os torcedores. O que pode estar dando errado? Detectamos que \u00e9 o cabel\u00e3o. Com um pouco de atraso, seu estilo roqueir\u00e3o tem feito o elenco levar os treinos pouco a s\u00e9rio.<\/p>\n<\/div>\n<\/div>\n\n\n\n<div class=\"wp-block-columns\">\n<div class=\"wp-block-column\" style=\"flex-basis:100%\">\n<p>\u2013 E voc\u00eas acham que se eu passar a m\u00e1quina\u2026<\/p>\n<\/div>\n<\/div>\n\n\n\n<div class=\"wp-block-columns\">\n<div class=\"wp-block-column\" style=\"flex-basis:100%\">\n<p>\u2013 N\u00e3o, n\u00e3o. Recar seria demais. Um corte \u00e0 Klopp bastaria. N\u00e3o nos entenda mal, Filipe, sabemos que o time com voc\u00ea joga com alegria. Mas voc\u00ea h\u00e1 de concordar que a temporada est\u00e1 alegre demais. Farras. Atrasos. Pernas presas. Flamengo \u00e9 futebol solto e sorridente, mas assim est\u00e1 demais. Quem sabe, com um novo cabelo, com um estilo s\u00f3brio, voc\u00ea n\u00e3o d\u00e1 um susto nessa mo\u00e7ada? Coque \u00e9 t\u00e3o fora de moda\u2026 Os vencedores do mundo contempor\u00e2neo s\u00e3o carecas, sisudos\u2026<\/p>\n<\/div>\n<\/div>\n\n\n\n<div class=\"wp-block-columns\">\n<div class=\"wp-block-column\" style=\"flex-basis:100%\">\n<p>\u2013 Ser\u00e1? Rapaz, como torcedor e atleta do Flamengo, j\u00e1 vi t\u00e9cnicos serem criticados por 1001 raz\u00f5es. Ser defensivista. S\u00f3 pensar no ataque. Perder o vesti\u00e1rio. Ser amigo demais dos jogadores. Falar empolado. Falar pouco. Ter pouca experi\u00eancia. Ser antigo. Ser brasileiro e estar aqu\u00e9m do clube. Ser estrangeiro e n\u00e3o entender o clube. Ap\u00f3s perder final. Ap\u00f3s ganhar final. Mas olha\u2026 Cabelo comprido?<\/p>\n<\/div>\n<\/div>\n\n\n\n<div class=\"wp-block-columns\">\n<div class=\"wp-block-column\" style=\"flex-basis:100%\">\n<p>\u2013&nbsp;Filipe, Filipe. O Flamengo, voc\u00ea bem sabe, \u00e9 aquele supercomputador da Nasa, que uma vez embalado, funciona que \u00e9 uma beleza. De meses em meses, por\u00e9m, come\u00e7a a dar bug com a torcida. N\u00e3o se sabe como nem por qu\u00ea. Mas algo deve sempre mudar para que tudo permane\u00e7a igual, sabes?<\/p>\n<\/div>\n<\/div>\n\n\n\n<div class=\"wp-block-columns\">\n<div class=\"wp-block-column\" style=\"flex-basis:100%\">\n<p>\u2013&nbsp;E um corte de cabelo pode resolver?<\/p>\n<\/div>\n<\/div>\n\n\n\n<div class=\"wp-block-columns\">\n<div class=\"wp-block-column\" style=\"flex-basis:100%\">\n<p>\u2013&nbsp;\u00c9 uma tentativa, p\u00e1. Poder\u00edamos, claro, ter marcado uma s\u00e9rie de entrevistas coletivas, comunicarmos melhor com as organizadas, explicarmos os pormenores das derrotas, deixar claro para a torcida que tudo est\u00e1 sendo analisado com compet\u00eancia e profissionalismo. Esfriar a m\u00e1quina, e seguir em paz. Mas \u00e9 bem mais f\u00e1cil tirar tudo da tomada, e come\u00e7ar de novo.<\/p>\n<\/div>\n<\/div>\n\n\n\n<div class=\"wp-block-columns\">\n<div class=\"wp-block-column\" style=\"flex-basis:100%\">\n<p>\u2013&nbsp;Bem, acho que entendi. E eu posso pensar?<\/p>\n<\/div>\n<\/div>\n\n\n\n<div class=\"wp-block-columns\">\n<div class=\"wp-block-column\" style=\"flex-basis:100%\">\n<p>\u2013&nbsp;Claro. Meu uber est\u00e1 chegando. Voc\u00ea tem 20 segundos.<\/p>\n\n\n\n<p><\/p>\n\n\n\n<p><\/p>\n\n\n\n<div class='button-row'>\n\t<a href='http:\/\/republicapazeamor.com.br\/site\/marcelo\/' class='button small-button \n\t\t\t \n\t\t\trounded-corners \n\t\t\torange-button text-uppercase' style=\"color: #ffffff; background-color: #000000; box-shadow: 0 0 0 3px #991b1b inset;\">\n\t\t\t\tSobre Marcelo Dunlop\t<\/a>\n<\/div>\n<\/div>\n<\/div>\n<!-- AddThis Advanced Settings generic via filter on the_content --><!-- AddThis Share Buttons generic via filter on the_content -->","protected":false},"excerpt":{"rendered":"<p>Demorou um pouco, mas est\u00e1 para ser revelado, de uma vez por todas, o conte\u00fado completo da conversa que selou a passagem de Filipe Lu\u00eds no comando rubro-negro. O \u00e1udio obscuro, obtido atrav\u00e9s de um pendrive dos Simpsons no balc\u00e3o do botequim Braseiro da G\u00e1vea, chegou dentro de um envelope com os misteriosos dizeres: \u201cPara: &#8230; <a class=\"read-more-link\" href=\"http:\/\/republicapazeamor.com.br\/site\/sera-a-verdadeira-razao-da-demissao-de-filipe-luis\/\">Read More <i class=\"ico-946\"><\/i><\/a><\/p>\n","protected":false},"author":8,"featured_media":11690,"comment_status":"open","ping_status":"open","sticky":false,"template":"","format":"standard","meta":[],"categories":[38,107],"tags":[],"_links":{"self":[{"href":"http:\/\/republicapazeamor.com.br\/site\/wp-json\/wp\/v2\/posts\/11688"}],"collection":[{"href":"http:\/\/republicapazeamor.com.br\/site\/wp-json\/wp\/v2\/posts"}],"about":[{"href":"http:\/\/republicapazeamor.com.br\/site\/wp-json\/wp\/v2\/types\/post"}],"author":[{"embeddable":true,"href":"http:\/\/republicapazeamor.com.br\/site\/wp-json\/wp\/v2\/users\/8"}],"replies":[{"embeddable":true,"href":"http:\/\/republicapazeamor.com.br\/site\/wp-json\/wp\/v2\/comments?post=11688"}],"version-history":[{"count":5,"href":"http:\/\/republicapazeamor.com.br\/site\/wp-json\/wp\/v2\/posts\/11688\/revisions"}],"predecessor-version":[{"id":11696,"href":"http:\/\/republicapazeamor.com.br\/site\/wp-json\/wp\/v2\/posts\/11688\/revisions\/11696"}],"wp:featuredmedia":[{"embeddable":true,"href":"http:\/\/republicapazeamor.com.br\/site\/wp-json\/wp\/v2\/media\/11690"}],"wp:attachment":[{"href":"http:\/\/republicapazeamor.com.br\/site\/wp-json\/wp\/v2\/media?parent=11688"}],"wp:term":[{"taxonomy":"category","embeddable":true,"href":"http:\/\/republicapazeamor.com.br\/site\/wp-json\/wp\/v2\/categories?post=11688"},{"taxonomy":"post_tag","embeddable":true,"href":"http:\/\/republicapazeamor.com.br\/site\/wp-json\/wp\/v2\/tags?post=11688"}],"curies":[{"name":"wp","href":"https:\/\/api.w.org\/{rel}","templated":true}]}}