{"id":11674,"date":"2025-06-03T17:58:39","date_gmt":"2025-06-03T17:58:39","guid":{"rendered":"http:\/\/republicapazeamor.com.br\/site\/?p=11674"},"modified":"2025-06-03T17:58:41","modified_gmt":"2025-06-03T17:58:41","slug":"o-presidente-e-o-pinguco","status":"publish","type":"post","link":"http:\/\/republicapazeamor.com.br\/site\/o-presidente-e-o-pinguco\/","title":{"rendered":"O presidente e o pingu\u00e7o"},"content":{"rendered":"\n<div class=\"wp-block-columns\">\n<div class=\"wp-block-column\" style=\"flex-basis:100%\">\n<p>Aconteceu que o presidente do Flamengo estava passeando perto do parque.<\/p>\n<\/div>\n<\/div>\n\n\n\n<div class=\"wp-block-columns\">\n<div class=\"wp-block-column\" style=\"flex-basis:100%\">\n<p>Estava feliz \u2013&nbsp;o time vinha embalado, a ta\u00e7a cada dia mais pr\u00f3xima \u2013&nbsp;e ele caminhava com familiares, diretores e outros confrades flamengos, numa rua sem carros, com bares e restaurantes pitorescos.<\/p>\n<\/div>\n<\/div>\n\n\n\n<div class=\"wp-block-columns\">\n<div class=\"wp-block-column\" style=\"flex-basis:100%\">\n<p>Foi quando, ora, aconteceu tamb\u00e9m um pingu\u00e7o.<\/p>\n<\/div>\n<\/div>\n\n\n\n<div class=\"wp-block-columns\">\n<div class=\"wp-block-column\" style=\"flex-basis:100%\">\n<p>N\u00e3o, eu n\u00e3o estava l\u00e1. Era o ano de 2019 e a caminhada se passou num alegre e festivo pa\u00eds da Am\u00e9rica do Sul.<\/p>\n<\/div>\n<\/div>\n\n\n\n<div class=\"wp-block-columns\">\n<div class=\"wp-block-column\" style=\"flex-basis:100%\">\n<p>Quem presenciou tudo, e contou para a gente, foi um c\u00e9lebre torcedor flamengo, membro de uma das organiza\u00e7\u00f5es fraternais mais antigas da G\u00e1vea \u2013&nbsp;mais antenada que a Boca Maldita, mais poderosa que as ma\u00e7onarias, mais despojada e despida que a turma da barraca do Agnaldo. Refiro-me \u00e0 institui\u00e7\u00e3o filos\u00f3fica, filantr\u00f3pica e corneteira conhecida como Fla-Sauna.<\/p>\n<\/div>\n<\/div>\n\n\n\n<div class=\"wp-block-columns\">\n<div class=\"wp-block-column\" style=\"flex-basis:100%\">\n<p>A Fla-Sauna \u00e9 porreta, formada por ex-presidentes, grandes benem\u00e9ritos, jornalistas, ex-artilheiros, mergulhadores, malas e empenados em geral, em busca de um vapor mentolado na carca\u00e7a. O antigo s\u00f3cio, sentado nos bancos mal pregados da sauna rubro-negra, desfiava sua hist\u00f3ria de maneira maviosa, af\u00e1vel e magn\u00e9tica, com a prosa de um tribuno cl\u00e1ssico \u2013 com a arg\u00facia t\u00edpica de quem foi, por anos, advogado ligado \u00e0 TV Globo de Roberto Marinho.<\/p>\n<\/div>\n<\/div>\n\n\n\n<div class=\"wp-block-columns\">\n<div class=\"wp-block-column\" style=\"flex-basis:100%\">\n<p>Eram bastidores deliciosos, narrados de maneira serena, sem afeta\u00e7\u00e3o, para uma pequena e jovem plateia. Quieto no banco superior, l\u00e1 estava o cronista, com suas orelhas largas e berrantes, tal e qual seu short. A audi\u00eancia sorvia cada palavra, como alunos atentos \u00e0 aula, uma aula de Hist\u00f3ria. N\u00e3o, uma aula de Flamengo.<\/p>\n<\/div>\n<\/div>\n\n\n\n<div class=\"wp-block-columns\">\n<div class=\"wp-block-column\" style=\"flex-basis:100%\">\n<p>Ali, naquele banco de sauna, j\u00e1 ecoaram os bastidores mais cabeludos sobre o Flamengo. Ouviu-se o Nunes cornetar o faro de gol de Gabigol. E at\u00e9 uma raposa semi-felpuda dizer que o lateral Ayrton Lucas, o Beijoca, com dificuldades de fazer amigos no atual elenco, seria negociado. Na Fla-Sauna, como se v\u00ea, ouve-se de tudo. Mas agora a aula era s\u00e9ria, instrutiva. De frente para o janel\u00e3o virado para a lagoa Rodrigo de Freitas, com a est\u00e1tua do treinador Buck por testemunha, o professor ent\u00e3o recordou:<\/p>\n<\/div>\n<\/div>\n\n\n\n<div class=\"wp-block-columns\">\n<div class=\"wp-block-column\" style=\"flex-basis:100%\">\n<p><br>\u201cA gente caminhava pela cal\u00e7ada, v\u00e9spera de um jogo decisivo do Flamengo. Foi quando saiu do bar um irm\u00e3o flamengo, na certa ap\u00f3s tomar algumas canecas de cerveja. Ele nos abordou com um sorriso e se dirigiu ao presidente:<\/p>\n<\/div>\n<\/div>\n\n\n\n<div class=\"wp-block-columns\">\n<div class=\"wp-block-column\" style=\"flex-basis:100%\">\n<p>\u2013 Humildemente, presida, satisfa\u00e7\u00e3o. Se voc\u00ea me permite, queria abrir meu cora\u00e7\u00e3o pro senhor. Seu presidente, eu viajei de \u00f4nibus para c\u00e1. N\u00e3o tenho um centavo no banco, n\u00e3o tenho bens materiais. Sei que o senhor tem posses, tem empresas, tem funcion\u00e1rios. Mas, seu presidente, vou ser sincero: se o Flamengo for campe\u00e3o amanh\u00e3, voc\u00ea e eu seremos iguaizinhos. Pois me sentirei um milion\u00e1rio feito voc\u00ea!\u201d<\/p>\n<\/div>\n<\/div>\n\n\n\n<div class=\"wp-block-columns\">\n<div class=\"wp-block-column\" style=\"flex-basis:100%\">\n<p>Despediram-se e seguiram. Nosso mestre sauneiro, com a verve habitual, espiou o rosto do cartola, p\u00f4s a m\u00e3o em seu ombro e concluiu, am\u00e1vel:<\/p>\n<\/div>\n<\/div>\n\n\n\n<div class=\"wp-block-columns\">\n<div class=\"wp-block-column\" style=\"flex-basis:100%\">\n<p>\u201c\u00c9 isso, meus amigos. Sentar na cadeira de presidente do Flamengo n\u00e3o \u00e9 gerir planilhas nem administrar um conjunto de quadras esportivas, barcos e bolas. Ser presidente do Flamengo \u00e9 acordar todo dia pensando na felicidade das pessoas. \u00c9 cuidar da sa\u00fade, da vida e do bem-estar de todos n\u00f3s, de toda a Na\u00e7\u00e3o.\u201d<\/p>\n<\/div>\n<\/div>\n\n\n\n<div class=\"wp-block-columns\">\n<div class=\"wp-block-column\" style=\"flex-basis:100%\">\n<p>E saiu todo mundo, levitando rumo ao chuveir\u00e3o.<\/p>\n<\/div>\n<\/div>\n<!-- AddThis Advanced Settings generic via filter on the_content --><!-- AddThis Share Buttons generic via filter on the_content -->","protected":false},"excerpt":{"rendered":"<p>Aconteceu que o presidente do Flamengo estava passeando perto do parque. Estava feliz \u2013&nbsp;o time vinha embalado, a ta\u00e7a cada dia mais pr\u00f3xima \u2013&nbsp;e ele caminhava com familiares, diretores e outros confrades flamengos, numa rua sem carros, com bares e restaurantes pitorescos. Foi quando, ora, aconteceu tamb\u00e9m um pingu\u00e7o. N\u00e3o, eu n\u00e3o estava l\u00e1. Era &#8230; <a class=\"read-more-link\" href=\"http:\/\/republicapazeamor.com.br\/site\/o-presidente-e-o-pinguco\/\">Read More <i class=\"ico-946\"><\/i><\/a><\/p>\n","protected":false},"author":8,"featured_media":11675,"comment_status":"open","ping_status":"open","sticky":false,"template":"","format":"standard","meta":[],"categories":[32,107],"tags":[],"_links":{"self":[{"href":"http:\/\/republicapazeamor.com.br\/site\/wp-json\/wp\/v2\/posts\/11674"}],"collection":[{"href":"http:\/\/republicapazeamor.com.br\/site\/wp-json\/wp\/v2\/posts"}],"about":[{"href":"http:\/\/republicapazeamor.com.br\/site\/wp-json\/wp\/v2\/types\/post"}],"author":[{"embeddable":true,"href":"http:\/\/republicapazeamor.com.br\/site\/wp-json\/wp\/v2\/users\/8"}],"replies":[{"embeddable":true,"href":"http:\/\/republicapazeamor.com.br\/site\/wp-json\/wp\/v2\/comments?post=11674"}],"version-history":[{"count":1,"href":"http:\/\/republicapazeamor.com.br\/site\/wp-json\/wp\/v2\/posts\/11674\/revisions"}],"predecessor-version":[{"id":11676,"href":"http:\/\/republicapazeamor.com.br\/site\/wp-json\/wp\/v2\/posts\/11674\/revisions\/11676"}],"wp:featuredmedia":[{"embeddable":true,"href":"http:\/\/republicapazeamor.com.br\/site\/wp-json\/wp\/v2\/media\/11675"}],"wp:attachment":[{"href":"http:\/\/republicapazeamor.com.br\/site\/wp-json\/wp\/v2\/media?parent=11674"}],"wp:term":[{"taxonomy":"category","embeddable":true,"href":"http:\/\/republicapazeamor.com.br\/site\/wp-json\/wp\/v2\/categories?post=11674"},{"taxonomy":"post_tag","embeddable":true,"href":"http:\/\/republicapazeamor.com.br\/site\/wp-json\/wp\/v2\/tags?post=11674"}],"curies":[{"name":"wp","href":"https:\/\/api.w.org\/{rel}","templated":true}]}}