{"id":11659,"date":"2025-03-04T23:38:13","date_gmt":"2025-03-04T23:38:13","guid":{"rendered":"http:\/\/republicapazeamor.com.br\/site\/?p=11659"},"modified":"2025-03-04T23:41:33","modified_gmt":"2025-03-04T23:41:33","slug":"o-ultimo-grito-de-gol","status":"publish","type":"post","link":"http:\/\/republicapazeamor.com.br\/site\/o-ultimo-grito-de-gol\/","title":{"rendered":"O \u00faltimo grito de gol"},"content":{"rendered":"\n<p><\/p>\n\n\n\n<div class=\"wp-block-columns\">\n<div class=\"wp-block-column\" style=\"flex-basis:100%\">\n<p>Certa noite de 2024, em memor\u00e1vel evento liter\u00e1rio no Museu Flamengo, o historiador Mauricio Neves de Jesus proclamou: \u201cQuem entra em campo com a camisa do Flamengo n\u00e3o tem o direito de tratar nenhuma partida como desimportante. Por uma raz\u00e3o simples: todo jogo do Flamengo \u00e9 o primeiro de algum torcedor \u2013 e o \u00faltimo de outro.\u201d<\/p>\n<\/div>\n<\/div>\n\n\n\n<div class=\"wp-block-columns\">\n<div class=\"wp-block-column\" style=\"flex-basis:100%\">\n<p>Para 90% dos rubro-negros, o Vasco x Flamengo do dia 1\u00ba de mar\u00e7o, anivers\u00e1rio do Rio de Janeiro, era uma disputa depreciada \u2013 primeiro, por ser no Carnaval; depois, por ser no Estadual, essa competi\u00e7\u00e3o abre-alas que cada ano que passa se torna um ex-campeonato em atividade.<\/p>\n<\/div>\n<\/div>\n\n\n\n<div class=\"wp-block-columns\">\n<div class=\"wp-block-column\" style=\"flex-basis:100%\">\n<p>Um torcedor, na internet, chegou a bocejar, enquanto assistia ao jogo do Engenh\u00e3o pela TV: \u201cAinda me lembro quando dia de Flamengo x Vasco era, desde o caf\u00e9 da manh\u00e3, uma descarga louca de adrenalina. Hoje um Flamengo x Vasco causa a mesma emo\u00e7\u00e3o de um dia de visita do vendedor da Avon.\u201d<\/p>\n<\/div>\n<\/div>\n\n\n\n<div class=\"wp-block-columns\">\n<div class=\"wp-block-column\" style=\"flex-basis:100%\">\n<p>Parecia um Vasco x Flamengo qualquer, portanto. No trilar do apito, por\u00e9m, pode ter sido o cl\u00e1ssico mais lindo e importante de todos. Ao menos para os amigos da fam\u00edlia Saadi.&nbsp;<\/p>\n<\/div>\n<\/div>\n\n\n\n<div class=\"wp-block-columns\">\n<div class=\"wp-block-column\" style=\"flex-basis:100%\">\n<p>David e seu filh\u00e3o Rodrigo Saadi combinaram, como de h\u00e1bito, de ver a semifinal do Carioca juntos. No grupo de Zap, Rodrigo recordaria: \u201cEu sou Flamengo por causa do meu pai. Ele foi o primeiro Saadi a se tornar Flamengo \u2013 o pai dele era um imigrante liban\u00eas que desconhecia futebol. Ele se tornou torcedor flamengo aos 4 anos, porque gostava de bola e a cozinheira da casa era torcedora do Flamengo. Essa \u00e9 a origem da linhagem Saadi rubro-negra, que vibra no Maracan\u00e3 desde os anos 1970 e viu de tudo, do 6 x 0 da vingan\u00e7a ao gol do Rodrigo Mendes.\u201d<\/p>\n<\/div>\n<\/div>\n\n\n\n<div class=\"wp-block-columns\">\n<div class=\"wp-block-column\" style=\"flex-basis:100%\">\n<p>Aos 15 minutos de jogo, David, 65 anos, pediu os \u00f3culos para ver com mais aten\u00e7\u00e3o.&nbsp;<\/p>\n<\/div>\n<\/div>\n\n\n\n<div class=\"wp-block-columns\">\n<div class=\"wp-block-column\" style=\"flex-basis:100%\">\n<p>\u201cAssistimos ao jogo como sempre fizemos, torcendo e vibrando\u201d, narraria o filho. \u201cEle orientou os jogadores, reclamou do passe errado e erro de dom\u00ednio do Ortiz, reclamou do gol perdido do Arrascaeta e ficou aliviado quando o Ortiz salvou em cima da linha. No segundo tempo, comemoramos muito o gola\u00e7o do nosso BH. Dei um abra\u00e7\u00e3o nele. Torcemos at\u00e9 o final e ficamos aliviados com a defesa do Rossi no \u00faltimo minuto. No fim do jogo, nos abra\u00e7amos e falei: Mais uma vit\u00f3ria nossa, pai!\u201d<\/p>\n<\/div>\n<\/div>\n\n\n\n<div class=\"wp-block-columns\">\n<div class=\"wp-block-column\" style=\"flex-basis:100%\">\n<p>Por cerca de um ano, David lidou com um c\u00e2ncer no p\u00e2ncreas e um longo sofrimento f\u00edsico e mental. No s\u00e1bado de manh\u00e3, a fam\u00edlia e os m\u00e9dicos decidiram que ele seria sedado aos poucos, para reduzir a dor e a ang\u00fastia que o atormentavam. L\u00e1 pelas 17h30, Rodrigo ligou a TV no jogo do Flamengo, e pediu que a seda\u00e7\u00e3o fosse reduzida.<\/p>\n<\/div>\n<\/div>\n\n\n\n<div class=\"wp-block-columns\">\n<div class=\"wp-block-column\" style=\"flex-basis:100%\">\n<p>Fim de papo, vit\u00f3ria do Flamengo. Rodrigo, na segunda-feira 3 de mar\u00e7o, anivers\u00e1rio do Zico, escreveu a seus irm\u00e3os flamengos:<\/p>\n<\/div>\n<\/div>\n\n\n\n<div class=\"wp-block-columns\">\n<div class=\"wp-block-column\" style=\"flex-basis:100%\">\n<p>\u201cAcabo de voltar do vel\u00f3rio do meu pai. Ele faleceu na madrugada de s\u00e1bado para domingo depois de uma interna\u00e7\u00e3o longu\u00edssima. Naquele abra\u00e7o de gol, eu me senti completo, leve e realizado. Pedi ao clube para que no pr\u00f3ximo jogo, contra o Vasco, a foto dele apare\u00e7a durante o minuto de sil\u00eancio, no placar eletr\u00f4nico. Quem estiver no est\u00e1dio ou em casa vendo pela TV, pensem em n\u00f3s.\u201d<\/p>\n<\/div>\n<\/div>\n\n\n\n<div class=\"wp-block-columns\">\n<div class=\"wp-block-column\" style=\"flex-basis:100%\">\n<p>Mengo, suspiro. Mengo, putaquepariu.<\/p>\n<\/div>\n<\/div>\n<!-- AddThis Advanced Settings generic via filter on the_content --><!-- AddThis Share Buttons generic via filter on the_content -->","protected":false},"excerpt":{"rendered":"<p>Certa noite de 2024, em memor\u00e1vel evento liter\u00e1rio no Museu Flamengo, o historiador Mauricio Neves de Jesus proclamou: \u201cQuem entra em campo com a camisa do Flamengo n\u00e3o tem o direito de tratar nenhuma partida como desimportante. Por uma raz\u00e3o simples: todo jogo do Flamengo \u00e9 o primeiro de algum torcedor \u2013 e o \u00faltimo &#8230; <a class=\"read-more-link\" href=\"http:\/\/republicapazeamor.com.br\/site\/o-ultimo-grito-de-gol\/\">Read More <i class=\"ico-946\"><\/i><\/a><\/p>\n","protected":false},"author":8,"featured_media":11665,"comment_status":"open","ping_status":"open","sticky":false,"template":"","format":"standard","meta":[],"categories":[32],"tags":[],"_links":{"self":[{"href":"http:\/\/republicapazeamor.com.br\/site\/wp-json\/wp\/v2\/posts\/11659"}],"collection":[{"href":"http:\/\/republicapazeamor.com.br\/site\/wp-json\/wp\/v2\/posts"}],"about":[{"href":"http:\/\/republicapazeamor.com.br\/site\/wp-json\/wp\/v2\/types\/post"}],"author":[{"embeddable":true,"href":"http:\/\/republicapazeamor.com.br\/site\/wp-json\/wp\/v2\/users\/8"}],"replies":[{"embeddable":true,"href":"http:\/\/republicapazeamor.com.br\/site\/wp-json\/wp\/v2\/comments?post=11659"}],"version-history":[{"count":2,"href":"http:\/\/republicapazeamor.com.br\/site\/wp-json\/wp\/v2\/posts\/11659\/revisions"}],"predecessor-version":[{"id":11666,"href":"http:\/\/republicapazeamor.com.br\/site\/wp-json\/wp\/v2\/posts\/11659\/revisions\/11666"}],"wp:featuredmedia":[{"embeddable":true,"href":"http:\/\/republicapazeamor.com.br\/site\/wp-json\/wp\/v2\/media\/11665"}],"wp:attachment":[{"href":"http:\/\/republicapazeamor.com.br\/site\/wp-json\/wp\/v2\/media?parent=11659"}],"wp:term":[{"taxonomy":"category","embeddable":true,"href":"http:\/\/republicapazeamor.com.br\/site\/wp-json\/wp\/v2\/categories?post=11659"},{"taxonomy":"post_tag","embeddable":true,"href":"http:\/\/republicapazeamor.com.br\/site\/wp-json\/wp\/v2\/tags?post=11659"}],"curies":[{"name":"wp","href":"https:\/\/api.w.org\/{rel}","templated":true}]}}