{"id":11217,"date":"2023-09-03T16:55:33","date_gmt":"2023-09-03T16:55:33","guid":{"rendered":"http:\/\/republicapazeamor.com.br\/site\/?p=11217"},"modified":"2023-09-19T14:13:30","modified_gmt":"2023-09-19T14:13:30","slug":"o-mensageiro-do-aeroporto-santos-dumont","status":"publish","type":"post","link":"http:\/\/republicapazeamor.com.br\/site\/o-mensageiro-do-aeroporto-santos-dumont\/","title":{"rendered":"O mensageiro do aeroporto Santos Dumont"},"content":{"rendered":"\n<div class=\"wp-block-columns\">\n<div class=\"wp-block-column\" style=\"flex-basis:100%\">\n<p>Essa aconteceu no dia 19 de novembro de 2013, uma ter\u00e7a-feira.<\/p>\n<\/div>\n<\/div>\n\n\n\n<div class=\"wp-block-columns\">\n<div class=\"wp-block-column\" style=\"flex-basis:100%\">\n<p>Um encontro enigm\u00e1tico, presenciado por testemunhas impressionadas, e que at\u00e9 hoje segue inexplic\u00e1vel, uma d\u00e9cada depois. O amigo leitor e a am\u00e1vel leitora podem duvidar do ocorrido, claro, ningu\u00e9m vai brigar por isso. Tudo, por\u00e9m, pode ser facilmente confirmado com os tr\u00eas envolvidos \u2013 contanto que n\u00e3o digam que fui eu, que isso \u00e9 feio e vossas mam\u00e3es n\u00e3o aprovariam.<\/p>\n<\/div>\n<\/div>\n\n\n\n<div class=\"wp-block-columns\">\n<div class=\"wp-block-column\" style=\"flex-basis:100%\">\n<p>A delega\u00e7\u00e3o flamenga seguia para mais uma final improv\u00e1vel, a da Copa do Brasil de 2013. A imprensa e os coment\u00e1rios em Curitiba, onde o time jogaria no dia seguinte na Vila Capanema, eram de uma unanimidade quase total, e quase burra. O Atl\u00e9tico Paranaense venceria, claro, mas de quanto? Afinal, exatos dois meses antes, em 19 de setembro, os rubro-pretos do Paran\u00e1 passearam no nov\u00edssimo Maracan\u00e3. Era uma quinta-feira de Rock in Rio, e Mano Menezes resolveu pular do palco, ap\u00f3s a sonora derrota por 4 x 2. Crise na G\u00e1vea.<\/p>\n<\/div>\n<\/div>\n\n\n\n<div class=\"wp-block-columns\">\n<div class=\"wp-block-column\" style=\"flex-basis:100%\">\n<p>De mais a mais, o Atl\u00e9tico ainda sem H estava no embalo. Eliminara Palmeiras, Internacional e Gr\u00eamio com uma defesa s\u00f3lida e contra-ataques eficientes. O que poderia apresentar o velho interino Jaime de Almeida contra a experi\u00eancia de V\u00e1gner Mancini?<\/p>\n<\/div>\n<\/div>\n\n\n\n<div class=\"wp-block-columns\">\n<div class=\"wp-block-column\" style=\"flex-basis:100%\">\n<p>Enquanto Paulinho e Carlos Eduardo visitavam os eletr\u00f4nicos e perfumes do Dutifri Sh\u00f3pi, Paulo Pelaipe, Bandeira de Mello e Jaime resenhavam nas poltronas do sal\u00e3o de embarque. O tema era justamente a confian\u00e7a extrema dos comandados de Mancini. Foi quando aquela figura estranh\u00edssima se aproximou do trio.<\/p>\n<\/div>\n<\/div>\n\n\n\n<div class=\"wp-block-columns\">\n<div class=\"wp-block-column\" style=\"flex-basis:100%\">\n<p>\u2013&nbsp;Com licen\u00e7a, senhores. Tenho aqui uma entrega e pe\u00e7o apenas alguns minutos da aten\u00e7\u00e3o de voc\u00eas. \u00c9 um documento de extremo interesse da presid\u00eancia do clube, e em especial da na\u00e7\u00e3o do Flamengo.<\/p>\n<\/div>\n<\/div>\n\n\n\n<div class=\"wp-block-columns\">\n<div class=\"wp-block-column\" style=\"flex-basis:100%\">\n<p>Bandeira puxou uma flanelinha para limpar os \u00f3culos. Pelaipe manteve o queixo despencado, enquanto tentava absorver as palavras. Foi o ex-zagueir\u00e3o cl\u00e1ssico, dono de grande vis\u00e3o de jogo e com tr\u00eas gols em 198 partidas pelo Fla, que desarmou o sil\u00eancio:<\/p>\n<\/div>\n<\/div>\n\n\n\n<div class=\"wp-block-columns\">\n<div class=\"wp-block-column\" style=\"flex-basis:100%\">\n<p>\u2013&nbsp;Salve, simpatia. Voc\u00ea precisa de um local reservado?<\/p>\n<\/div>\n<\/div>\n\n\n\n<div class=\"wp-block-columns\">\n<div class=\"wp-block-column\" style=\"flex-basis:100%\">\n<p>\u2013 N\u00e3o carece, obrigado. Serei breve.<\/p>\n<\/div>\n<\/div>\n\n\n\n<div class=\"wp-block-columns\">\n<div class=\"wp-block-column\" style=\"flex-basis:100%\">\n<p>Bandeira apertou-lhe as m\u00e3os e o convidou a sentar ao seu lado. O sujeito abriu sua valise 007 com destreza:<\/p>\n<\/div>\n<\/div>\n\n\n\n<div class=\"wp-block-columns\">\n<div class=\"wp-block-column\" style=\"flex-basis:100%\">\n<p>\u2013 Presidente, fui enviado aqui com uma minuta. Quem enviou n\u00e3o ser\u00e1 revelado, nem hoje nem nunca, sob risco de anula\u00e7\u00e3o. \u00c9 um contrato de f\u00e9, e os senhores ver\u00e3o que \u00e9 uma proposta irrecus\u00e1vel.<\/p>\n<\/div>\n<\/div>\n\n\n\n<div class=\"wp-block-columns\">\n<div class=\"wp-block-column\" style=\"flex-basis:100%\">\n<p>\u2013 Estamos ouvindo \u2013&nbsp;disse Pelaipe, recuperado.<\/p>\n<\/div>\n<\/div>\n\n\n\n<div class=\"wp-block-columns\">\n<div class=\"wp-block-column\" style=\"flex-basis:100%\">\n<p>\u2013\u00a0Em caso de aprova\u00e7\u00e3o, basta a assinatura do presidente Bandeira nesta linha aqui de baixo. Voc\u00ea, naturalmente, estar\u00e1 assinando em nome do Flamengo e de seus torcedores. As cl\u00e1usulas s\u00e3o as seguintes \u2013 pigarreou.<\/p>\n<\/div>\n<\/div>\n\n\n\n<div class=\"wp-block-columns\">\n<div class=\"wp-block-column\" style=\"flex-basis:100%\">\n<p>O beque Wallace cumprimentou os quatro, com um livro na m\u00e3o, rec\u00e9m-comprado na lojinha, e se afastou. O mensageiro ent\u00e3o deu os detalhes:<\/p>\n<\/div>\n<\/div>\n\n\n\n<div class=\"wp-block-columns\">\n<div class=\"wp-block-column\" style=\"flex-basis:100%\">\n<p>\u2013 \u00c9 tudo muito simples, apesar de complicado de explicar. Se assinarem aqui, podem confiar, o Flamengo ser\u00e1 campe\u00e3o da Copa do Brasil, com uma festa e tanto no Maracan\u00e3 no fim do m\u00eas.<\/p>\n<\/div>\n<\/div>\n\n\n\n<div class=\"wp-block-columns\">\n<div class=\"wp-block-column\" style=\"flex-basis:100%\">\n<p>\u2013 U\u00e9, mas\u2026<\/p>\n<\/div>\n<\/div>\n\n\n\n<div class=\"wp-block-columns\">\n<div class=\"wp-block-column\" style=\"flex-basis:100%\">\n<p>\u2013&nbsp;Calma que tem mais. Muito mais. Voc\u00eas ser\u00e3o os campe\u00f5es da Copa do Brasil e ter\u00e3o tranquilidade e apoio de s\u00f3cios, conselheiros e parte da m\u00eddia para continuar o trabalho de faxina financeira. O Flamengo vai montar alguns \u00f3timos times, e atrair jogadores internacionais. (Agora falando baixo:) E n\u00e3o estou falando de feras como o amigo boliviano Marcelo Moreno ali, n\u00e3o.<\/p>\n<\/div>\n<\/div>\n\n\n\n<div class=\"wp-block-columns\">\n<div class=\"wp-block-column\" style=\"flex-basis:100%\">\n<p>\u2013 Conte mais, conte mais. Na esfera estadual, o que diz a\u00ed?<\/p>\n<\/div>\n<\/div>\n\n\n\n<div class=\"wp-block-columns\">\n<div class=\"wp-block-column\" style=\"flex-basis:100%\">\n<p>\u2013\u00a0Tudo no esquema. O Vasco vai ficar 11 partidas sem nos vencer, at\u00e9 2015. Creiam-me, ningu\u00e9m mais vai ligar para ser Tri do Rio de Janeiro ou outras miudezas. Em caso de anu\u00eancia dos senhores, o que vir\u00e1 ser\u00e1 impens\u00e1vel. A Gl\u00f3ria Eterna. O Flamengo voltar\u00e1 a ser um dos times mais temidos da Am\u00e9rica.<\/p>\n<\/div>\n<\/div>\n\n\n\n<div class=\"wp-block-columns\">\n<div class=\"wp-block-column\" style=\"flex-basis:100%\">\n<p>\u2013&nbsp;Hum\u2026 T\u00edtulos?<\/p>\n<\/div>\n<\/div>\n\n\n\n<div class=\"wp-block-columns\">\n<div class=\"wp-block-column\" style=\"flex-basis:100%\">\n<p>\u2013 Sim, garantidos. Libertadores e Brasileiros. No plural. N\u00e3o ser\u00e1 um s\u00f3 de cada n\u00e3o, presidente.<\/p>\n<\/div>\n<\/div>\n\n\n\n<div class=\"wp-block-columns\">\n<div class=\"wp-block-column\" style=\"flex-basis:100%\">\n<p>\u2013 Rapaz, n\u00e3o brinca com isso.<\/p>\n<\/div>\n<\/div>\n\n\n\n<div class=\"wp-block-columns\">\n<div class=\"wp-block-column\" style=\"flex-basis:100%\">\n<p>\u2013\u00a0Outro item. O Centro de Treinamento George Helal ser\u00e1 conclu\u00eddo na sua gest\u00e3o e vai chocar o mundo do futebol. Convencidos agora?<\/p>\n<\/div>\n<\/div>\n\n\n\n<div class=\"wp-block-columns\">\n<div class=\"wp-block-column\" style=\"flex-basis:100%\">\n<p>\u2013 Diz a\u00ed se o Flamengo vai parar de trocar de treinador feito cueca freada? \u2013\u00a0indagou Jaime, a pontinha da l\u00edngua para fora, meio s\u00e9rio, meio gaiato.<\/p>\n<\/div>\n<\/div>\n\n\n\n<div class=\"wp-block-columns\">\n<div class=\"wp-block-column\" style=\"flex-basis:100%\">\n<p>\u2013 N\u00e3o, isso seria um pouco demais.<\/p>\n<\/div>\n<\/div>\n\n\n\n<div class=\"wp-block-columns\">\n<div class=\"wp-block-column\" style=\"flex-basis:100%\">\n<p>\u2013 Seu mensageiro, tem um Mundial na lista? Unzinho?<\/p>\n<\/div>\n<\/div>\n\n\n\n<div class=\"wp-block-columns\">\n<div class=\"wp-block-column\" style=\"flex-basis:100%\">\n<p>\u2013\u00a0Pois ent\u00e3o, vou expor as contrapartidas. Todos comigo? Para que tudo isso aconte\u00e7a, tem um negocinho. Um pequeno detalhe para equilibrar as coisas. Como compensa\u00e7\u00e3o por tantas alegrias, daqui a exatos dez anos o Flamengo ter\u00e1 de voltar a decidir uma Copa do Brasil como grande azar\u00e3o. Exatamente como hoje. Spoiler: o S\u00e3o Paulo ser\u00e1 o favorita\u00e7o.<\/p>\n<\/div>\n<\/div>\n\n\n\n<div class=\"wp-block-columns\">\n<div class=\"wp-block-column\" style=\"flex-basis:100%\">\n<p>\u2013&nbsp;S\u00f3 isso? Sem rebaixamento no radar?<\/p>\n<\/div>\n<\/div>\n\n\n\n<div class=\"wp-block-columns\">\n<div class=\"wp-block-column\" style=\"flex-basis:100%\">\n<p>\u2013 Bem, a porrada vai comer, em treinos e vesti\u00e1rios. A temporada em quest\u00e3o ser\u00e1 lament\u00e1vel, culpa da emp\u00e1fia, descomando e a falta de um t\u00e9cnico-manager equilibrado, que una o grupo. A torcida vai ficar perdida, entre vit\u00f3rias brilhantes e derrotas de chorar \u2013 e na mesma semana! Vamos sofrer contra time \u00e1rabe. E mesmo com um elenco gal\u00e1ctico, seremos chamados de zebra at\u00e9 contra o valente Botafogo no Engenh\u00e3o.<\/p>\n<\/div>\n<\/div>\n\n\n\n<div class=\"wp-block-columns\">\n<div class=\"wp-block-column\" style=\"flex-basis:100%\">\n<p>\u2013&nbsp;Ai, Jesus.<\/p>\n<\/div>\n<\/div>\n\n\n\n<div class=\"wp-block-columns\">\n<div class=\"wp-block-column\" style=\"flex-basis:100%\">\n<p>\u2013\u00a0Tenho aqui tr\u00eas c\u00f3pias para a leitura dos senhores. Pe\u00e7o que acelerem, pois a comiss\u00e1ria est\u00e1 a chamar para o embarque.<\/p>\n\n\n\n<p><\/p>\n\n\n\n<p><\/p>\n\n\n\n<p>                                                            *  *  *<\/p>\n\n\n\n<p><\/p>\n<\/div>\n<\/div>\n\n\n\n<div class=\"wp-block-columns\">\n<div class=\"wp-block-column\" style=\"flex-basis:100%\">\n<p>O avi\u00e3o passava por Paraty quando Bandeira de Mello, a mastigar lentamente seu goiabinha, n\u00e3o aguentou e bufou, exasperado:<\/p>\n<\/div>\n<\/div>\n\n\n\n<div class=\"wp-block-columns\">\n<div class=\"wp-block-column\" style=\"flex-basis:100%\">\n<p>\u2013 O que foi aquilo, gente? Cacetauro rex! Ser\u00e1 que fiz bem em assinar?<\/p>\n<\/div>\n<\/div>\n\n\n\n<div class=\"wp-block-columns\">\n<div class=\"wp-block-column\" style=\"flex-basis:100%\">\n<p>\u2013&nbsp;Fica tranquilo, presidente. Em dez anos saberemos.<\/p>\n\n\n\n<p><\/p>\n\n\n\n<div class='button-row'>\n\t<a href='http:\/\/republicapazeamor.com.br\/site\/marcelo\/' class='button small-button \n\t\t\t \n\t\t\trounded-corners \n\t\t\torange-button text-uppercase' style=\"color: #ffffff; background-color: #000000; box-shadow: 0 0 0 3px #991b1b inset;\">\n\t\t\t\tSobre Marcelo Dunlop\t<\/a>\n<\/div>\n<\/div>\n<\/div>\n<!-- AddThis Advanced Settings generic via filter on the_content --><!-- AddThis Share Buttons generic via filter on the_content -->","protected":false},"excerpt":{"rendered":"<p>Essa aconteceu no dia 19 de novembro de 2013, uma ter\u00e7a-feira. Um encontro enigm\u00e1tico, presenciado por testemunhas impressionadas, e que at\u00e9 hoje segue inexplic\u00e1vel, uma d\u00e9cada depois. O amigo leitor e a am\u00e1vel leitora podem duvidar do ocorrido, claro, ningu\u00e9m vai brigar por isso. Tudo, por\u00e9m, pode ser facilmente confirmado com os tr\u00eas envolvidos \u2013 &#8230; <a class=\"read-more-link\" href=\"http:\/\/republicapazeamor.com.br\/site\/o-mensageiro-do-aeroporto-santos-dumont\/\">Read More <i class=\"ico-946\"><\/i><\/a><\/p>\n","protected":false},"author":8,"featured_media":11220,"comment_status":"open","ping_status":"open","sticky":false,"template":"","format":"standard","meta":[],"categories":[32],"tags":[],"_links":{"self":[{"href":"http:\/\/republicapazeamor.com.br\/site\/wp-json\/wp\/v2\/posts\/11217"}],"collection":[{"href":"http:\/\/republicapazeamor.com.br\/site\/wp-json\/wp\/v2\/posts"}],"about":[{"href":"http:\/\/republicapazeamor.com.br\/site\/wp-json\/wp\/v2\/types\/post"}],"author":[{"embeddable":true,"href":"http:\/\/republicapazeamor.com.br\/site\/wp-json\/wp\/v2\/users\/8"}],"replies":[{"embeddable":true,"href":"http:\/\/republicapazeamor.com.br\/site\/wp-json\/wp\/v2\/comments?post=11217"}],"version-history":[{"count":15,"href":"http:\/\/republicapazeamor.com.br\/site\/wp-json\/wp\/v2\/posts\/11217\/revisions"}],"predecessor-version":[{"id":11236,"href":"http:\/\/republicapazeamor.com.br\/site\/wp-json\/wp\/v2\/posts\/11217\/revisions\/11236"}],"wp:featuredmedia":[{"embeddable":true,"href":"http:\/\/republicapazeamor.com.br\/site\/wp-json\/wp\/v2\/media\/11220"}],"wp:attachment":[{"href":"http:\/\/republicapazeamor.com.br\/site\/wp-json\/wp\/v2\/media?parent=11217"}],"wp:term":[{"taxonomy":"category","embeddable":true,"href":"http:\/\/republicapazeamor.com.br\/site\/wp-json\/wp\/v2\/categories?post=11217"},{"taxonomy":"post_tag","embeddable":true,"href":"http:\/\/republicapazeamor.com.br\/site\/wp-json\/wp\/v2\/tags?post=11217"}],"curies":[{"name":"wp","href":"https:\/\/api.w.org\/{rel}","templated":true}]}}