{"id":11083,"date":"2023-03-06T16:05:19","date_gmt":"2023-03-06T16:05:19","guid":{"rendered":"http:\/\/republicapazeamor.com.br\/site\/?p=11083"},"modified":"2023-03-06T16:20:49","modified_gmt":"2023-03-06T16:20:49","slug":"a-nova-faixa-flamenga","status":"publish","type":"post","link":"http:\/\/republicapazeamor.com.br\/site\/a-nova-faixa-flamenga\/","title":{"rendered":"A nova faixa flamenga"},"content":{"rendered":"\n<p><\/p>\n\n\n\n<div class=\"wp-block-columns\">\n<div class=\"wp-block-column\" style=\"flex-basis:100%\">\n<p>Na sa\u00edda do Mario Filho, o povo flamengo me lembrou o Otto Lara Resende. O grande escritor e frasista, quando o pa\u00eds ia mal, repetia seu velho bord\u00e3o, que o cronista S\u00e9rgio Augusto mant\u00e9m vivo at\u00e9 hoje: \u201cChega, vou trancar minha matr\u00edcula de brasileiro\u201d. O torcedor, entre bufadas, ontem considerou trancar sua matr\u00edcula de rubro-negro. Pelo menos at\u00e9 abril.<\/p>\n<\/div>\n<\/div>\n\n\n\n<div class=\"wp-block-columns\">\n<div class=\"wp-block-column\" style=\"flex-basis:100%\">\n<p>Um dos sinais mais evidentes da irrita\u00e7\u00e3o estava estendido na porta do Maraca, em letras gordas, garrafais, berrantes. Uma faixa em letras brancas costuradas em panos preto e vermelho, na cara de todos que ingressavam no est\u00e1dio.<\/p>\n<\/div>\n<\/div>\n\n\n\n<div class=\"wp-block-columns\">\n<div class=\"wp-block-column\" style=\"flex-basis:100%\">\n<p>E a verdade \u00e9 que temos certa tradi\u00e7\u00e3o em faixas bomb\u00e1sticas. Outro dia mesmo, na \u201cFolha\u201d, jornal paulista e portanto insuspeito, um articulista lembrava como a massa flamenga sempre soube dar seu recado nas horas mais duras.<\/p>\n<\/div>\n<\/div>\n\n\n\n<div class=\"wp-block-columns\">\n<div class=\"wp-block-column\" style=\"flex-basis:100%\">\n<p>Vou abrir aspas, que estou cansado:<\/p>\n<\/div>\n<\/div>\n\n\n\n<div class=\"wp-block-columns\">\n<div class=\"wp-block-column\" style=\"flex-basis:100%\">\n<p>\u201cO Corinthians j\u00e1 havia cruzado a fronteira entre o futebol e a pol\u00edtica quando, no Rio, a torcida do Flamengo, a maior do Brasil, decidiu seguir o mesmo caminho\u201d, notou o jornalista e escritor Oscar Pilagallo. \u201cEm 28 de janeiro de 1984, logo depois do com\u00edcio da pra\u00e7a da S\u00e9, em S\u00e3o Paulo, um grupo de torcedores ergueu cartazes no Maracan\u00e3, durante o jogo contra o Palmeiras, na estreia do Campeonato Brasileiro, onde estava escrito \u2018Fla Diretas\u2019. Tratava-se da primeira torcida a se manifestar pela redemocratiza\u00e7\u00e3o.\u201d<\/p>\n<\/div>\n<\/div>\n\n\n\n<div class=\"wp-block-columns\">\n<div class=\"wp-block-column\" style=\"flex-basis:100%\">\n<p>Entre os revoltosos flamengos, estavam Bussunda e Cl\u00e1udio Manoel \u201cSeu Casseta\u201d, respons\u00e1veis por outras faixas memor\u00e1veis, tal qual: \u201cNosso Figueiredo \u00e9 melhor que o deles\u201d, em brincadeira com nosso xerif\u00e3o \u00e0 \u00e9poca e o general-presidente.<\/p>\n<\/div>\n<\/div>\n\n\n\n<div class=\"wp-block-columns\">\n<div class=\"wp-block-column\" style=\"flex-basis:100%\">\n<p>Eu, particularmente, nutria especial afeto por um recad\u00e3o solene, s\u00f3brio e que ao meu ver come\u00e7ou a mudar o clube. \u201cO Brasileiro \u00e9 obriga\u00e7\u00e3o\u201d. Que g\u00eanio teria cunhado palavras t\u00e3o diretas e eficientes? Nas suas n\u00e3o-entrelinhas, h\u00e1 tanta indigna\u00e7\u00e3o que daria um livro, ou dois. <\/p>\n<\/div>\n<\/div>\n\n\n\n<div class=\"wp-block-columns\">\n<div class=\"wp-block-column\" style=\"flex-basis:100%\">\n<p>\u201cEi, voc\u00eas s\u00e3o incompetentes ou s\u00f3 safados? N\u00e3o enxergam que hoje o departamento de futebol s\u00f3 \u00e9 capaz de construir time para ganhar esse Estadual mequetrefe, contra Vasco, Flu e Botafogo, e no m\u00e1ximo uma Copa do Brasil fedida? A\u00ed, chega na hora do fil\u00e9, o treinador rala, o elenco peida, ou \u00e9 negociado. Quando diabos voc\u00eas v\u00e3o entender? Nesse s\u00e9culo XXI a gente quer voltar j\u00e1 a ganhar o Campeonato Nacional. Patifes!\u201d. O que gastaria pano demais, e taparia a vis\u00e3o da Urubuzada. \u201cO Brasileiro \u00e9 obriga\u00e7\u00e3o\u201d, que aula de simplicidade, com a concis\u00e3o de um Graciliano Ramos de b\u00edceps tatuado e camisa regata. Clap, clap, clap.<\/p>\n<\/div>\n<\/div>\n\n\n\n<div class=\"wp-block-columns\">\n<div class=\"wp-block-column\" style=\"flex-basis:100%\">\n<p>Mas a tal nova faixa tamb\u00e9m quer fazer barulho. Inspirada por uma letra de funk nacional, ela brada: \u201cN\u00e3o somos f\u00e3s de canalhas\u201d. \u00c9 um contundente pedido de \u00e9tica, amor ao Flamengo, e respeito ao torcedor. N\u00e3o sei quem seriam os canalhas em quest\u00e3o, mas tor\u00e7o para que o pedido perdure, e n\u00e3o se limite a ser uma press\u00e3o pol\u00edtica e pontual.<\/p>\n<\/div>\n<\/div>\n\n\n\n<div class=\"wp-block-columns\">\n<div class=\"wp-block-column\" style=\"flex-basis:100%\">\n<p>Eu, c\u00e1 do meu cantinho da arquiba, tenho um sonho. De que o ano termine com outra faixa bonita, preta e vermelha, e categ\u00f3rica como as anteriores, desde os tristes tempos de risco \u00e0 democracia. Talvez com os dizeres: \u201cO Mundial \u00e9 obriga\u00e7\u00e3o\u201d. Que sigamos dizendo pouco e dizendo bonito.<\/p>\n\n\n\n<p><\/p>\n\n\n\n<div class='button-row'>\n\t<a href='http:\/\/republicapazeamor.com.br\/site\/marcelo\/' class='button small-button \n\t\t\t \n\t\t\trounded-corners \n\t\t\torange-button text-uppercase' style=\"color: #ffffff; background-color: #000000; box-shadow: 0 0 0 3px #991b1b inset;\">\n\t\t\t\tSobre Marcelo Dunlop\t<\/a>\n<\/div>\n<\/div>\n<\/div>\n<!-- AddThis Advanced Settings generic via filter on the_content --><!-- AddThis Share Buttons generic via filter on the_content -->","protected":false},"excerpt":{"rendered":"<p>Na sa\u00edda do Mario Filho, o povo flamengo me lembrou o Otto Lara Resende. O grande escritor e frasista, quando o pa\u00eds ia mal, repetia seu velho bord\u00e3o, que o cronista S\u00e9rgio Augusto mant\u00e9m vivo at\u00e9 hoje: \u201cChega, vou trancar minha matr\u00edcula de brasileiro\u201d. O torcedor, entre bufadas, ontem considerou trancar sua matr\u00edcula de rubro-negro. &#8230; <a class=\"read-more-link\" href=\"http:\/\/republicapazeamor.com.br\/site\/a-nova-faixa-flamenga\/\">Read More <i class=\"ico-946\"><\/i><\/a><\/p>\n","protected":false},"author":8,"featured_media":11084,"comment_status":"open","ping_status":"open","sticky":false,"template":"","format":"standard","meta":[],"categories":[127,38],"tags":[],"_links":{"self":[{"href":"http:\/\/republicapazeamor.com.br\/site\/wp-json\/wp\/v2\/posts\/11083"}],"collection":[{"href":"http:\/\/republicapazeamor.com.br\/site\/wp-json\/wp\/v2\/posts"}],"about":[{"href":"http:\/\/republicapazeamor.com.br\/site\/wp-json\/wp\/v2\/types\/post"}],"author":[{"embeddable":true,"href":"http:\/\/republicapazeamor.com.br\/site\/wp-json\/wp\/v2\/users\/8"}],"replies":[{"embeddable":true,"href":"http:\/\/republicapazeamor.com.br\/site\/wp-json\/wp\/v2\/comments?post=11083"}],"version-history":[{"count":6,"href":"http:\/\/republicapazeamor.com.br\/site\/wp-json\/wp\/v2\/posts\/11083\/revisions"}],"predecessor-version":[{"id":11091,"href":"http:\/\/republicapazeamor.com.br\/site\/wp-json\/wp\/v2\/posts\/11083\/revisions\/11091"}],"wp:featuredmedia":[{"embeddable":true,"href":"http:\/\/republicapazeamor.com.br\/site\/wp-json\/wp\/v2\/media\/11084"}],"wp:attachment":[{"href":"http:\/\/republicapazeamor.com.br\/site\/wp-json\/wp\/v2\/media?parent=11083"}],"wp:term":[{"taxonomy":"category","embeddable":true,"href":"http:\/\/republicapazeamor.com.br\/site\/wp-json\/wp\/v2\/categories?post=11083"},{"taxonomy":"post_tag","embeddable":true,"href":"http:\/\/republicapazeamor.com.br\/site\/wp-json\/wp\/v2\/tags?post=11083"}],"curies":[{"name":"wp","href":"https:\/\/api.w.org\/{rel}","templated":true}]}}