{"id":10891,"date":"2022-08-17T18:01:20","date_gmt":"2022-08-17T18:01:20","guid":{"rendered":"http:\/\/republicapazeamor.com.br\/site\/?p=10891"},"modified":"2022-08-17T18:58:59","modified_gmt":"2022-08-17T18:58:59","slug":"axiologia-flamenga","status":"publish","type":"post","link":"http:\/\/republicapazeamor.com.br\/site\/axiologia-flamenga\/","title":{"rendered":"Axiologia Flamenga"},"content":{"rendered":"\n<p class=\"has-drop-cap\">\u00c9 surpreendente a capacidade que o Flamengo possui para transmitir conhecimento e, sem for\u00e7ar a barra, alargar os horizontes mentais e a capacidade anal\u00edtica dos rubro-negros. Nem deveria ser motivo pra surpresa, j\u00e1 que o Flamengo, desde seu nascedouro, esteve sempre comprometido com os avan\u00e7os cient\u00edficos e sociais que aceleraram o desenvolvimento nacional na virada do s\u00e9culo XIX para o XX que elevaram o pa\u00eds da categoria ro\u00e7a para a categoria brejo.<\/p>\n\n\n\n<p>.<\/p>\n\n\n\n<p>Inserida organicamente nessa grande virada cultural e desde 1895 filosofando no sapatinho, a torcida do Flamengo n\u00e3o vacila. N\u00e3o cai e nem escorrega, n\u00e3o dorme e nem cochila. Continua inquieta, fazendo as perguntas certas e, mesmo quando adota uma metodologia porralouquista, encontrando as respostas pelo m\u00e9todo emp\u00edrico, baseando-se em suas experiencias e na observa\u00e7\u00e3o arguta que \u00e9 uma das marcas do rubro-negro.<\/p>\n\n\n\n<p>.<\/p>\n\n\n\n<p>Nos \u00faltimos anos a intelig\u00eancia coletiva da Na\u00e7\u00e3o Rubro-Negra tem se expandido atrav\u00e9s de um sadio debate que se tornou recorrente entre os rubro-negros racionais. E at\u00e9 entre os irracionais. Campeonato Brasileiro, Copa do Brasil, Libertadores, qual destas competi\u00e7\u00f5es tem mais valor?<\/p>\n\n\n\n<p>.<\/p>\n\n\n\n<p>Para esse debate ir pra frente a primeira coisa a se fazer \u00e9 atribuir valor \u00e0 coisa. E existe todo um campo da filosofia dedicado a esse mister, a axiologia. A axiologia \u00e9 o estudo filos\u00f3fico dos valores, que busca definir a natureza e a classifica\u00e7\u00e3o dos valores e at\u00e9 mesmo que tipos de coisas t\u00eam valor.<\/p>\n\n\n\n<p>.<\/p>\n\n\n\n<p>Para a axiologia a distin\u00e7\u00e3o entre valor <em>intr\u00ednseco<\/em> e <em>extr\u00ednseco<\/em> \u00e9 central. O valor intr\u00ednseco est\u00e1 ligado \u00e0s caracter\u00edsticas da coisa valiosa. J\u00e1 o valor extr\u00ednseco \u00e9 atribu\u00eddo a coisas que s\u00e3o valiosas apenas como um meio para outra coisa. Tomemos como exemplo inicial o Campeonato Carioca.<\/p>\n\n\n\n<p>.<\/p>\n\n\n\n<p>O valor do Carioca \u00e9 intr\u00ednseco, n\u00e3o vale porra nenhuma e n\u00e3o leva a lugar algum. Mesmo quando o Flamengo o vence, e isso acontece quase todo ano, o Flamengo n\u00e3o cresce um mil\u00edmetro em sua estatura, n\u00e3o aumenta em sequer um grama o seu peso.<\/p>\n\n\n\n<p>.<\/p>\n\n\n\n<p>Com o Brasileiro a conversa \u00e9 outra. O acromeg\u00e1lico campeonato vale mesmo enquanto coisa, isto \u00e9, tem valor intr\u00ednseco, mas tamb\u00e9m \u00e9 um meio para se alcan\u00e7ar uma outra coisa, seja essa coisa a Copa Libertadores, a Sulamericana ou a perman\u00eancia na Primeira Divis\u00e3o. Al\u00e9m do mais, a \u00ednclita CBF ainda libera uma merrequinha pros vencedores a t\u00edtulo de premia\u00e7\u00e3o, fora a grana forte da TV e o prest\u00edgio e a tira\u00e7\u00e3o de onda que acompanham o t\u00edtulo de campe\u00e3o.<\/p>\n\n\n\n<p>.<\/p>\n\n\n\n<p>A trai\u00e7oeira, libertina, vol\u00favel e biscateira Libertadores da Am\u00e9rica \u00e9 um show de valor intr\u00ednseco e extr\u00ednseco. Confere prest\u00edgio, d\u00e1 dinheiro e ainda leva o seu vencedor a T\u00f3quio para cruzar os bigodes com os campe\u00f5es europeus em um jogo festivo. Como se fosse pouco, a Libertadores ainda possui o cond\u00e3o de fazer o piru crescer. Libertadores, intr\u00ednseca ou extrinsecamente, vale muito, vale muito.<\/p>\n\n\n\n<p>.<\/p>\n\n\n\n<p>No tempo em que a Copa do Brasil era conhecida como copinha do brasilzinho, a competi\u00e7\u00e3o era uma esp\u00e9cie de pr\u00eamio de consola\u00e7\u00e3o oferecido aos times que fossem incompetentes ao ponto de n\u00e3o conseguir terminar o Brasileiro em coloca\u00e7\u00e3o superior ao quarto lugar, o seu valor era exclusivamente extr\u00ednseco. A vaguinha na fase de grupos da Libertadores era uma justa recompensa pra quem aguentava passar por tamanha humilha\u00e7\u00e3o.<\/p>\n\n\n\n<p>.<\/p>\n\n\n\n<p>E seria assim at\u00e9 hoje se a for\u00e7a da grana que ergue e destr\u00f3i coisas belas n\u00e3o tivesse entrado nesse inqu\u00e9rito. Como o Campeonato Brasileiro virou a festa do caqui em termos de classifica\u00e7\u00e3o para a Libertadores, levando at\u00e9 oito equipes \u00e0 disputa do continental, a CBF abriu suas burras e deu uma bombada na premia\u00e7\u00e3o da Copa do Brasil.<\/p>\n\n\n\n<p>.<\/p>\n\n\n\n<p>Os participantes da Copa do Brasil n\u00e3o se humilham em campo apenas pela bela ta\u00e7a e por uma m\u00edsera vaga na Libertadores. Agora, al\u00e9m da vaga e da ta\u00e7a, s\u00e3o milh\u00f5es de dinheiros para os vencedores, uma bufunfa indecente que tem potencial pra acertar o caixa de 98% dos clubes brasileiros.<\/p>\n\n\n\n<p>.<\/p>\n\n\n\n<p>Malgrado a extrema boa vontade dos participantes desse debate, todos esses fatos quando colocados em perspectiva mais atrapalham do que ajudam a definir o valor das competi\u00e7\u00f5es. E o debate dos rubro-negros deriva naturalmente para uma an\u00e1lise do contexto em que se disputam as competi\u00e7\u00f5es.<\/p>\n\n\n\n<p>.<\/p>\n\n\n\n<p>Brasileiro nem se discute, \u00e9 obriga\u00e7\u00e3o. Com o aditivo de que ganhar o Brasileiro quando grande parte dos mano da enlouquecida e resultadista cr\u00f4nica esportiva paulistana j\u00e1 outorgou aos palmeirenses o t\u00edtulo de 2022, 15 rodadas antes do seu fim, ser\u00e1 uma das experi\u00eancias mais prazerosas do universo.<\/p>\n\n\n\n<p>.<\/p>\n\n\n\n<p>Por sua vez, a Libertadores n\u00e3o \u00e9 obriga\u00e7\u00e3o. Mesmo assim tem que ganhar, de prefer\u00eancia machucando o porco na final, pra ornamentar com justi\u00e7a po\u00e9tica e vingan\u00e7a neur\u00f3tica o nosso tricampeonato adiado por um ano inteiro.<\/p>\n\n\n\n<p>.<\/p>\n\n\n\n<p>Mas a Copa do Brasil, francamente, galera. N\u00e3o \u00e9 poss\u00edvel que o Flamengo n\u00e3o cumpra seu destino manifesto diante desses maluco do CAP pela quarta vez seguida. Se o pre\u00e7o da vingan\u00e7a sobre esses caras fosse a perder a Liberta e o Brasileiro, grande parte dos rubro-negros n\u00e3o hesitaria em pagar<\/p>\n\n\n\n<p>.<\/p>\n\n\n\n<p>Mesmo que esse alto pre\u00e7o implicasse em abandonar temporariamente o projeto Abra\u00e7ar o Mundo com as Pernas, o \u00fanico projeto poss\u00edvel para quem tem o tamanho do Flamengo, temos mais a ganhar desclassificando os paranaenses e encerrando a carreira de Felipe Scolari de maneira f\u00fanebre. Enfim acalmando os instintos reptilianos da torcida. &nbsp;Torcer, Lutar, ao Inimigo Massacrar. Ra\u00e7a Rubro-Negra!<\/p>\n\n\n\n<p>.<\/p>\n\n\n\n<p>Dane-se o valor das coisas! Foco total na Copa do Brasil. Como diziam meus camaradas do N.A.:  &#8211; S\u00f3 por hoje.<\/p>\n\n\n\n<p><strong>.<\/strong><\/p>\n\n\n\n<p><strong>Meng\u00e3o Sempre<\/strong><\/p>\n\n\n\n<p><strong>.<\/strong><\/p>\n\n\n\n<div class='button-row'>\n\t<a href='http:\/\/republicapazeamor.com.br\/site\/arthur-muhlenberg\/' class='button small-button \n\t\t\t \n\t\t\trounded-corners \n\t\t\torange-button text-uppercase' style=\"color: #ffffff; background-color: #000000; box-shadow: 0 0 0 3px #991b1b inset;\">\n\t\t\t\tSobre Arthur Muhlenberg\t<\/a>\n<\/div>\n\n\n\n<p><\/p>\n<!-- AddThis Advanced Settings generic via filter on the_content --><!-- AddThis Share Buttons generic via filter on the_content -->","protected":false},"excerpt":{"rendered":"<p>\u00c9 surpreendente a capacidade que o Flamengo possui para transmitir conhecimento e, sem for\u00e7ar a barra, alargar os horizontes mentais e a capacidade anal\u00edtica dos rubro-negros. Nem deveria ser motivo pra surpresa, j\u00e1 que o Flamengo, desde seu nascedouro, esteve sempre comprometido com os avan\u00e7os cient\u00edficos e sociais que aceleraram o desenvolvimento nacional na virada &#8230; <a class=\"read-more-link\" href=\"http:\/\/republicapazeamor.com.br\/site\/axiologia-flamenga\/\">Read More <i class=\"ico-946\"><\/i><\/a><\/p>\n","protected":false},"author":6,"featured_media":10892,"comment_status":"open","ping_status":"open","sticky":false,"template":"","format":"standard","meta":[],"categories":[125,107],"tags":[],"_links":{"self":[{"href":"http:\/\/republicapazeamor.com.br\/site\/wp-json\/wp\/v2\/posts\/10891"}],"collection":[{"href":"http:\/\/republicapazeamor.com.br\/site\/wp-json\/wp\/v2\/posts"}],"about":[{"href":"http:\/\/republicapazeamor.com.br\/site\/wp-json\/wp\/v2\/types\/post"}],"author":[{"embeddable":true,"href":"http:\/\/republicapazeamor.com.br\/site\/wp-json\/wp\/v2\/users\/6"}],"replies":[{"embeddable":true,"href":"http:\/\/republicapazeamor.com.br\/site\/wp-json\/wp\/v2\/comments?post=10891"}],"version-history":[{"count":8,"href":"http:\/\/republicapazeamor.com.br\/site\/wp-json\/wp\/v2\/posts\/10891\/revisions"}],"predecessor-version":[{"id":10900,"href":"http:\/\/republicapazeamor.com.br\/site\/wp-json\/wp\/v2\/posts\/10891\/revisions\/10900"}],"wp:featuredmedia":[{"embeddable":true,"href":"http:\/\/republicapazeamor.com.br\/site\/wp-json\/wp\/v2\/media\/10892"}],"wp:attachment":[{"href":"http:\/\/republicapazeamor.com.br\/site\/wp-json\/wp\/v2\/media?parent=10891"}],"wp:term":[{"taxonomy":"category","embeddable":true,"href":"http:\/\/republicapazeamor.com.br\/site\/wp-json\/wp\/v2\/categories?post=10891"},{"taxonomy":"post_tag","embeddable":true,"href":"http:\/\/republicapazeamor.com.br\/site\/wp-json\/wp\/v2\/tags?post=10891"}],"curies":[{"name":"wp","href":"https:\/\/api.w.org\/{rel}","templated":true}]}}