{"id":10532,"date":"2021-12-31T04:42:57","date_gmt":"2021-12-31T04:42:57","guid":{"rendered":"http:\/\/republicapazeamor.com.br\/site\/?p=10532"},"modified":"2021-12-31T15:57:39","modified_gmt":"2021-12-31T15:57:39","slug":"retrospectiva-flamenga-2021","status":"publish","type":"post","link":"http:\/\/republicapazeamor.com.br\/site\/retrospectiva-flamenga-2021\/","title":{"rendered":"Retrospectiva flamenga 2021"},"content":{"rendered":"\n<p><\/p>\n\n\n\n<div class=\"wp-block-columns\">\n<div class=\"wp-block-column\" style=\"flex-basis:100%\">\n<div class=\"wp-block-columns\">\n<div class=\"wp-block-column\" style=\"flex-basis:100%\">\n<div class=\"wp-block-columns\">\n<div class=\"wp-block-column\" style=\"flex-basis:100%\">\n<div class=\"wp-block-columns\">\n<div class=\"wp-block-column\" style=\"flex-basis:100%\">\n<p><strong>Janeiro, dia 1\u00ba<\/strong><br>Na noite de r\u00e9veillon, sob a sonzeira da banda Batuque Digital, o meia Diego Ribas cria uma simpatia: se joga de roupa e tudo na piscina em Angra, para dar sorte. Spoiler: n\u00e3o funcionar\u00e1. Apesar de tudo, o elenco do Flamengo celebra o Ano Novo feliz e unido \u2013 mas sem Rog\u00e9rio Ceni. #Sinais<\/p>\n<\/div>\n<\/div>\n<\/div>\n<\/div>\n\n\n\n<div class=\"wp-block-columns\">\n<div class=\"wp-block-column\" style=\"flex-basis:100%\">\n<div class=\"wp-block-columns\">\n<div class=\"wp-block-column\" style=\"flex-basis:100%\">\n<div class=\"wp-block-columns\">\n<div class=\"wp-block-column\" style=\"flex-basis:100%\">\n<p><strong>Janeiro, 6<\/strong><br>Ap\u00f3s bolar 217 treinos inovadores na madrugada, Ceni v\u00ea seu time ser derrotado no \u00faltimo lance no Fla-Flu, em partida pavorosa do Flamengo. O treinador alega que as jogadas fluiriam muito melhor se o cl\u00e1ssico fosse disputado \u00e0s tr\u00eas e meia da madruga. Os torcedores come\u00e7am a torcer o nariz \u2013 deles, n\u00e3o o de Ceni que daria m\u00f3 trabalho.<\/p>\n<\/div>\n<\/div>\n<\/div>\n<\/div>\n<\/div>\n<\/div>\n\n\n\n<div class=\"wp-block-columns\">\n<div class=\"wp-block-column\" style=\"flex-basis:100%\">\n<div class=\"wp-block-columns\">\n<div class=\"wp-block-column\" style=\"flex-basis:100%\">\n<div class=\"wp-block-columns\">\n<div class=\"wp-block-column\" style=\"flex-basis:100%\">\n<p><strong>Janeiro, 10<\/strong><br>O Flamengo perde outra no Maraca, agora por 2 a 0 para a pot\u00eancia Cear\u00e1. O time se v\u00ea a sete pontos do l\u00edder S\u00e3o Paulo, na quarta coloca\u00e7\u00e3o do Brasileiro. Nem os mais otimistas creem no octa. Os loucos, por\u00e9m, e os que sacam tudo de Flamengo j\u00e1 come\u00e7am a esfregar as m\u00e3os, com olhar sat\u00e2nico: \u201cMuahaha, t\u00e1 no papo\u201d. No interior do Brasil, uma capivara come sua grama fresquinha despreocupada, sem sequer desconfiar de que modo ela vai entrar de modo fulminante e tr\u00e1gico nesta hist\u00f3ria.<\/p>\n<\/div>\n<\/div>\n<\/div>\n<\/div>\n\n\n\n<p><\/p>\n<\/div>\n<\/div>\n\n\n\n<div class=\"wp-block-columns\">\n<div class=\"wp-block-column\" style=\"flex-basis:100%\">\n<div class=\"wp-block-columns\">\n<div class=\"wp-block-column\" style=\"flex-basis:100%\">\n<div class=\"wp-block-columns\">\n<div class=\"wp-block-column\" style=\"flex-basis:100%\">\n<p><strong>Janeiro, 22<\/strong><br>Em Bras\u00edlia, time e diretoria se espantam com a presen\u00e7a de um abobalhado que insistiu para ver o treino. Ap\u00f3s fotos com o presidente da Rep\u00fablica, tentam sem sucesso abafar a ocorr\u00eancia. Ser\u00e1 que a visita do gato-preto vai dar aquela energia boa para o resto da temporada? Fa\u00e7am suas apostas.<\/p>\n<\/div>\n<\/div>\n<\/div>\n<\/div>\n<\/div>\n<\/div>\n\n\n\n<div class=\"wp-block-columns\">\n<div class=\"wp-block-column\" style=\"flex-basis:100%\">\n<div class=\"wp-block-columns\">\n<div class=\"wp-block-column\" style=\"flex-basis:100%\">\n<p><strong>Janeiro, 23<\/strong><br>O Flamengo celebra cem anos da escolha de seu primeiro treinador de futebol: em 1921, ap\u00f3s anos de um \u201ccomit\u00ea de campo\u201d, o clube contrata o uruguaio Ram\u00f3n Platero, de Montevid\u00e9u (guarde esta localiza\u00e7\u00e3o, voltaremos a ela). Com sua boininha, Platero faz sua estreia nessa data, na rua Paissandu, no amistoso Flamengo 0 x 1 Andara\u00ed. Jogo t\u00e3o antigo que nem Don-Don jogava no Andara\u00ed: o goleador brilhou por l\u00e1 depois, de 1932 a 1938. Platero era t\u00e3o sinistro que chegou a treinar Fla e Vasco ao mesmo tempo \u2013 o rubro-negro na primeira divis\u00e3o e o Vasco na segundona do Carioca. Est\u00e1 na Hist\u00f3ria, tenho nada com isso. Em tempo: Platero durou nove partidas, antecipando tend\u00eancias.<\/p>\n<\/div>\n<\/div>\n<\/div>\n<\/div>\n\n\n\n<div class=\"wp-block-columns\">\n<div class=\"wp-block-column\" style=\"flex-basis:100%\">\n<div class=\"wp-block-columns\">\n<div class=\"wp-block-column\" style=\"flex-basis:100%\">\n<p><strong>Fevereiro, 14<\/strong><br>Da lama ao t\u00edtulo, o Flamengo espanta a crise e come\u00e7a a enfileirar geral: o Goi\u00e1s, o Palmeiras, o Gr\u00eamio do Renato (guarde este nome etc), Sport, Vasco e o Corinthians.<\/p>\n<\/div>\n<\/div>\n<\/div>\n<\/div>\n\n\n\n<div class=\"wp-block-columns\">\n<div class=\"wp-block-column\" style=\"flex-basis:100%\">\n<div class=\"wp-block-columns\">\n<div class=\"wp-block-column\" style=\"flex-basis:100%\">\n<p><strong>Fevereiro, 22<\/strong><br>O S\u00e3o Paulo bufa na farofa. Sobra o Internacional, que vacila e perde jogo ganho para o Sport no Beira-Rio. O portal m\u00e1gico para o octa parece aberto e luminoso, mas o Flamengo precisa vencer o Colorado no Maraca. Arthur Muhlenberg, em seu livro \u201cJ\u00e1 virou octanagem\u201d, comenta o pr\u00e9lio (n\u00e3o comprou ainda, n\u00e9 vagabundo?). Vai um aperitivo: \u201cArrascaeta, cara gente fina e amistoso, mostrou como um pequeno recipiente \u00e9 capaz de guardar rancor por tanto tempo. No caso, rancor pelo Abel, que em sua funesta passagem pelo Flamengo deixava o espetaculoso uruguaio no banco. Arrasca ent\u00e3o dominou o couro na meia-esquerda do ataque e enfiou uma bola, e que bola, milim\u00e9trica pro Gabigol tocar com suavidade e precis\u00e3o no canto do amigo Lomba e virar a parada toda\u201d.<\/p>\n<\/div>\n<\/div>\n<\/div>\n<\/div>\n\n\n\n<div class=\"wp-block-columns\">\n<div class=\"wp-block-column\" style=\"flex-basis:100%\">\n<div class=\"wp-block-columns\">\n<div class=\"wp-block-column\" style=\"flex-basis:100%\">\n<div class=\"wp-block-columns\">\n<div class=\"wp-block-column\" style=\"flex-basis:100%\">\n<p><strong>Fevereiro, 25<\/strong><br>A festa est\u00e1 armada. Mas, que dureza, Ceni toma um n\u00f3 t\u00e1tico do auxiliar s\u00e3o-paulino Marcos Vizolli, ap\u00f3s Diniz ser demitido. Nos \u00fanicos dois chutes a gol do tricolor, gols de Luciano e Pablo. O her\u00f3i da noite, por\u00e9m, \u00e9 o goleiro C\u00e1ssio do Corinthians, que parece incorporado por Amado, Z\u00e9 Carlos e Jurandir, ao mesmo tempo, e cata tudo no Beira-Rio para ferrar o Inter de Abel. Meng\u00e3o octacampe\u00e3o. Os Ab\u00e9is, contudo, ainda preparariam uma vingan\u00e7a.<\/p>\n<\/div>\n<\/div>\n<\/div>\n<\/div>\n<\/div>\n<\/div>\n\n\n\n<div class=\"wp-block-columns\">\n<div class=\"wp-block-column\" style=\"flex-basis:100%\">\n<div class=\"wp-block-columns\">\n<div class=\"wp-block-column\" style=\"flex-basis:100%\">\n<p><strong>Mar\u00e7o, 2<\/strong><br>O Flamengo come\u00e7a o Carioca com a garotada, comandado por Mauricio de Souza. Guarde este sobrenome, que ser\u00e1 muito falado em dezembro.<\/p>\n<\/div>\n<\/div>\n<\/div>\n<\/div>\n\n\n\n<div class=\"wp-block-columns\">\n<div class=\"wp-block-column\" style=\"flex-basis:100%\">\n<div class=\"wp-block-columns\">\n<div class=\"wp-block-column\" style=\"flex-basis:100%\">\n<div class=\"wp-block-columns\">\n<div class=\"wp-block-column\" style=\"flex-basis:100%\">\n<p><strong>Mar\u00e7o, 14<\/strong><br>De f\u00e9rias, Gabigol fica cheio de fome e vai a um cassino clandestino. Pede um p\u00e3o na chapa para o crupi\u00ea, que n\u00e3o entende nada. De repente, entram o Alexandre Frota e outras <em>ot\u00f4ridades<\/em>, num bafaf\u00e1 tremendo.<\/p>\n<\/div>\n<\/div>\n<\/div>\n<\/div>\n\n\n\n<p><\/p>\n<\/div>\n<\/div>\n\n\n\n<div class=\"wp-block-columns\">\n<div class=\"wp-block-column\" style=\"flex-basis:100%\">\n<div class=\"wp-block-columns\">\n<div class=\"wp-block-column\" style=\"flex-basis:100%\">\n<div class=\"wp-block-columns\">\n<div class=\"wp-block-column\" style=\"flex-basis:100%\">\n<div class=\"wp-block-columns\">\n<div class=\"wp-block-column\" style=\"flex-basis:100%\">\n<p><strong>Abril, 11<\/strong><br>Pelad\u00e3o divertido na decis\u00e3o da Supercopa. Dois a dois contra o Palmeiras, e na disputa dos penais o Flamengo desperdi\u00e7a quase todos. Diego Alves brilha, cata uns tr\u00eas seguidos e o Flamengo \u00e9 campe\u00e3o mais uma vez contra o Palmeiras, que fica magoadinho e cheio de rancor.<\/p>\n<\/div>\n<\/div>\n<\/div>\n<\/div>\n<\/div>\n<\/div>\n<\/div>\n<\/div>\n<\/div>\n<\/div>\n\n\n\n<div class=\"wp-block-image\"><figure class=\"aligncenter size-full\"><a href=\"http:\/\/republicapazeamor.com.br\/site\/wp-content\/uploads\/2021\/12\/gabigol-e-conduzido-pela-policia-apos-ser-flagrado-em-cassino-clandestino-1615725602127_v2_450x337.jpg\"><img loading=\"lazy\" width=\"450\" height=\"337\" src=\"http:\/\/republicapazeamor.com.br\/site\/wp-content\/uploads\/2021\/12\/gabigol-e-conduzido-pela-policia-apos-ser-flagrado-em-cassino-clandestino-1615725602127_v2_450x337.jpg\" alt=\"\" class=\"wp-image-10534\" srcset=\"http:\/\/republicapazeamor.com.br\/site\/wp-content\/uploads\/2021\/12\/gabigol-e-conduzido-pela-policia-apos-ser-flagrado-em-cassino-clandestino-1615725602127_v2_450x337.jpg 450w, http:\/\/republicapazeamor.com.br\/site\/wp-content\/uploads\/2021\/12\/gabigol-e-conduzido-pela-policia-apos-ser-flagrado-em-cassino-clandestino-1615725602127_v2_450x337-300x225.jpg 300w\" sizes=\"(max-width: 450px) 100vw, 450px\" \/><\/a><\/figure><\/div>\n\n\n\n<div class=\"wp-block-columns\">\n<div class=\"wp-block-column\" style=\"flex-basis:100%\">\n<div class=\"wp-block-columns\">\n<div class=\"wp-block-column\" style=\"flex-basis:100%\">\n<div class=\"wp-block-columns\">\n<div class=\"wp-block-column\" style=\"flex-basis:100%\">\n<p><strong>Maio, 22<\/strong><br>A poucos dias da estreia na Libertadores, no Brasileiro e na terceira fase da Copa do Brasil, o Flamengo \u00e9 obrigado a vencer mais um Carioca, com o p\u00e9 nas costas, em dois jogos finais contra o Fluminense. #Bocejos<\/p>\n<\/div>\n<\/div>\n<\/div>\n<\/div>\n<\/div>\n<\/div>\n\n\n\n<div class=\"wp-block-columns\">\n<div class=\"wp-block-column\" style=\"flex-basis:100%\">\n<div class=\"wp-block-columns\">\n<div class=\"wp-block-column\" style=\"flex-basis:100%\">\n<div class=\"wp-block-columns\">\n<div class=\"wp-block-column\" style=\"flex-basis:100%\">\n<p><strong>Junho, 1\u00ba<\/strong><br>Um tro\u00e7o inacredit\u00e1vel acontece: no sorteio das oitavas da Libertadores, o Flamengo se d\u00e1 bem e pega um bando de rivais camisas-murchas no caminho at\u00e9 a final. &#8220;Comes feito um pinto, cagas feito um elefante!&#8221;, diria um s\u00e1bio. Pencas de torcedores enlouquecem e j\u00e1 compram passagens para a final do torneio, no Uruguai.<\/p>\n<\/div>\n<\/div>\n<\/div>\n<\/div>\n\n\n\n<p><\/p>\n<\/div>\n<\/div>\n\n\n\n<div class=\"wp-block-columns\">\n<div class=\"wp-block-column\" style=\"flex-basis:100%\">\n<div class=\"wp-block-columns\">\n<div class=\"wp-block-column\" style=\"flex-basis:100%\">\n<div class=\"wp-block-columns\">\n<div class=\"wp-block-column\" style=\"flex-basis:100%\">\n<p><strong>Junho, 5<\/strong><br>Flamengo vende Gerson, o Rei de Wakanda, para o futebol franc\u00eas. Clube tamb\u00e9m encaminha Rodrigo Muniz para o futebol ingl\u00eas. Ser\u00e1 que os novos refor\u00e7os v\u00e3o entregar o que prometem? Ah, v\u00e3o. E bota entregar nisso.<\/p>\n<\/div>\n<\/div>\n<\/div>\n<\/div>\n<\/div>\n<\/div>\n\n\n\n<div class=\"wp-block-columns\">\n<div class=\"wp-block-column\" style=\"flex-basis:100%\">\n<p><strong>Junho, 27<\/strong><br>O Flamengo perde para Bragantino e Juventude. A batata de Rog\u00e9rio Ceni come\u00e7a a ser temperada. Sssss\u2026<\/p>\n<\/div>\n<\/div>\n\n\n\n<div class=\"wp-block-columns\">\n<div class=\"wp-block-column\" style=\"flex-basis:100%\">\n<p><strong>Julho, 10<\/strong><br>A opera\u00e7\u00e3o vaza-\u00e1udio derruba Ceni durante a madrugada. Uma s\u00e9rie de \u00e1udios ap\u00f3crifos, al\u00e9m da derrota para o Galo de Cuca em Belo Horizonte, contribui para a demiss\u00e3o. Um dos \u00e1udios diz: \u201c\u00d4 Seu Armando\u2026 Voc\u00ea acha que vou sair de Belford Roxo com \u00e1gua no joelho para ir para Botafogo encher saco de farinha, seu arrombado?\u201d.<\/p>\n<\/div>\n<\/div>\n\n\n\n<div class=\"wp-block-columns\">\n<div class=\"wp-block-column\" style=\"flex-basis:100%\">\n<p><strong>Julho, 10<\/strong><br>Num dos acertos mais esculhambados da hist\u00f3ria do Flamengo, Renato Ga\u00facho sai da praia, limpa o p\u00e9 e assina com seu ex-clube no bar da frente. A massa vai ao del\u00edrio, os grupos do zap s\u00e3o inundados com piadas imbecis com a Carol, o vesti\u00e1rio se torna leve e o Rio volta a sorrir.<\/p>\n<\/div>\n<\/div>\n\n\n\n<div class=\"wp-block-columns\">\n<div class=\"wp-block-column\" style=\"flex-basis:100%\">\n<p><strong>Julho, 11<\/strong><br>Micha, o atacante mais chapliniano do futebol brasileiro desde Garrincha, marca o gol mais bonito do Campeonato Brasileiro, na vit\u00f3ria magra em cima da Chape, no Maraca.<\/p>\n<\/div>\n<\/div>\n\n\n\n<div class=\"wp-block-columns\">\n<div class=\"wp-block-column\" style=\"flex-basis:100%\">\n<p><strong>Julho, 21<\/strong><br>Meu anivers\u00e1rio, ganho de presente um blus\u00e3o de bot\u00e3o irado. Ah \u00e9, teve mais: ap\u00f3s 500 dias de pandemia, a torcida flamenga retorna aos est\u00e1dios, em Bras\u00edlia. No segundo jogo das oitavas, Flamengo 4 a 1 no Defensa y Justicia. Obrigado pela lembran\u00e7a, Flamengo, n\u00e3o precisava.<\/p>\n<\/div>\n<\/div>\n\n\n\n<div class=\"wp-block-columns\">\n<div class=\"wp-block-column\" style=\"flex-basis:100%\">\n<p><strong>Agosto, 1\u00ba<\/strong><br>Rebeca Andrade, do Brasiiiiil! #ouro<\/p>\n<\/div>\n<\/div>\n\n\n\n<div class=\"wp-block-columns\">\n<div class=\"wp-block-column\" style=\"flex-basis:100%\">\n<div class=\"wp-block-columns\">\n<div class=\"wp-block-column\" style=\"flex-basis:100%\">\n<div class=\"wp-block-columns\">\n<div class=\"wp-block-column\" style=\"flex-basis:100%\">\n<p><strong>Agosto, 5<\/strong><br>Nos corredores da CBF, todos comentam que Tite come\u00e7ou a ser fritado. O substituto j\u00e1 at\u00e9 foi escolhido pelos cartolas: Renato Portaluppi. Basta que ele ven\u00e7a os tr\u00eas t\u00edtulos que disputa pelo Flamengo, ou v\u00e1 l\u00e1, apenas um ou dois. Molezinha!<\/p>\n<\/div>\n<\/div>\n<\/div>\n<\/div>\n<\/div>\n<\/div>\n\n\n\n<div class=\"wp-block-columns\">\n<div class=\"wp-block-column\" style=\"flex-basis:100%\">\n<p><strong>Agosto, 18<\/strong><br>Irreconhec\u00edvel, o Flamengo elimina o Olimpia por 9 a 2 no placar agregado, e est\u00e1 novamente numa semifinal de Libertadores. Que torcida \u00e9 essaaa, \u00f4 \u00f4 \u00f4\u2026<\/p>\n<\/div>\n<\/div>\n\n\n\n<div class=\"wp-block-columns\">\n<div class=\"wp-block-column\" style=\"flex-basis:100%\">\n<div class=\"wp-block-columns\">\n<div class=\"wp-block-column\" style=\"flex-basis:100%\">\n<p><strong>Setembro, 12<\/strong><br>Pelo Brasileiro, o Flamengo de Renato humilha o Palmeiras em S\u00e3o Paulo, por 3 a 1. Vai vendo\u2026<\/p>\n<\/div>\n<\/div>\n<\/div>\n<\/div>\n\n\n\n<div class=\"wp-block-columns\">\n<div class=\"wp-block-column\" style=\"flex-basis:100%\">\n<p><strong>Setembro, 15<\/strong><br>Flamengo espanca o Gr\u00eamio sem d\u00f3, agora pela Copa do Brasil. Das cadeiras, torcedores cru\u00e9is come\u00e7am a xingar o Rafinha. O lateral mostra ent\u00e3o a ta\u00e7a tatuada aos desbocados, que repicam: \u201cP\u00f4, nossa tarefa aqui \u00e9 te xingar, n\u00e9? Mal, fera!\u201d<\/p>\n<\/div>\n<\/div>\n\n\n\n<div class=\"wp-block-columns\">\n<div class=\"wp-block-column\" style=\"flex-basis:100%\">\n<p><strong>Outubro, 27<\/strong><br>Com s\u00e9rios e crescentes problemas t\u00e1ticos, f\u00edsicos (#ForaTannure) e mentais, o time desanda a perder pontos e partidas em todos os torneios. Aqueles mesmos flamengos que compraram pacotes para o Uruguai no in\u00edcio de junho come\u00e7am a cancelar tudo, apavorados.<\/p>\n<\/div>\n<\/div>\n\n\n\n<div class=\"wp-block-columns\">\n<div class=\"wp-block-column\" style=\"flex-basis:100%\">\n<p><strong>Novembro, 7<\/strong><br>Botafogo e Atl\u00e9tico-MG disparam em seus respectivos campeonatos, fazendo muita gente temer algum cataclismo ou profecia de Nostradamus. \u00c1rbitros desandam a marcar penais para o Galo em profus\u00e3o:<br><em>\u2013&nbsp;Peral\u00e1, seu juiz!<br>\u2013 J\u00e1 apitei. Ele caiu e n\u00e3o foi sozinho.<br>\u2013&nbsp;Seu juiz, ele \u00e9 o gandula!<\/em><\/p>\n<\/div>\n<\/div>\n\n\n\n<div class=\"wp-block-columns\">\n<div class=\"wp-block-column\" style=\"flex-basis:100%\">\n<p><strong>Novembro, 24 (por a\u00ed)<\/strong><br>Milhares de torcedores rumam a Montevid\u00e9u de \u00f4nibus, avi\u00f5es, bicicletas e cip\u00f3s. Dois deles, a caminho da capital uruguaia, tomam o maior susto da vida: no meio da estrada, numa boa, veem de repente surgir uma capivara na pista. O carro colide, destru\u00eddo e d\u00e1 perda-total. Os amigos sofrem leves escoria\u00e7\u00f5es e v\u00e3o para o jogo.<\/p>\n<\/div>\n<\/div>\n\n\n\n<div class=\"wp-block-columns\">\n<div class=\"wp-block-column\" style=\"flex-basis:100%\">\n<div class=\"wp-block-columns\">\n<div class=\"wp-block-column\" style=\"flex-basis:100%\">\n<div class=\"wp-block-columns\">\n<div class=\"wp-block-column\" style=\"flex-basis:100%\">\n<p><strong>Novembro, 26<\/strong><br>Abel Ferreira ser\u00e1 a nossa capivara.<\/p>\n<\/div>\n<\/div>\n<\/div>\n<\/div>\n<\/div>\n<\/div>\n\n\n\n<div class=\"wp-block-columns\">\n<div class=\"wp-block-column\" style=\"flex-basis:100%\">\n<p><strong>Novembro, 27<\/strong><br>Desmorona uma ponte de gelo no Himalaia. No mesmo instante, ao receber bola f\u00e1cil no est\u00e1dio Centen\u00e1rio, Andreas Hugo Hoelgebaum Pereira sente uma leve inquieta\u00e7\u00e3o, como se alguma coisa fosse alterar completamente sua vida. N\u00e3o h\u00e1, que se saiba, qualquer liga\u00e7\u00e3o entre os dois fatos.<\/p>\n<\/div>\n<\/div>\n\n\n\n<div class=\"wp-block-columns\">\n<div class=\"wp-block-column\" style=\"flex-basis:100%\">\n<p><strong>Dezembro, 18<\/strong><br>O dirigente Marcos Braz viaja a Portugal com duas miss\u00f5es: contratar um t\u00e9cnico do primeiro time europeu, de prefer\u00eancia Jorge Jesus, e trazer Nivinha de volta ao seio da na\u00e7\u00e3o rubro-negra. Falha clamorosamente em pelo menos uma delas.<\/p>\n<\/div>\n<\/div>\n\n\n\n<div class=\"wp-block-columns\">\n<div class=\"wp-block-column\" style=\"flex-basis:100%\">\n<p><strong>Dezembro, 26<\/strong><br>Diretoria do Fla enfim acerta uma. S\u00f3 ap\u00f3s o Natal, para evitar confus\u00f5es entre parentes, Flamengo assina na surdina com Paulo Sousa, velho craque e filh\u00e3o de dona Maria Madalena. Os grupos de zap se transformam numa barafunda entre Jesu\u00edtas e Sousistas, sem falar nos enfurecidos poloneses. Enquanto isso eu fico botando pilha e rindo bagarai.<\/p>\n<\/div>\n<\/div>\n\n\n\n<div class=\"wp-block-columns\">\n<div class=\"wp-block-column\" style=\"flex-basis:100%\">\n<p><strong>Dezembro, 29<\/strong><br>Cem anos ap\u00f3s o seu primeiro treinador, o C.R. Flamengo anuncia oficialmente Paulo Sousa como o 94\u00ba t\u00e9cnico de sua hist\u00f3ria, fora os interinos. Que seja um trabalho s\u00f3lido e duradouro.<\/p>\n<\/div>\n<\/div>\n\n\n\n<div class=\"wp-block-columns\">\n<div class=\"wp-block-column\" style=\"flex-basis:100%\">\n<div class=\"wp-block-columns\">\n<div class=\"wp-block-column\" style=\"flex-basis:100%\">\n<p><strong>Dezembro, 31<\/strong><br>Boas festas, Na\u00e7\u00e3o.<\/p>\n<\/div>\n<\/div>\n<\/div>\n<\/div>\n<\/div>\n<\/div>\n\n\n\n<figure class=\"wp-block-image size-full\"><a href=\"http:\/\/republicapazeamor.com.br\/site\/wp-content\/uploads\/2021\/12\/rebeca-andrade-flamengo-mundial-brasil-ginastica-ouro-prata.jpg\"><img loading=\"lazy\" width=\"759\" height=\"430\" src=\"http:\/\/republicapazeamor.com.br\/site\/wp-content\/uploads\/2021\/12\/rebeca-andrade-flamengo-mundial-brasil-ginastica-ouro-prata.jpg\" alt=\"\" class=\"wp-image-10539\" srcset=\"http:\/\/republicapazeamor.com.br\/site\/wp-content\/uploads\/2021\/12\/rebeca-andrade-flamengo-mundial-brasil-ginastica-ouro-prata.jpg 759w, http:\/\/republicapazeamor.com.br\/site\/wp-content\/uploads\/2021\/12\/rebeca-andrade-flamengo-mundial-brasil-ginastica-ouro-prata-300x170.jpg 300w\" sizes=\"(max-width: 759px) 100vw, 759px\" \/><\/a><\/figure>\n<!-- AddThis Advanced Settings generic via filter on the_content --><!-- AddThis Share Buttons generic via filter on the_content -->","protected":false},"excerpt":{"rendered":"<p>Janeiro, dia 1\u00baNa noite de r\u00e9veillon, sob a sonzeira da banda Batuque Digital, o meia Diego Ribas cria uma simpatia: se joga de roupa e tudo na piscina em Angra, para dar sorte. Spoiler: n\u00e3o funcionar\u00e1. Apesar de tudo, o elenco do Flamengo celebra o Ano Novo feliz e unido \u2013 mas sem Rog\u00e9rio Ceni. &#8230; <a class=\"read-more-link\" href=\"http:\/\/republicapazeamor.com.br\/site\/retrospectiva-flamenga-2021\/\">Read More <i class=\"ico-946\"><\/i><\/a><\/p>\n","protected":false},"author":8,"featured_media":10533,"comment_status":"open","ping_status":"open","sticky":false,"template":"","format":"standard","meta":[],"categories":[119,120,38,115],"tags":[],"_links":{"self":[{"href":"http:\/\/republicapazeamor.com.br\/site\/wp-json\/wp\/v2\/posts\/10532"}],"collection":[{"href":"http:\/\/republicapazeamor.com.br\/site\/wp-json\/wp\/v2\/posts"}],"about":[{"href":"http:\/\/republicapazeamor.com.br\/site\/wp-json\/wp\/v2\/types\/post"}],"author":[{"embeddable":true,"href":"http:\/\/republicapazeamor.com.br\/site\/wp-json\/wp\/v2\/users\/8"}],"replies":[{"embeddable":true,"href":"http:\/\/republicapazeamor.com.br\/site\/wp-json\/wp\/v2\/comments?post=10532"}],"version-history":[{"count":11,"href":"http:\/\/republicapazeamor.com.br\/site\/wp-json\/wp\/v2\/posts\/10532\/revisions"}],"predecessor-version":[{"id":10550,"href":"http:\/\/republicapazeamor.com.br\/site\/wp-json\/wp\/v2\/posts\/10532\/revisions\/10550"}],"wp:featuredmedia":[{"embeddable":true,"href":"http:\/\/republicapazeamor.com.br\/site\/wp-json\/wp\/v2\/media\/10533"}],"wp:attachment":[{"href":"http:\/\/republicapazeamor.com.br\/site\/wp-json\/wp\/v2\/media?parent=10532"}],"wp:term":[{"taxonomy":"category","embeddable":true,"href":"http:\/\/republicapazeamor.com.br\/site\/wp-json\/wp\/v2\/categories?post=10532"},{"taxonomy":"post_tag","embeddable":true,"href":"http:\/\/republicapazeamor.com.br\/site\/wp-json\/wp\/v2\/tags?post=10532"}],"curies":[{"name":"wp","href":"https:\/\/api.w.org\/{rel}","templated":true}]}}