{"id":10322,"date":"2021-11-20T08:25:04","date_gmt":"2021-11-20T08:25:04","guid":{"rendered":"http:\/\/republicapazeamor.com.br\/site\/?p=10322"},"modified":"2021-11-20T21:10:19","modified_gmt":"2021-11-20T21:10:19","slug":"dia-da-inconsciencia-rubro-negra-2","status":"publish","type":"post","link":"http:\/\/republicapazeamor.com.br\/site\/dia-da-inconsciencia-rubro-negra-2\/","title":{"rendered":"Dia da Inconsci\u00eancia Rubro-Negra"},"content":{"rendered":"\n<p class=\"has-drop-cap\">Hoje s\u00f3 falta uma semana pro grande jogo de 2021. A grande final da Libertadores, cujos 90 minutos finais no gramado do Centen\u00e1rio ser\u00e3o apenas o grande complemento de uma campanha que come\u00e7ou em Buenos Aires com um improv\u00e1vel 3&#215;2 no Velez Sarsfield e vem sendo jogada diariamente pela torcida desde abril.<\/p>\n\n\n\n<p>.<\/p>\n\n\n\n<p>Foram sete meses em que os humores da Magn\u00e9tica oscilaram violentamente. Ficamos putos com o Ceni, aliviados com a sua sa\u00edda, assustados com a chegada de Renato, sofremos com o complexo de superioridade provocado pelos inacredit\u00e1veis resultados nos mata-mata, nos decepcionamos com a queda de qualidade no Brasileiro e, desde a vit\u00f3ria sobre o Bahia, come\u00e7amos a nos empolgar outra vez. Justamente quando o Flamengo mais precisa da nossa empolga\u00e7\u00e3o e da nossa confian\u00e7a em volume m\u00e1ximo.<\/p>\n\n\n\n<p>.<\/p>\n\n\n\n<p>Na quarta-feira, na vit\u00f3ria conquistada no \u00faltimo minuto contra o Corinthians no Maracan\u00e3, a torcida rubro-negra tomou a dose de refor\u00e7o de confian\u00e7a que lhe faltava. Ou podemos dizer que a torcida aplicou a dose de refor\u00e7o de confian\u00e7a que faltava ao time. Depende do referencial, mas a ordem dos fatores n\u00e3o altera o produto. Que \u00e9 uma torcida ensandecida e um time com a moral l\u00e1 no alto. Exatamente o que o Flamengo precisava pra viajar numa boa pra ser TRI da Am\u00e9rica.<\/p>\n\n\n\n<p>.<\/p>\n\n\n\n<p>E pro Flamengo viajar numa boa rumo \u00e0s terras estranhas e hostis nada melhor que a escolta de multid\u00f5es bem vestidas cheias de amor pra dar. Multid\u00f5es de rubro-negros da sua melhor estirpe, em sua maioria aqueles rubro-negros que as gest\u00f5es profissionais e os pre\u00e7os de mercado, caracter\u00edsticas <em>de rigueur<\/em> no futebol business importado sem as devidas adapta\u00e7\u00f5es \u00e0 realidade econ\u00f4mica do pa\u00eds, afastaram fisicamente dos est\u00e1dios.<\/p>\n\n\n\n<p>.<\/p>\n\n\n\n<p>Mas esses rubro-negros, que s\u00e3o quase t\u00e3o f\u00e3s do Flamengo quanto s\u00e3o de si mesmos, encontraram v\u00e1rias maneiras de furar esse teto de gastos artificial. Como mestres da arte do encontro os mulambos d\u00e3o seus pulos e sem gastar um m\u00edsero real reproduzem nos mais inusitados locais a mesma atmosfera e a mesma vibra\u00e7\u00e3o do cimento armado da arquibancada ou da geral mais raiz.<\/p>\n\n\n\n<p>.<\/p>\n\n\n\n<p>O AeroFla nasceu em 2016, quando o Flamengo jogou 80% do Brasileiro fora do Rio, pra matar a saudade que a torcida sentia dela mesma. E como tudo que \u00e9 tocado pelas m\u00e3os da torcida do Flamengo, o AeroFla floresceu e evoluiu. Tanto em forma quanto em conte\u00fado. Hoje se tornou um evento de ostenta\u00e7\u00e3o esportiva, um luxo reservado para quem \u00e9 fechado com o certo.<\/p>\n\n\n\n<p>.<\/p>\n\n\n\n<p>E se existe uma tradi\u00e7\u00e3o que merece ser consolidada o quanto antes \u00e9 essa prociss\u00e3o ecum\u00eanica que conduz o time do Flamengo \u00e0s finais da Libertadores. Em 1981 era tudo mais espont\u00e2neo e n\u00e3o existiam as redes sociais para convocar as massas, contratempo que foi contornado em 2019 e brilhantemente bisado na \u00faltima sexta-feira quando o Flamengo partiu para os dois jogos no Uruguai do Norte que precedem a grande final do continente.<\/p>\n\n\n\n<p>.<\/p>\n\n\n\n<p>As imagens do belo povo mulambo em movimento, quase carregando o \u00f4nibus do Flamengo nos ombros, fazendo de um translado banal uma epopeia \u00e9pica e grandiosa, evocam o C\u00edrio de Nazar\u00e9. Um C\u00edrio de Nazar\u00e9 profano, mais divertido e com um figurinista muito melhor. O AeroFla \u00e9, acima de tudo, uma demonstra\u00e7\u00e3o de for\u00e7a, confian\u00e7a e dom\u00ednio dos cora\u00e7\u00f5es e mentes em toda a Na\u00e7\u00e3o que apavora os advers\u00e1rios, antipatizantes e detratores em geral.<\/p>\n\n\n\n<p>.<\/p>\n\n\n\n<p>A reprodu\u00e7\u00e3o desenfreada das imagens do AeroFla em todos os meios de comunica\u00e7\u00e3o durante toda sua dura\u00e7\u00e3o deixou a arcoirizada desesperada, em p\u00e2nico impotente. Houve at\u00e9 quem tomado por forte emo\u00e7\u00e3o, e pelo evidente caga\u00e7o pelo que est\u00e1 por vir, falasse em selvageria, expondo publicamente seus mais rec\u00f4nditos desbrios. &nbsp;<\/p>\n\n\n\n<p>.<\/p>\n\n\n\n<p>Como se desde o s\u00e9culo XVI Rosseau, Tomas Morus, Erasmo de Rotterdam e Hobbes n\u00e3o tenham deixado muito bem esclarecidas as caracter\u00edsticas humanas e morais superiores relacionadas ao estereotipo do bom selvagem n\u00e3o corrompido pelo processo civilizat\u00f3rio.<\/p>\n\n\n\n<p>.<\/p>\n\n\n\n<p>Rubro-negros s\u00e3o selvagens, sim, n\u00e3o d\u00e1 pra negar. Mas s\u00e3o bons selvagens, absolutamente conscientes do seu poder para anular os preconceitos, subverter as estruturas e modificar a sociedade para melhor. Como nos ensina a cultura zulu, o Flamengo e seu AeroFla s\u00e3o Ubuntu \u2013 que significa eu sou porque n\u00f3s somos.<\/p>\n\n\n\n<p>.<\/p>\n\n\n\n<p>O Flamengo \u00e9 Ubuntu porque n\u00f3s somos selvagens, indom\u00e1veis, an\u00e1rquicos e livres. E empolgados com a aparente conspira\u00e7\u00e3o universal para que essa terceira Libertadores voe direto do Uruguai para a nossa magnifica sala de trof\u00e9us lacustre na G\u00e1vea.<\/p>\n\n\n\n<p>.<\/p>\n\n\n\n<p>Mesmo sendo selvagens n\u00e3o apoiamos a supersti\u00e7\u00e3o, mas mantemos o dever c\u00edvico de preservar as tradi\u00e7\u00f5es. \u00c0 exemplo da trajet\u00f3ria m\u00edtica rumo \u00e0 final da Libertadores de 2019, jogaremos com os castelhanos do Inter, depois pegamos os chimangos gremistas e por fim a grande final. Se melhorar estraga.<\/p>\n\n\n\n<p>.<\/p>\n\n\n\n<p>Rumo ao TRI.<\/p>\n\n\n\n<p>.<\/p>\n\n\n\n<p><\/p>\n\n\n\n<p><strong>Meng\u00e3o Sempre<\/strong><\/p>\n\n\n\n<div class='button-row'>\n\t<a href='http:\/\/republicapazeamor.com.br\/site\/arthur-muhlenberg\/' class='button small-button \n\t\t\t \n\t\t\trounded-corners \n\t\t\torange-button text-uppercase' style=\"color: #ffffff; background-color: #000000; box-shadow: 0 0 0 3px #991b1b inset;\">\n\t\t\t\tSobre Arthur Muhlenberg\t<\/a>\n<\/div>\n<!-- AddThis Advanced Settings generic via filter on the_content --><!-- AddThis Share Buttons generic via filter on the_content -->","protected":false},"excerpt":{"rendered":"<p>Hoje s\u00f3 falta uma semana pro grande jogo de 2021. A grande final da Libertadores, cujos 90 minutos finais no gramado do Centen\u00e1rio ser\u00e3o apenas o grande complemento de uma campanha que come\u00e7ou em Buenos Aires com um improv\u00e1vel 3&#215;2 no Velez Sarsfield e vem sendo jogada diariamente pela torcida desde abril. . Foram sete &#8230; <a class=\"read-more-link\" href=\"http:\/\/republicapazeamor.com.br\/site\/dia-da-inconsciencia-rubro-negra-2\/\">Read More <i class=\"ico-946\"><\/i><\/a><\/p>\n","protected":false},"author":6,"featured_media":10364,"comment_status":"open","ping_status":"open","sticky":false,"template":"","format":"standard","meta":[],"categories":[119,115],"tags":[],"_links":{"self":[{"href":"http:\/\/republicapazeamor.com.br\/site\/wp-json\/wp\/v2\/posts\/10322"}],"collection":[{"href":"http:\/\/republicapazeamor.com.br\/site\/wp-json\/wp\/v2\/posts"}],"about":[{"href":"http:\/\/republicapazeamor.com.br\/site\/wp-json\/wp\/v2\/types\/post"}],"author":[{"embeddable":true,"href":"http:\/\/republicapazeamor.com.br\/site\/wp-json\/wp\/v2\/users\/6"}],"replies":[{"embeddable":true,"href":"http:\/\/republicapazeamor.com.br\/site\/wp-json\/wp\/v2\/comments?post=10322"}],"version-history":[{"count":9,"href":"http:\/\/republicapazeamor.com.br\/site\/wp-json\/wp\/v2\/posts\/10322\/revisions"}],"predecessor-version":[{"id":10396,"href":"http:\/\/republicapazeamor.com.br\/site\/wp-json\/wp\/v2\/posts\/10322\/revisions\/10396"}],"wp:featuredmedia":[{"embeddable":true,"href":"http:\/\/republicapazeamor.com.br\/site\/wp-json\/wp\/v2\/media\/10364"}],"wp:attachment":[{"href":"http:\/\/republicapazeamor.com.br\/site\/wp-json\/wp\/v2\/media?parent=10322"}],"wp:term":[{"taxonomy":"category","embeddable":true,"href":"http:\/\/republicapazeamor.com.br\/site\/wp-json\/wp\/v2\/categories?post=10322"},{"taxonomy":"post_tag","embeddable":true,"href":"http:\/\/republicapazeamor.com.br\/site\/wp-json\/wp\/v2\/tags?post=10322"}],"curies":[{"name":"wp","href":"https:\/\/api.w.org\/{rel}","templated":true}]}}