{"id":10303,"date":"2021-11-17T07:58:55","date_gmt":"2021-11-17T07:58:55","guid":{"rendered":"http:\/\/republicapazeamor.com.br\/site\/?p=10303"},"modified":"2021-11-18T12:46:06","modified_gmt":"2021-11-18T12:46:06","slug":"precisamos-falar-sobre-27-de-novembro","status":"publish","type":"post","link":"http:\/\/republicapazeamor.com.br\/site\/precisamos-falar-sobre-27-de-novembro\/","title":{"rendered":"Precisamos falar sobre 27 de novembro"},"content":{"rendered":"\n<p class=\"has-drop-cap\">Todo mundo sabe que faltam dez dias para a final da Libertadores. Porque desde 29 de setembro, quando o Flamengo garantiu a sua classifica\u00e7\u00e3o vencendo o Barceloninha em Guayaquil, que a Na\u00e7\u00e3o rubro-negra substituiu o simbolismo do Natal, do Ano Novo e do Carnaval, e as suas respectivas centralidades enquanto marcos temporais, pelo 27 de novembro.<\/p>\n\n\n\n<p>.<\/p>\n\n\n\n<p>Quando C\u00e9sar, o J\u00falio, n\u00e3o o terceiro goleiro, com a consultoria do s\u00e1bio Sos\u00edgenes de Alexandria, abandonou o conceito de anos lunares e instituiu o calend\u00e1rio juliano em 46 a.C., os romanos, e depois a maioria dos povos ocidentais, passaram a usar como refer\u00eancia para os seus calend\u00e1rios o tempo decorrido pelo Sol para completar um ciclo de esta\u00e7\u00f5es (primavera, ver\u00e3o, outono e inverno). Um grande avan\u00e7o para a humanidade. Mas se n\u00e3o fosse a reforma do calend\u00e1rio juliano promovida pelo Papa Greg\u00f3rio XIII no s\u00e9culo XVI, que corrigiu uma falha de c\u00e1lculo gerada pelas imprecis\u00f5es das medi\u00e7\u00f5es astron\u00f4micas da antiguidade, essa final poderia ter rolado 10 dias antes. <\/p>\n\n\n\n<p>.<\/p>\n\n\n\n<p>Mesmo antes da classifica\u00e7\u00e3o do Flamengo para a sua terceira final de Libertadores o dia 27 de novembro j\u00e1 possu\u00eda relev\u00e2ncia para a hist\u00f3ria. Em 1807, foi no 27 de novembro que a fam\u00edlia real portuguesa, amea\u00e7ada pelas tropas napole\u00f4nicas, deu fuga pro Brasil e iniciou a saga do Imp\u00e9rio tropicalista, da Biblioteca Nacional Brasileira e daquele chiadinho gostoso do falar carioca.<\/p>\n\n\n\n<p>.<\/p>\n\n\n\n<p>Os cat\u00f3licos, em especial os devotos marianos, comemoram em 27 de novembro o Dia de Nossa Senhora das Gra\u00e7as, uma invoca\u00e7\u00e3o da Virgem Maria relacionada \u00e0s suas apari\u00e7\u00f5es \u00e0 Santa Catarina Labour\u00e9, que na \u00e9poca jogava nas divis\u00f5es de base, como novi\u00e7a da Congrega\u00e7\u00e3o das Filhas de Caridade de S\u00e3o Vicente de Paulo em Paris.<\/p>\n\n\n\n<p>.<\/p>\n\n\n\n<p>Foram essas apari\u00e7\u00f5es que iniciaram o culto da <em>Nossa Senhora das Gra\u00e7as da Medalha Milagrosa<\/em>, que \u00e9 uma confirma\u00e7\u00e3o de um bom dogma, considerando-se que campe\u00f5es e vices da Libertadores 2021 ganhar\u00e3o suas medalhas. Talvez seja um bom dogma, mas n\u00e3o se sabe se \u00e9 um bom aug\u00fario. O vice da Libertadores n\u00e3o deveria ganhar \u00e9 nada al\u00e9m das merecidas vaias. Como se sabe, final de Copa n\u00e3o \u00e9 pra se jogar, \u00e9 pra se ganhar.<\/p>\n\n\n\n<p>.<\/p>\n\n\n\n<p>Tricent\u00e9simo trig\u00e9simo primeiro dia do ano, 27 de novembro foi tamb\u00e9m o dia em que rolou a pitoresca Intentona Comunista no Brasil de 1935. Uma tentativa malsucedida de alguns tenentes liderados pelo m\u00edtico Cavaleiro da Esperan\u00e7a, Luiz Carlos Prestes, com o apoio da Alian\u00e7a Nacional Libertadora e da III Internacional Comunista, para apear do poder o suposto ditador Get\u00falio Vargas.<\/p>\n\n\n\n<p>.<\/p>\n\n\n\n<p>A motiva\u00e7\u00e3o pro golpe podia at\u00e9 ser boa, que ningu\u00e9m merece governo autorit\u00e1rio e ladr\u00e3o, mas o preju foi enorme. Os comunistas foram colocados na ilegalidade e Get\u00falio ficou mais 10 anos no poder, o mesmo tempo que Luiz Carlos Prestes tirou de cadeia. O Komintern vacilou muito acreditando nos relat\u00f3rios sobre a situa\u00e7\u00e3o pol\u00edtica nacional enviados por entusiasmados comunistas baianos.<\/p>\n\n\n\n<p>.<\/p>\n\n\n\n<p>Foi tamb\u00e9m no dia 27 de novembro que nos despedimos do dramaturgo Eugene O\u2019Neill, de Apar\u00edcio Fernando de Brinkehorff Torelli, o Bar\u00e3o de Itarar\u00e9, da Enciclop\u00e9dia Nilton Santos e do Capit\u00e3o Cl\u00e1udio Coutinho, figura seminal na constru\u00e7\u00e3o do m\u00edtico Flamengo Campe\u00e3o do Mundo que em dezembro de 81 botou os ingleses na roda.<\/p>\n\n\n\n<p>.<\/p>\n\n\n\n<p>Mas o 27 de novembro n\u00e3o \u00e9 s\u00f3 tristeza. Foi o dia do nascimento de Bruce Lee, Jimi Hendrix, Roberto Leal e Vera Fischer, ali\u00e1s, deixo aqui os parab\u00e9ns adiantados para essa musa. Foi tamb\u00e9m em um lindo 27 de novembro que o Flamengo conquistou o tricampeonato da Copa do Brasil num Maracan\u00e3 lotado de gente bem vestida que vibrou quando o capit\u00e3o Leo Moura levantou o trof\u00e9uz\u00e3o acima da cabe\u00e7a.<\/p>\n\n\n\n<p>.<\/p>\n\n\n\n<p>Enquanto o esperado 27 de novembro n\u00e3o chega o Flamengo vai fazendo o que pode pra se manter vivo tamb\u00e9m no Brasileiro. A matem\u00e1tica n\u00e3o larga nosso p\u00e9 e o Flamengo segue \u00e0 uma dist\u00e2ncia segura do l\u00edder provis\u00f3rio, talvez segura demais. O que \u00e9 indiscut\u00edvel \u00e9 que nos \u00faltimos jogos o Flamengo deu alguns sinais de renascimento, que aumentou ainda mais a proverbial humildade reversa do povo bem vestido. A moral t\u00e1 l\u00e1 no alto.<\/p>\n\n\n\n<p>.<\/p>\n\n\n\n<p>A vit\u00f3ria protocolar sobre o Bahia, que provocou um choror\u00f4 despropositado e insano da turma da Itinga, e o chocolate aplicado nos tr\u00e2nsfugas do S\u00e3o Paulo, serviram para alertar ao mundo que o Flamengo n\u00e3o t\u00e1 de bobeira no Brasileiro e que se vagabundo der mole n\u00f3is panha. Mas ainda \u00e9 pouco para eclipsar o fasc\u00ednio provocado pela final da Libertadores. Brasileiro \u00e9 feijoada, \u00e0s vezes fica pesado pra digerir. Vamos focar no caviar, que a vida \u00e9 muito curta.<\/p>\n\n\n\n<p>.<\/p>\n\n\n\n<p>Cada torcedor do Flamengo carrega dentro do peito a sua lista de prioridades, mas \u00e9 bastante incomum encontrar algu\u00e9m que n\u00e3o coloque a conquista do TRI da Am\u00e9rica como o Santo Graal de 2021. Brasileiro \u00e9 muito bom, gostamos tanto que j\u00e1 ganhamos oito, todos dentro de campo e comemorados pela torcida no mesmo dia. Mas nada mais justo que a Libertadores, pela sua dificuldade e raridade, seja o grande objeto de desejo das massas mulambas.<\/p>\n\n\n\n<p>.<\/p>\n\n\n\n<p>De hoje at\u00e9 a grande final em Montevideo v\u00e3o ser dez dias de grande ansiedade. E que v\u00e3o demorar muito a passar, todo mundo j\u00e1 est\u00e1 devidamente familiarizado com as deforma\u00e7\u00f5es na malha espa\u00e7o-tempo provocadas pelo Flamengo. Viva a Ci\u00eancia! Por sorte teremos alguns compromissos pelo Brasileiro, como o jogo com o Corinthians hoje \u00e0 noite no Maracan\u00e3, que v\u00e3o dar pra distrair um pouco da inescap\u00e1vel vig\u00edlia do calend\u00e1rio. Nossa cabe\u00e7a j\u00e1 est\u00e1 no Centen\u00e1rio, agora s\u00f3 falta o corpo. &nbsp;&nbsp;<\/p>\n\n\n\n<p>.<\/p>\n\n\n\n<p><strong>Meng\u00e3o Sempre<\/strong><\/p>\n\n\n\n<p>.<\/p>\n\n\n\n<div class='button-row'>\n\t<a href='http:\/\/republicapazeamor.com.br\/site\/arthur-muhlenberg\/' class='button small-button \n\t\t\t \n\t\t\trounded-corners \n\t\t\torange-button text-uppercase' style=\"color: #ffffff; background-color: #000000; box-shadow: 0 0 0 3px #991b1b inset;\">\n\t\t\t\tSobre Arthur Muhlenberg\t<\/a>\n<\/div>\n<!-- AddThis Advanced Settings generic via filter on the_content --><!-- AddThis Share Buttons generic via filter on the_content -->","protected":false},"excerpt":{"rendered":"<p>Todo mundo sabe que faltam dez dias para a final da Libertadores. Porque desde 29 de setembro, quando o Flamengo garantiu a sua classifica\u00e7\u00e3o vencendo o Barceloninha em Guayaquil, que a Na\u00e7\u00e3o rubro-negra substituiu o simbolismo do Natal, do Ano Novo e do Carnaval, e as suas respectivas centralidades enquanto marcos temporais, pelo 27 de &#8230; <a class=\"read-more-link\" href=\"http:\/\/republicapazeamor.com.br\/site\/precisamos-falar-sobre-27-de-novembro\/\">Read More <i class=\"ico-946\"><\/i><\/a><\/p>\n","protected":false},"author":6,"featured_media":10314,"comment_status":"open","ping_status":"open","sticky":false,"template":"","format":"standard","meta":[],"categories":[119,115],"tags":[],"_links":{"self":[{"href":"http:\/\/republicapazeamor.com.br\/site\/wp-json\/wp\/v2\/posts\/10303"}],"collection":[{"href":"http:\/\/republicapazeamor.com.br\/site\/wp-json\/wp\/v2\/posts"}],"about":[{"href":"http:\/\/republicapazeamor.com.br\/site\/wp-json\/wp\/v2\/types\/post"}],"author":[{"embeddable":true,"href":"http:\/\/republicapazeamor.com.br\/site\/wp-json\/wp\/v2\/users\/6"}],"replies":[{"embeddable":true,"href":"http:\/\/republicapazeamor.com.br\/site\/wp-json\/wp\/v2\/comments?post=10303"}],"version-history":[{"count":10,"href":"http:\/\/republicapazeamor.com.br\/site\/wp-json\/wp\/v2\/posts\/10303\/revisions"}],"predecessor-version":[{"id":10321,"href":"http:\/\/republicapazeamor.com.br\/site\/wp-json\/wp\/v2\/posts\/10303\/revisions\/10321"}],"wp:featuredmedia":[{"embeddable":true,"href":"http:\/\/republicapazeamor.com.br\/site\/wp-json\/wp\/v2\/media\/10314"}],"wp:attachment":[{"href":"http:\/\/republicapazeamor.com.br\/site\/wp-json\/wp\/v2\/media?parent=10303"}],"wp:term":[{"taxonomy":"category","embeddable":true,"href":"http:\/\/republicapazeamor.com.br\/site\/wp-json\/wp\/v2\/categories?post=10303"},{"taxonomy":"post_tag","embeddable":true,"href":"http:\/\/republicapazeamor.com.br\/site\/wp-json\/wp\/v2\/tags?post=10303"}],"curies":[{"name":"wp","href":"https:\/\/api.w.org\/{rel}","templated":true}]}}