{"id":10110,"date":"2021-09-06T19:46:09","date_gmt":"2021-09-06T19:46:09","guid":{"rendered":"http:\/\/republicapazeamor.com.br\/site\/?p=10110"},"modified":"2021-09-10T21:06:01","modified_gmt":"2021-09-10T21:06:01","slug":"processar-ou-nao-processar-o-flamengo-eis-a-questao","status":"publish","type":"post","link":"http:\/\/republicapazeamor.com.br\/site\/processar-ou-nao-processar-o-flamengo-eis-a-questao\/","title":{"rendered":"Processar ou n\u00e3o processar o Flamengo, eis a quest\u00e3o!"},"content":{"rendered":"\n<p><\/p>\n\n\n\n<p class=\"has-drop-cap\">\u201cAmo o Flamengo, a Flavia, a Maria Luiza, a Sophia e a Catherine\u201d. Essa \u00e9 a descri\u00e7\u00e3o do meu perfil no Twitter. A maioria de voc\u00eas n\u00e3o me conhece a ponto de saber que a Flavia \u00e9 minha esposa, a Maria Luiza minha filha de 23 anos, Sophia e Catherine minhas filhas g\u00eameas de 10 anos. Vamos combinar, o cabra precisa ter certa valentia para colocar a vida nessa perspectiva: o Flamengo \u00e0 frente de tudo. Mas \u00e9 assim que tem sido. As mulheres da minha vida j\u00e1 entenderam, obrigado a todas, primeiro o Flamengo, depois a vida.<\/p>\n\n\n\n<p>.<\/p>\n\n\n\n<p>Tem horas que tenho alguma inveja daquele torcedor que vive intensamente o Flamengo, pensa e respira futebol o tempo todo, mas o v\u00ednculo dele n\u00e3o vai al\u00e9m de torcer pelo nosso bem. Eu sou diferente. Eu sempre quis ajudar o Flamengo a ser melhor. A ser maior. A ser uma pot\u00eancia. Ent\u00e3o eu me envolvi. Eu me envolvi demais. Eu dedico muito do meu tempo a pensar em coisas boas para o Flamengo, a sonhar com um Flamengo inating\u00edvel em sua grandeza, em nossa grandeza.<\/p>\n\n\n\n<p>.<\/p>\n\n\n\n<p>Eu cresci nas cercanias do Maracan\u00e3. O Flamengo para mim era aquilo, ir ao est\u00e1dio, gritar, chorar (eu choro DEMAIS vendo o Flamengo jogar), \u00e0s vezes sofrer, na maioria das vezes triunfar. Mas a minha vida profissional deu uma guinada pouco antes de eu completar 40 anos: vim morar em Porto Alegre.<\/p>\n\n\n\n<p>.<\/p>\n\n\n\n<p>S\u00f3 ent\u00e3o, vejam s\u00f3, caiu a ficha de algo absolutamente \u00f3bvio: a maioria de n\u00f3s n\u00e3o \u00e9 gente como eu, que via o time jogar com a naturalidade e a frequ\u00eancia de quem vai a uma missa. A maioria dos rubro-negros se esfor\u00e7a para ser Flamengo. Eles est\u00e3o longe. Eles quase nunca v\u00e3o aos est\u00e1dios. O Flamengo est\u00e1 t\u00e3o longe deles quanto o Boca Juniors. Ali\u00e1s, em alguns casos, est\u00e1 at\u00e9 mais longe.<\/p>\n\n\n\n<p>.<\/p>\n\n\n\n<p>Torcedor do Flamengo adora encher a boca para dizer que nossa torcida tem 40 milh\u00f5es de pessoas (42 milh\u00f5es, nos atualizou o IBGE faz poucos dias). Isso me obriga a lembrar algo t\u00e3o banal e ao mesmo tempo t\u00e3o surpreendente: a regi\u00e3o metropolitana do Rio de Janeiro n\u00e3o tem 12 milh\u00f5es de habitantes e nem todos s\u00e3o Flamengo. Grosso modo, para cada rubro-negro carioca da gema, tem uns 6 ou mais que moram longe.<\/p>\n\n\n\n<p>.<\/p>\n\n\n\n<p>Encurtando a hist\u00f3ria, desde que sa\u00ed do Rio comecei a pensar em solu\u00e7\u00f5es para unir esses 2 mundos, o rubro-negro vizinho do time que vive intensamente a experi\u00eancia de torcer e o rubro-negro forasteiro, que mira o clube a dist\u00e2ncia. E penso que o melhor jeito de fazer isso \u00e9 lutar para que o Flamengo abra suas portas de vez para quem est\u00e1 longe. Que os incorpore ao seu quadro social. Que d\u00ea voz e voto a quem se habituou s\u00f3 a olhar.<\/p>\n\n\n\n<p>.<\/p>\n\n\n\n<p>Nunca foi f\u00e1cil lutar por isso. A Na\u00e7\u00e3o Rubro-Negra \u00e9 imensa, mas o CRF nem tanto. Acabei de saber que s\u00e3o cerca de 7 mil pessoas capazes de votar. E para que mais e mais gente possa votar, \u00e9 preciso convencer a esses 7 mil a compartilhar esse, digamos assim, \u201cprivil\u00e9gio\u201d.<\/p>\n\n\n\n<p>.<\/p>\n\n\n\n<p>Sempre achei que o m\u00ednimo que o Flamengo podia fazer era, ao menos, facilitar a vida desses 7 mil. Fazer de tudo para que eles pudessem exercer seu direito de escolha sem embara\u00e7os. Se modernizar, se abrir, se adequar aos novos tempos, ao inv\u00e9s de se agarrar a regras do s\u00e9culo passado. Nesses meus 12 anos de associado do clube, n\u00e3o foram poucas as vezes e n\u00e3o foram poucas as pessoas que lutaram com muita energia para tentar implantar algo absolutamente trivial: o voto a dist\u00e2ncia! Infelizmente, sempre demos com a cara na porta.<\/p>\n\n\n\n<p>.<\/p>\n\n\n\n<p>At\u00e9 que ano passado tudo mudou. Sem muito alarde, o Congresso Nacional aprovou e o presidente sancionou uma mudan\u00e7a na Lei Pel\u00e9 obrigando a vota\u00e7\u00e3o a dist\u00e2ncia nos clubes de futebol. Vibramos. Chegou a nossa vez. Mas o Flamengo, estranhamente, ficou em sil\u00eancio.<\/p>\n\n\n\n<p>.<\/p>\n\n\n\n<p>Como nada acontecia, eu e mais 178 associados escrevemos uma carta em novembro para o presidente do nosso Conselho Deliberativo perguntando o que seria feito. Ele nos respondeu que uma emenda nesse sentido j\u00e1 estava em an\u00e1lise na comiss\u00e3o de reforma do estatuto. \u00d3timo. Mas nunca mais ouvimos falar dessa emenda.<\/p>\n\n\n\n<p>.<\/p>\n\n\n\n<p>Ent\u00e3o aconteceu uma coisa curiosa. No Vasco, outrora nosso grande rival, teve uma elei\u00e7\u00e3o para l\u00e1 de conturbada, cujo problema central, n\u00e3o sei se voc\u00eas sabem, \u00e9 exatamente o mesmo que o Flamengo enfrenta agora: um candidato, Leven Siano, dizia que como o estatuto do Vasco n\u00e3o previa elei\u00e7\u00f5es a dist\u00e2ncia os s\u00f3cios tinham que ir at\u00e9 S\u00e3o Janu\u00e1rio; outros candidatos, o Jorge Salgado entre eles, diziam o contr\u00e1rio, que como a Lei Pel\u00e9 tinha mudado, a elei\u00e7\u00e3o devia garantir o voto a dist\u00e2ncia. Acabou que o Vasco teve duas elei\u00e7\u00f5es e o Judici\u00e1rio teve que dizer qual delas valeu.<\/p>\n\n\n\n<p>.<\/p>\n\n\n\n<p>A decis\u00e3o desse caso foi simplesmente perfeita para n\u00f3s, defensores do voto a dist\u00e2ncia: o TJ\/RJ disse com todas as letras que, independente do estatuto, se a lei manda que a elei\u00e7\u00e3o seja n\u00e3o presencial, que se cumpra a lei.<\/p>\n\n\n\n<p>.<\/p>\n\n\n\n<p>A decis\u00e3o saiu e escrevemos a segunda carta, dessa vez assinada s\u00f3 por mim e pela querida Claudia Simas, minha grande companheira nessa jornada. Pedimos aos presidentes do Conselho de Administra\u00e7\u00e3o e da Assembleia Geral que iniciassem os procedimentos para escolher o formato da elei\u00e7\u00e3o n\u00e3o presencial. Isso foi em dezembro. At\u00e9 hoje n\u00e3o responderam essa carta.<\/p>\n\n\n\n<p>.<\/p>\n\n\n\n<p>Em mar\u00e7o resolvi escrever a terceira carta. Dessa vez tive o apoio do meu amigo Marco Aur\u00e9lio Assef. Como o Flamengo n\u00e3o dizia absolutamente nada sobre o tema, desconfiamos que o clube pudesse ter d\u00favidas legais sobre o assunto. Bom, eu sou advogado, o Marco Aur\u00e9lio Assef tamb\u00e9m \u00e9, mas n\u00e3o somos donos da verdade. Se o problema era jur\u00eddico, sugerimos que o clube pedisse pareceres a um painel de especialistas, at\u00e9 sugerimos o nome de um grande professor de Direito Civil, rubro-negro. Mandamos a carta para todos os presidentes de poderes do clube (s\u00e3o 6). Nenhum respondeu.<\/p>\n\n\n\n<p>.<\/p>\n\n\n\n<p>A afli\u00e7\u00e3o ia aumentando, mas nada podia ser feito al\u00e9m de esperar. Sempre que perguntado sobre o tema respondia o \u00f3bvio: o Flamengo \u00e9 um clube cidad\u00e3o, logo, n\u00e3o havia hip\u00f3tese de o clube descumprir a lei. Sim, eu acreditava nisso.<\/p>\n\n\n\n<p>.<\/p>\n\n\n\n<p>Nos ritos eleitorais do clube agosto \u00e9 um m\u00eas muito importante. O Conselho de Administra\u00e7\u00e3o, que \u00e9 uma esp\u00e9cie de \u201cTSE\u201d do Flamengo, convoca uma reuni\u00e3o e aprova algumas regras das elei\u00e7\u00f5es. Eu passei meses alimentando a esperan\u00e7a de que essa reuni\u00e3o trataria da elei\u00e7\u00e3o n\u00e3o presencial. Veio a convoca\u00e7\u00e3o e nem uma linha sobre o assunto. Acendi a luz amarela. Rapidamente liguei para os outros dois pr\u00e9-candidatos de oposi\u00e7\u00e3o, Assef e Hinrichsen, combinamos de escrever um apelo final ao presidente do CoAd, para que ele nos respondesse em tempo do assunto de ser tratado na reuni\u00e3o fatal.<\/p>\n\n\n\n<p>.<\/p>\n\n\n\n<p>Ele s\u00f3 nos respondeu depois da reuni\u00e3o. E disse, de um jeito um tanto cifrado, que as elei\u00e7\u00f5es s\u00f3 ser\u00e3o marcadas 20 dias antes da sua data. Que n\u00f3s esper\u00e1ssemos at\u00e9 l\u00e1 para saber a resposta. N\u00e3o precisa ser um expert para saber que em 20 dias n\u00e3o se faz uma elei\u00e7\u00e3o online. Ficou claro que ou bem se fazia alguma coisa, ou n\u00e3o haveria elei\u00e7\u00e3o n\u00e3o presencial esse ano.<\/p>\n\n\n\n<p>.<\/p>\n\n\n\n<p>Foi a\u00ed que nasceu meu drama: processar ou n\u00e3o processar o Flamengo? Por um lado, processar \u00e9 um caminho natural. Caramba, a lei que garante cada associado de poder votar a dist\u00e2ncia est\u00e1 sendo ignorada bem na nossa frente e n\u00e3o h\u00e1 rigorosamente mais nada que possa ser feito para reverter isso dentro do clube. Agora, para qualquer associado poder exercer seu direito de voto a dist\u00e2ncia, s\u00f3 com ordem judicial.<\/p>\n\n\n\n<p>.<\/p>\n\n\n\n<p>Mas processar o Flamengo \u00e9 algo que me causa uma dor imensa. \u00c9 como se eu estivesse processando uma das minhas filhas. Ou a minha m\u00e3e. Sei de v\u00e1rios atores na pol\u00edtica do clube que passam longe desse dilema moral, processaram o clube para n\u00e3o pagar mensalidades, penhoraram as ent\u00e3o combalidas contas do clube para garantir a execu\u00e7\u00e3o das senten\u00e7as de seus clientes, buscaram escapar de san\u00e7\u00f5es que lhes foram impostas por seus malfeitos. Est\u00e3o todos l\u00e1, isentos de cr\u00edticas, ocupando fun\u00e7\u00f5es importantes, desfrutando de suas honrarias. N\u00e3o julgo ningu\u00e9m. Cada um faz o que acha melhor.<\/p>\n\n\n\n<p>.<\/p>\n\n\n\n<p>Eu processei o Flamengo para poder votar a dist\u00e2ncia. S\u00f3 isso. Estrategistas pol\u00edticos garantem que em uma elei\u00e7\u00e3o massiva, a dist\u00e2ncia, minhas chances seriam menores. Eu sou um ilustre desconhecido, meu advers\u00e1rio, o presidente Landim, \u00e9 um sujeito multicampe\u00e3o, est\u00e1 em todos os jornais, emissoras de r\u00e1dio e TV. A vota\u00e7\u00e3o online talvez d\u00ea a ele a maior vota\u00e7\u00e3o da hist\u00f3ria do Flamengo, em termos absolutos e proporcionais. Mas eu n\u00e3o estou preocupado com minhas chances eleitorais. Estou pensando em realmente aumentar a conex\u00e3o do Flamengo com seus torcedores de todas as partes, para que mais gente se sinta estimulada a se associar, a ajudar a construir um destino ainda maior. Por isso, processei.<\/p>\n\n\n\n<p>.<\/p>\n\n\n\n<p>S\u00f3 que, quem, como fiz, busca uma liminar, uma tutela de urg\u00eancia, em geral o faz se valendo de um elemento surpresa. Pede \u00e0 justi\u00e7a que a decis\u00e3o saia antes mesmo do outro lado poder se defender. Faz em sil\u00eancio, para diminuir o tempo de rea\u00e7\u00e3o da outra parte. N\u00e3o h\u00e1 nada de errado nisso, que fique bem claro \u2013 eu mesmo j\u00e1 cansei de fazer isso em tantos processos que atuei como advogado.<\/p>\n\n\n\n<p>.<\/p>\n\n\n\n<p>Mas nesse caso espec\u00edfico eu resolvi fazer diferente. N\u00e3o quero que o meu pedido seja uma surpresa \u2013 tanto assim que \u00e9 poss\u00edvel que esse texto esteja sendo lido muito antes do Flamengo ser comunicado do processo. Pelo contr\u00e1rio, eu quero que antes de mais nada o Flamengo d\u00ea a sua vers\u00e3o do fato. Explique o porqu\u00ea de tanto resistir em implantar o voto a dist\u00e2ncia. \u00c9 isso que venho perguntando h\u00e1 quase 10 meses: o que pensa o Flamengo sobre o assunto?<\/p>\n\n\n\n<p>.<\/p>\n\n\n\n<p>E mesmo depois que o Flamengo se explicar eu ainda n\u00e3o quero que a justi\u00e7a decida a meu favor. Antes, eu quero que haja uma audi\u00eancia de media\u00e7\u00e3o. Onde seja poss\u00edvel encontrar uma solu\u00e7\u00e3o consensual para acomodar os leg\u00edtimos interesses dos milhares de associados que querem votar a dist\u00e2ncia e as dores que eventualmente o clube possa ter para implantar o sistema de votos. Por que eu quero isso? Porque eu simplesmente acredito que o Flamengo vai se adequar, vai implantar o voto a dist\u00e2ncia, o Flamengo tem l\u00e1 suas particularidades, mas no final o Flamengo sempre se acerta.<\/p>\n\n\n\n<p>.<\/p>\n\n\n\n<p>Processar ou n\u00e3o processar o Flamengo, como se v\u00ea, n\u00e3o \u00e9 uma decis\u00e3o f\u00e1cil. Por\u00e9m aprendi que mais dif\u00edcil ainda \u00e9 ficar im\u00f3vel quando h\u00e1 tanto a se fazer e a se conquistar. Volta e meia algu\u00e9m ca\u00e7oa de mim e de minhas chances eleitorais. N\u00e3o sei realmente o tamanho delas. Mas de uma coisa eu sei: as chances de garantir, para sempre, o direito dos s\u00f3cios do Flamengo de votarem a dist\u00e2ncia s\u00e3o muito grandes. E eu n\u00e3o vou desistir disso, por mais desgaste que tenha que suportar. <em>Quem sabe faz a hora, n\u00e3o espera acontecer<\/em>&#8230;<\/p>\n\n\n\n<p>.<\/p>\n\n\n\n<p><strong>Walter Monteiro<\/strong><\/p>\n\n\n\n<p>.<\/p>\n\n\n\n<div class='button-row'>\n\t<a href='http:\/\/republicapazeamor.com.br\/site\/ladrilheiros\/' class='button small-button \n\t\t\t \n\t\t\trounded-corners \n\t\t\torange-button text-uppercase' style=\"color: #ffffff; background-color: #000000; box-shadow: 0 0 0 3px #991b1b inset;\">\n\t\t\t\tSobre Ladrilheiros\t<\/a>\n<\/div>\n<!-- AddThis Advanced Settings generic via filter on the_content --><!-- AddThis Share Buttons generic via filter on the_content -->","protected":false},"excerpt":{"rendered":"<p>\u201cAmo o Flamengo, a Flavia, a Maria Luiza, a Sophia e a Catherine\u201d. Essa \u00e9 a descri\u00e7\u00e3o do meu perfil no Twitter. A maioria de voc\u00eas n\u00e3o me conhece a ponto de saber que a Flavia \u00e9 minha esposa, a Maria Luiza minha filha de 23 anos, Sophia e Catherine minhas filhas g\u00eameas de 10 &#8230; <a class=\"read-more-link\" href=\"http:\/\/republicapazeamor.com.br\/site\/processar-ou-nao-processar-o-flamengo-eis-a-questao\/\">Read More <i class=\"ico-946\"><\/i><\/a><\/p>\n","protected":false},"author":10,"featured_media":10113,"comment_status":"open","ping_status":"open","sticky":false,"template":"","format":"standard","meta":[],"categories":[30],"tags":[],"_links":{"self":[{"href":"http:\/\/republicapazeamor.com.br\/site\/wp-json\/wp\/v2\/posts\/10110"}],"collection":[{"href":"http:\/\/republicapazeamor.com.br\/site\/wp-json\/wp\/v2\/posts"}],"about":[{"href":"http:\/\/republicapazeamor.com.br\/site\/wp-json\/wp\/v2\/types\/post"}],"author":[{"embeddable":true,"href":"http:\/\/republicapazeamor.com.br\/site\/wp-json\/wp\/v2\/users\/10"}],"replies":[{"embeddable":true,"href":"http:\/\/republicapazeamor.com.br\/site\/wp-json\/wp\/v2\/comments?post=10110"}],"version-history":[{"count":3,"href":"http:\/\/republicapazeamor.com.br\/site\/wp-json\/wp\/v2\/posts\/10110\/revisions"}],"predecessor-version":[{"id":10114,"href":"http:\/\/republicapazeamor.com.br\/site\/wp-json\/wp\/v2\/posts\/10110\/revisions\/10114"}],"wp:featuredmedia":[{"embeddable":true,"href":"http:\/\/republicapazeamor.com.br\/site\/wp-json\/wp\/v2\/media\/10113"}],"wp:attachment":[{"href":"http:\/\/republicapazeamor.com.br\/site\/wp-json\/wp\/v2\/media?parent=10110"}],"wp:term":[{"taxonomy":"category","embeddable":true,"href":"http:\/\/republicapazeamor.com.br\/site\/wp-json\/wp\/v2\/categories?post=10110"},{"taxonomy":"post_tag","embeddable":true,"href":"http:\/\/republicapazeamor.com.br\/site\/wp-json\/wp\/v2\/tags?post=10110"}],"curies":[{"name":"wp","href":"https:\/\/api.w.org\/{rel}","templated":true}]}}